{"id":6388,"date":"2009-06-22T14:19:10","date_gmt":"2009-06-22T13:19:10","guid":{"rendered":"http:\/\/www.filindeblogg.nu\/?p=6388"},"modified":"2009-06-22T14:19:10","modified_gmt":"2009-06-22T13:19:10","slug":"vilka-barn-har-inte-behov-av-sarskilt-stod","status":"publish","type":"post","link":"http:\/\/www.filindeblogg.nu\/?p=6388","title":{"rendered":"Vilka barn har inte behov av s\u00e4rskilt st\u00f6d??"},"content":{"rendered":"<p><strong>Finns det barn som inte har behov av st\u00f6d? <\/strong>Varf\u00f6r ska &#8221;s\u00e4rskilt st\u00f6d&#8221; omedebart kopplas till diagnoser och &#8221;st\u00f6kiga elever&#8221;. Har inte alla skolelever r\u00e4tt till det st\u00f6d de beh\u00f6ver &#8211; om inte, var g\u00e5r gr\u00e4nsen?<\/p>\n<p><strong>Skolan m\u00e5ste vara en av Sveriges farligast arbetsplatser!<\/strong> Man tas in som 7-\u00e5ring &#8211; skolplikt enligt lag! &#8211; och kommer ut som ett vrak vid 16. L\u00e4tt \u00f6verdrift men det ligger n\u00e5got i det.<\/p>\n<p><strong>Tack DN<\/strong> f\u00f6r att ni skriver reportageserien <em>&#8221;Barn som far illa i skolan&#8221;!<\/em> Klicka <a href=\"http:\/\/www.dn.se\/sthlm\/livets-harda-skola-1.895331\"><strong>H\u00c4R <\/strong><\/a>f\u00f6r att komma till<em> &#8221;Den h\u00e5rda skolan&#8221;<\/em>!<\/p>\n<p>L\u00e4s \u00e4ven p\u00e5 <strong>Windmills <\/strong>hemsida &#8211; artikeln <em>&#8221;Skolan en r\u00e4ttsfri zon&#8221;<\/em>. Klicka <a href=\"http:\/\/www.newsmill.se\/artikel\/2009\/06\/04\/skolan-en-rattsfri-zon\"><strong>H\u00c4R<\/strong><\/a> f\u00f6r att komma till Windmill!<\/p>\n<p>Mer i \u00e4mnet kommer! Garanterat!! <img loading=\"lazy\" class=\"alignnone size-full wp-image-6389\" title=\"Arg tiger\" src=\"http:\/\/www.filindeblogg.nu\/wp-content\/uploads\/2009\/06\/Arg-tiger1.jpeg\" alt=\"Arg tiger\" width=\"60\" height=\"74\" \/><\/p>\n","protected":false},"excerpt":{"rendered":"<p>Finns det barn som inte har behov av st\u00f6d? Varf\u00f6r ska &#8221;s\u00e4rskilt st\u00f6d&#8221; omedebart kopplas till diagnoser och &#8221;st\u00f6kiga elever&#8221;. Har inte alla skolelever r\u00e4tt till det st\u00f6d de beh\u00f6ver &#8211; om inte, var g\u00e5r gr\u00e4nsen? Skolan m\u00e5ste vara en av Sveriges farligast arbetsplatser! Man tas in som 7-\u00e5ring &#8211; skolplikt enligt lag! &#8211; och [&hellip;]<\/p>\n","protected":false},"author":1,"featured_media":0,"comment_status":"open","ping_status":"open","sticky":false,"template":"","format":"standard","meta":[],"categories":[107,100,101],"tags":[],"_links":{"self":[{"href":"http:\/\/www.filindeblogg.nu\/index.php?rest_route=\/wp\/v2\/posts\/6388"}],"collection":[{"href":"http:\/\/www.filindeblogg.nu\/index.php?rest_route=\/wp\/v2\/posts"}],"about":[{"href":"http:\/\/www.filindeblogg.nu\/index.php?rest_route=\/wp\/v2\/types\/post"}],"author":[{"embeddable":true,"href":"http:\/\/www.filindeblogg.nu\/index.php?rest_route=\/wp\/v2\/users\/1"}],"replies":[{"embeddable":true,"href":"http:\/\/www.filindeblogg.nu\/index.php?rest_route=%2Fwp%2Fv2%2Fcomments&post=6388"}],"version-history":[{"count":1,"href":"http:\/\/www.filindeblogg.nu\/index.php?rest_route=\/wp\/v2\/posts\/6388\/revisions"}],"predecessor-version":[{"id":6390,"href":"http:\/\/www.filindeblogg.nu\/index.php?rest_route=\/wp\/v2\/posts\/6388\/revisions\/6390"}],"wp:attachment":[{"href":"http:\/\/www.filindeblogg.nu\/index.php?rest_route=%2Fwp%2Fv2%2Fmedia&parent=6388"}],"wp:term":[{"taxonomy":"category","embeddable":true,"href":"http:\/\/www.filindeblogg.nu\/index.php?rest_route=%2Fwp%2Fv2%2Fcategories&post=6388"},{"taxonomy":"post_tag","embeddable":true,"href":"http:\/\/www.filindeblogg.nu\/index.php?rest_route=%2Fwp%2Fv2%2Ftags&post=6388"}],"curies":[{"name":"wp","href":"https:\/\/api.w.org\/{rel}","templated":true}]}}