{"id":637,"date":"2007-12-08T14:50:11","date_gmt":"2007-12-08T13:50:11","guid":{"rendered":"http:\/\/www.filindeblogg.nu\/?p=637"},"modified":"2009-06-05T04:38:20","modified_gmt":"2009-06-05T03:38:20","slug":"har-kommer-artikeln-ur-nerikes-allehanda-lordagen-den-8-december-2007","status":"publish","type":"post","link":"http:\/\/www.filindeblogg.nu\/?p=637","title":{"rendered":"H\u00c4R KOMMER ARTIKELN ur Nerikes Allehanda l\u00f6rdagen den 8 december 2007!"},"content":{"rendered":"<p><span style=\"font-family: ConcordeNA; color: #000000; font-size: x-small;\">Vi har anm\u00e4lt Arken  7 \u2013 9, specialenhet f\u00f6r elever med en diagnos inom autismspektrat p\u00e5  Adolfsbergsskolan i \u00d6rebro till Skolverket. N\u00e4r vi l\u00e4ser rektors kommentarer  till v\u00e5r kritik i Nerikes Allehanda blir vi best\u00f6rta.<\/span><\/p>\n<p align=\"justify\"><span style=\"font-family: ConcordeNA; color: #000000; font-size: x-small;\">Rektor Kerstin  W\u00e5ngrell-Svensson erk\u00e4nner brister i pedagogiken, att resurserna inte r\u00e4cker och  att personalen beh\u00f6ver handledning, s\u00e4ger sig vara sj\u00e4lvkritisk \u2013 men det r\u00e4cker  inte! <\/span><\/p>\n<p align=\"justify\"><span style=\"font-family: ConcordeNA; color: #000000; font-size: x-small;\">F\u00f6r en specialskola  avsedd f\u00f6r elever med diagnos inom autismspektrat \u00e4r bristande pedagogik,  otillr\u00e4ckliga resurser och okunnig personal frapperande! Pedagogiken \u00e4r A och O  liksom kunnig och erfaren personal samt betryggande resurser!<\/span><\/p>\n<p align=\"justify\"><span style=\"font-family: ConcordeNA; color: #000000; font-size: x-small;\">Vi har \u00e4ven framf\u00f6rt  kritik mot f\u00f6rekommande mobbing \u2013 s\u00e5v\u00e4l elever emellan, som l\u00e4rare gentemot  elever. Tidningen skriver att en av oss tidigare gjort en anm\u00e4lan till  Skolverket och att skolan d\u00e5 ej f\u00e5tt kritik.<\/span><\/p>\n<p align=\"justify\"><span style=\"font-family: ConcordeNA; color: #000000; font-size: x-small;\">Detta \u00e4r inte helt  med sanningen \u00f6verensst\u00e4mmande. Anm\u00e4lan gjordes v\u00e5ren 2005 och under samma tid  genomf\u00f6rde Skolverket en utbildningsinspektion i \u00d6rebro kommun. Arken 7-9 vid  Adolfsbergsskolan fick d\u00e5 bed\u00f6mningen att specialenheten \u00f6vergripande var  godtagbar. Dock framf\u00f6rdes bland annat f\u00f6ljande behov av f\u00f6rb\u00e4ttringar fr\u00e5n  Skolverket: \u201d&#8230; utveckla skolans handlingsprogram till att omfatta alla former  av kr\u00e4nkande behandling och kr\u00e4nkningar som kan ske mellan vuxen och  elev\u201d.<\/span><\/p>\n<p align=\"justify\"><span style=\"font-family: ConcordeNA; color: #000000; font-size: x-small;\">Rektor Kerstin  W\u00e5ngrell-Svensson anser att vi f\u00f6r\u00e4ldrar har \u201dextremt stora f\u00f6rv\u00e4ntningar p\u00e5  skolan\u201d och d\u00e4rf\u00f6r kommer med kritik. Inget kan vara mer fel. Vi f\u00f6r\u00e4ldrar till  barn med autism-Aspergers syndrom har n\u00e4stan inga f\u00f6rv\u00e4ntningar alls l\u00e4ngre. V\u00e5r  enda \u00f6nskan \u00e4r att v\u00e5ra barn ska f\u00e5 skolundervisning! F\u00e5 r\u00e4tt st\u00f6d och hj\u00e4lp med  h\u00e4nsyn till funktionshindret. <\/span><\/p>\n<p align=\"justify\"><span style=\"font-family: ConcordeNA; color: #000000; font-size: x-small;\">Kerstin  W\u00e5ngrell-Svensson s\u00e4ger ocks\u00e5: \u201dNaturligtvis ska vi ta h\u00e4nsyn till  funktionshindret, men v\u00e5rt uppdrag \u00e4r att vara skola, inte behandlingshem.\u201d  Detta \u00e4r s\u00e5 kr\u00e4nkande att det n\u00e4stan inte \u00e4r v\u00e4rt att kommentera. V\u00e5ra barn  beh\u00f6ver utbildning, undervisning, f\u00e5 g\u00e5 i en skola! Vi \u00e4r inte ute efter att  placera barnen p\u00e5 behandlingshem!<\/span><\/p>\n<p align=\"justify\"><span style=\"font-family: ConcordeNA; color: #000000; font-size: x-small;\">Rektor s\u00e4ger att  skol\u00e5ren 1 \u2013 6 jobbar mer med omsorgen och har mer f\u00f6r\u00e4ldrakontakt medan i sjuan  till nian ska Arken 7 \u2013 9 st\u00e4rka eleverna i deras sj\u00e4lvst\u00e4ndighet. Vi kan s\u00e4ga  direkt: Ni har inte lyckats \u2013 tv\u00e4rtom! Os\u00e4kerheten har \u00f6kat bland v\u00e5ra barn och  sj\u00e4lvf\u00f6rtroendet g\u00e5tt i botten! Dessutom f\u00f6rekommer inget samarbete mellan  verksamheterna 1 \u2013 6 och 7 \u2013 9, vilket \u00e4r mycket anm\u00e4rkningsv\u00e4rt och n\u00e5got vi  ocks\u00e5 p\u00e5talat i v\u00e5r anm\u00e4lan till Skolverket.<\/span><\/p>\n<p align=\"justify\"><span style=\"font-family: ConcordeNA; color: #000000; font-size: x-small;\">V\u00e5ra erfarenheter av  Arken 7 \u2013 9 str\u00e4cker sig fr\u00e5n \u00e5r 2001 och fram till och med 2007. Samma rektor  har ansvarat under alla dessa \u00e5r och personalstyrkan p\u00e5 Arken 7-9 \u00e4r s\u00e5 gott som  intakt \u00f6ver tidsperioden. <\/span><\/p>\n<p align=\"justify\"><span style=\"font-family: ConcordeNA; color: #000000; font-size: x-small;\">Av en slump fick vi  f\u00f6r\u00e4ldrar kontakt med varandra. Vi k\u00e4nde allts\u00e5 inte varandra sedan tidigare.  N\u00e5gon b\u00f6rjade prata med n\u00e5gon och s\u00e5 pl\u00f6tsligt f\u00f6rstod vi att vi var m\u00e5nga fler  som upplevt samma sak p\u00e5 Arken 7-9. Vi anar ocks\u00e5 att m\u00f6rkertalet \u00e4r stort.  M\u00e5nga f\u00f6r\u00e4ldrar v\u00e5gar inte klaga p\u00e5 skolan. En del kanske inte tror p\u00e5 vad  barnet ber\u00e4ttar och en hel del barn med autism \u2013 Aspergers syndrom har inte  heller f\u00f6rm\u00e5gan att ber\u00e4tta.<\/span><\/p>\n<p align=\"justify\"><span style=\"font-family: ConcordeNA; color: #000000; font-size: x-small;\">I b\u00f6rjan av augusti  i \u00e5r beg\u00e4rde vi ett m\u00f6te med rektor och skolchef och framf\u00f6rde v\u00e5r kritik. Vi  har aldrig f\u00e5tt n\u00e5gon respons efter detta m\u00f6te. Tv\u00e5 m\u00e5nader senare beslutade vi  oss f\u00f6r att gemensamt anm\u00e4la Arken 7 \u2013 9 till Skolverket.<\/span><\/p>\n<p align=\"justify\"><span style=\"font-family: ConcordeNA; color: #000000; font-size: x-small;\">Elever med Aspergers  syndrom \u00e4r normal- till \u00f6verbeg\u00e5vade, men beh\u00f6ver s\u00e4rskilt st\u00f6d av olika slag.  D\u00e4rf\u00f6r upplevde vi alla stor lycka n\u00e4r v\u00e5ra barn blev antagna till Arken 7 \u2013 9  p\u00e5 Adolfsbergsskolan. En specialenhet s\u00e4rskilt anpassad till elever med diagnos  inom autismspektrat \u2013 s\u00e5 lyder informationen om n\u00e4mnda skola. \u00c4ntligen skulle  v\u00e5ra barn bli sedda, f\u00e5 den hj\u00e4lp och st\u00f6d de beh\u00f6vde, s\u00e5 k\u00e4nde vi  alla.<\/span><\/p>\n<p align=\"justify\"><span style=\"font-family: ConcordeNA; color: #000000; font-size: x-small;\">Tiden p\u00e5 Arken blev  i st\u00e4llet ett dr\u00e5pslag f\u00f6r v\u00e5ra barn. Stressig milj\u00f6, kr\u00e4nkningar fr\u00e5n s\u00e5v\u00e4l  andra elever som fr\u00e5n l\u00e4rare, bristande information, bristande kunskap hos  personalen och en ovilja att samarbeta med oss f\u00f6r\u00e4ldrar.<\/span><\/p>\n<p align=\"justify\"><span style=\"font-family: ConcordeNA; color: #000000; font-size: x-small;\">Vi anser att om  \u00d6rebro kommun ska forts\u00e4tta att ha en specialenhet f\u00f6r elever med diagnos inom  autismspektrat att \u201dstoltsera med\u201d \u2013 s\u00e5 m\u00e5ste det ske radikala f\u00f6r\u00e4ndringar p\u00e5  Arken 7 \u2013 9.<\/span><\/p>\n<p align=\"justify\"><span style=\"font-family: ConcordeNA; color: #000000; font-size: x-small;\">Susanne  Linde<\/span><\/p>\n<p align=\"justify\"><span style=\"font-family: ConcordeNA; color: #000000; font-size: x-small;\">Karin  Nord<\/span><\/p>\n<p align=\"justify\"><span style=\"font-family: ConcordeNA; color: #000000; font-size: x-small;\">Anette  Blomgren<\/span><\/p>\n<p align=\"justify\"><span style=\"font-family: ConcordeNA; color: #000000; font-size: x-small;\">Ann-Christine  Holmkvist<\/span><\/p>\n<p><span style=\"font-family: ConcordeNA; color: #000000; font-size: x-small;\">F\u00f6r\u00e4ldrar till barn som tidigare  har g\u00e5tt p\u00e5 Adolfsbergsskolan<\/span><\/p>\n<p><span style=\"font-family: Comic Sans MS; color: #008000; font-size: medium;\">Lars Str\u00f6man<\/span><br \/>\n<em><span style=\"font-family: Century Gothic; color: #008080;\">Ledarskribent och  debattredakt\u00f6r<\/span><\/em><\/p>\n<p><em><span style=\"font-family: Century Gothic; color: #008080;\">Nerikes Allehanda<\/span><\/em><br \/>\n<em><span style=\"font-family: Century Gothic; color: #008080;\">701 92 \u00d6REBRO<\/span><\/em><br \/>\n<em><span style=\"font-family: Century Gothic; color: #008080;\">tel 019-15 50 29<\/span><\/em><br \/>\n<em><span style=\"font-family: Century Gothic; color: #008080;\">mobil 070-211 83 73<\/span><\/em><\/p>\n","protected":false},"excerpt":{"rendered":"<p>Vi har anm\u00e4lt Arken 7 \u2013 9, specialenhet f\u00f6r elever med en diagnos inom autismspektrat p\u00e5 Adolfsbergsskolan i \u00d6rebro till Skolverket. N\u00e4r vi l\u00e4ser rektors kommentarer till v\u00e5r kritik i Nerikes Allehanda blir vi best\u00f6rta. Rektor Kerstin W\u00e5ngrell-Svensson erk\u00e4nner brister i pedagogiken, att resurserna inte r\u00e4cker och att personalen beh\u00f6ver handledning, s\u00e4ger sig vara sj\u00e4lvkritisk [&hellip;]<\/p>\n","protected":false},"author":1,"featured_media":0,"comment_status":"open","ping_status":"open","sticky":false,"template":"","format":"standard","meta":[],"categories":[1,107,100,101],"tags":[],"_links":{"self":[{"href":"http:\/\/www.filindeblogg.nu\/index.php?rest_route=\/wp\/v2\/posts\/637"}],"collection":[{"href":"http:\/\/www.filindeblogg.nu\/index.php?rest_route=\/wp\/v2\/posts"}],"about":[{"href":"http:\/\/www.filindeblogg.nu\/index.php?rest_route=\/wp\/v2\/types\/post"}],"author":[{"embeddable":true,"href":"http:\/\/www.filindeblogg.nu\/index.php?rest_route=\/wp\/v2\/users\/1"}],"replies":[{"embeddable":true,"href":"http:\/\/www.filindeblogg.nu\/index.php?rest_route=%2Fwp%2Fv2%2Fcomments&post=637"}],"version-history":[{"count":1,"href":"http:\/\/www.filindeblogg.nu\/index.php?rest_route=\/wp\/v2\/posts\/637\/revisions"}],"predecessor-version":[{"id":6085,"href":"http:\/\/www.filindeblogg.nu\/index.php?rest_route=\/wp\/v2\/posts\/637\/revisions\/6085"}],"wp:attachment":[{"href":"http:\/\/www.filindeblogg.nu\/index.php?rest_route=%2Fwp%2Fv2%2Fmedia&parent=637"}],"wp:term":[{"taxonomy":"category","embeddable":true,"href":"http:\/\/www.filindeblogg.nu\/index.php?rest_route=%2Fwp%2Fv2%2Fcategories&post=637"},{"taxonomy":"post_tag","embeddable":true,"href":"http:\/\/www.filindeblogg.nu\/index.php?rest_route=%2Fwp%2Fv2%2Ftags&post=637"}],"curies":[{"name":"wp","href":"https:\/\/api.w.org\/{rel}","templated":true}]}}