{"id":63665,"date":"2015-06-13T06:54:57","date_gmt":"2015-06-13T05:54:57","guid":{"rendered":"http:\/\/www.filindeblogg.nu\/?p=63665"},"modified":"2015-06-13T06:54:57","modified_gmt":"2015-06-13T05:54:57","slug":"lisa-holm-inte-en-gang-till","status":"publish","type":"post","link":"http:\/\/www.filindeblogg.nu\/?p=63665","title":{"rendered":"Lisa Holm &#8211; inte en g\u00e5ng till!!"},"content":{"rendered":"<p><img loading=\"lazy\" class=\"alignnone size-medium wp-image-63666\" src=\"http:\/\/www.filindeblogg.nu\/wp-content\/uploads\/2015\/06\/Lisa-Holm-Kopia-264x300.jpg\" alt=\"Lisa Holm - Kopia\" width=\"264\" height=\"300\" srcset=\"http:\/\/www.filindeblogg.nu\/wp-content\/uploads\/2015\/06\/Lisa-Holm-Kopia-264x300.jpg 264w, http:\/\/www.filindeblogg.nu\/wp-content\/uploads\/2015\/06\/Lisa-Holm-Kopia.jpg 348w\" sizes=\"(max-width: 264px) 100vw, 264px\" \/> I natt dr\u00f6mde jag om <strong>Lisa Holm<\/strong><a href=\"http:\/\/www.expressen.se\/gt\/hundpatruller-soker-igenom-skogsomrade\/\" target=\"_blank\">.<\/a> Efter n\u00e4stan en vecka av tankar och oro \u00f6ver vad som kan ha h\u00e4nt denna 17-\u00e5riga flicka fr\u00e5n <strong>Sk\u00f6vde<\/strong> dr\u00f6mde jag att hon hade hittats. Det var en hemsk dr\u00f6m men med ett lyckligt slut f\u00f6r Lisa \u00e5terfanns vid liv<a href=\"http:\/\/www.dn.se\/nyheter\/sverige\/polisen-vi-bedomer-att-det-ar-lisa-holm\/\" target=\"_blank\">.<\/a><\/p>\n<p>N\u00e4r jag vaknade trodde jag f\u00f6rst att dr\u00f6mmen var sann. Jag blev s\u00e5 glad<a href=\"http:\/\/www.svd.se\/en-person-hittad-dod-med-storsta-sannolikhet-lisa-holm\/om\/forsvunna-lisa-holm\" target=\"_blank\">. <\/a>Sen f\u00f6rstod jag att det bara var en dr\u00f6m och en stark oro kom \u00f6ver mig. Jag v\u00e5gade f\u00f6rst inte titta i min Iphone som varit den jag kollade sist innan jag somnade och f\u00f6rst n\u00e4r jag vaknade f\u00f6r Lisa Holms skull.<\/p>\n<p>Sen tittade jag&#8230; <img loading=\"lazy\" class=\"alignnone size-medium wp-image-63667\" src=\"http:\/\/www.filindeblogg.nu\/wp-content\/uploads\/2015\/06\/Tv\u00e5-anh\u00f6lls-i-natt-misst\u00e4nkta-f\u00f6r-mord-300x112.jpg\" alt=\"Tv\u00e5 anh\u00f6lls i natt misst\u00e4nkta f\u00f6r mord\" width=\"300\" height=\"112\" srcset=\"http:\/\/www.filindeblogg.nu\/wp-content\/uploads\/2015\/06\/Tv\u00e5-anh\u00f6lls-i-natt-misst\u00e4nkta-f\u00f6r-mord-300x112.jpg 300w, http:\/\/www.filindeblogg.nu\/wp-content\/uploads\/2015\/06\/Tv\u00e5-anh\u00f6lls-i-natt-misst\u00e4nkta-f\u00f6r-mord.jpg 540w\" sizes=\"(max-width: 300px) 100vw, 300px\" \/> Lisa Holm \u00e4r funnen d\u00f6d och tv\u00e5 m\u00e4n har anh\u00e5llits. En kvinna har tagits till f\u00f6rvar p\u00e5 grund av skyddande av brottsling.<\/p>\n<p>Jag gr\u00e4t.<\/p>\n<p>Sen blev jag ARG! Hur m\u00e5nga g\u00e5nger ska detta h\u00e4nda!? Hur m\u00e5nga barn, flickor, kvinnor ska r\u00f6vas bort, misshandlas och m\u00f6rdas!? Och den st\u00e4ndigt \u00e5terkommande fr\u00e5gan: <strong>VAD \u00c4R DET F\u00d6R FEL P\u00c5 M\u00c4N!!??<\/strong><\/p>\n<p><img loading=\"lazy\" class=\"alignnone size-full wp-image-63668\" src=\"http:\/\/www.filindeblogg.nu\/wp-content\/uploads\/2015\/06\/1-Farmor-Svea-som-liten.jpg\" alt=\"1 Farmor Svea som liten\" width=\"158\" height=\"184\" \/> Det kunde ha varit den h\u00e4r flickan &#8211; <strong>Svea i Eskilstuna<\/strong> i b\u00f6rjan av 1900-talet. Men s\u00e5 blev det tack och lov inte. Svea kom att bli min farmor.<\/p>\n<p>Det kunde ha varit <strong>Hj\u00f6rdis i \u00d6sterg\u00f6tland<\/strong>. <img loading=\"lazy\" class=\"alignnone  wp-image-63669\" src=\"http:\/\/www.filindeblogg.nu\/wp-content\/uploads\/2015\/06\/2-HW-som-liten-300x237.jpg\" alt=\"2 HW som liten\" width=\"189\" height=\"149\" srcset=\"http:\/\/www.filindeblogg.nu\/wp-content\/uploads\/2015\/06\/2-HW-som-liten-300x237.jpg 300w, http:\/\/www.filindeblogg.nu\/wp-content\/uploads\/2015\/06\/2-HW-som-liten.jpg 569w\" sizes=\"(max-width: 189px) 100vw, 189px\" \/> Flickan som blev stoppad p\u00e5 en skogsv\u00e4g n\u00e4r hon var liten och lockad med godis in i skogen&#8230; Hj\u00f6rdis f\u00f6ljde inte med och hennes mamma h\u00f6ll p\u00e5 att sl\u00e5 mannen f\u00f6rd\u00e4rvad n\u00e4r hon fick veta.<br \/>\nHj\u00f6rdis fick leva och hon blev min mamma.<\/p>\n<p><img loading=\"lazy\" class=\"alignnone  wp-image-63670\" src=\"http:\/\/www.filindeblogg.nu\/wp-content\/uploads\/2015\/06\/2-SwL-som-liten-225x300.jpg\" alt=\"2 SwL som liten\" width=\"144\" height=\"192\" srcset=\"http:\/\/www.filindeblogg.nu\/wp-content\/uploads\/2015\/06\/2-SwL-som-liten-225x300.jpg 225w, http:\/\/www.filindeblogg.nu\/wp-content\/uploads\/2015\/06\/2-SwL-som-liten.jpg 346w\" sizes=\"(max-width: 144px) 100vw, 144px\" \/> Det kunde ha varit jag. Jag som m\u00f6tte en \u00e4ldre man vid kiosken n\u00e4r jag var 5-6 \u00e5r. Han log och lockade mig att f\u00f6lja med p\u00e5 hans cykel. Sitta p\u00e5 paketh\u00e5llaren och f\u00e5 den stora p\u00e5sen med vindruvor han just k\u00f6pt. Jag f\u00f6ljde inte med, t\u00e4nkte p\u00e5 vad mamma alltid sagt och skyndade mig hem.<\/p>\n<p>H\u00e4r \u00e4r jag. <img loading=\"lazy\" class=\"alignnone  wp-image-63671\" src=\"http:\/\/www.filindeblogg.nu\/wp-content\/uploads\/2015\/06\/Susanne-17-\u00e5r-212x300.jpg\" alt=\"Susanne 17 \u00e5r\" width=\"142\" height=\"201\" srcset=\"http:\/\/www.filindeblogg.nu\/wp-content\/uploads\/2015\/06\/Susanne-17-\u00e5r-212x300.jpg 212w, http:\/\/www.filindeblogg.nu\/wp-content\/uploads\/2015\/06\/Susanne-17-\u00e5r.jpg 370w\" sizes=\"(max-width: 142px) 100vw, 142px\" \/> 17 \u00e5r &#8211; precis som Lisa Holm. Jag fick leva.<br \/>\nJag kan ber\u00e4tta fler historier om h\u00e4ndelser som kunde ha gjort att jag inte inte sitter h\u00e4r idag. Men jag kom ih\u00e5g vad min mamma l\u00e4rt mig och jag hade tur! Tur!<\/p>\n<p>VAD \u00c4R DET F\u00d6R FEL P\u00c5 M\u00c4N!?<\/p>\n<p>Det som g\u00f6r mig \u00e4nnu mer rasande \u00e4r hur m\u00e5nga m\u00e4n, och \u00e4ven kvinnor, anser att det \u00e4r fel och diskriminerande att prata om just m\u00e4n. Man ska sv\u00e4nga sig lite med &#8221;farliga m\u00e4nniskor i st\u00f6rsta allm\u00e4nhet&#8221; och inte peka ut just dem som det n\u00e4stan alltid handlar om, n\u00e4mligen m\u00e4n!<\/p>\n<p>Precis som det ska tassas runt Sverigedemokraterna n\u00e4r man pratar politik &#8211; p\u00e5 samma s\u00e4tt ska det tassas kring &#8221;de stackars m\u00e4nnen&#8221;.<br \/>\nDet \u00e4r synd och skam att m\u00e4n inte st\u00e5r upp f\u00f6r kvinnor! Att de inte rannsakar sig sj\u00e4lva och funderar p\u00e5 varf\u00f6r just dom beter som som dom g\u00f6r! Ist\u00e4llet f\u00f6r att f\u00f6rsvara sig med att &#8221;jag skulle aldrig sl\u00e5 en kvinna&#8221; eller &#8221;jag \u00e4r minsann j\u00e4mst\u00e4lld&#8221; &#8211; s\u00e5 f\u00f6rs\u00f6k att som man f\u00f6rst\u00e5 varf\u00f6r andra m\u00e4n kan bete sig s\u00e5 illa som de g\u00f6r! Fundera och hj\u00e4lp till att hitta l\u00f6sningar ist\u00e4llet f\u00f6r att blunda och ta p\u00e5 de pinsamma offerkoftorna! HJ\u00c4LP TILL ist\u00e4llet f\u00f6r att \u00f6mka er sj\u00e4lva!<\/p>\n<p>I morse n\u00e4r jag l\u00e4st nyheterna om att Lisa Holm bara fick leva i 17 \u00e5r, att hennes framtid var borta och hennes liv brutalt avslutats &#8211; d\u00e5 gr\u00e4t jag. Sen blev jag arg!<\/p>\n<p>Lisa Holm &#8211; INTE EN G\u00c5NG TILL! Nolltolerans mot diskriminering, kr\u00e4nkningar, misshandel och mord p\u00e5 kvinnor!!<\/p>\n<p><img loading=\"lazy\" class=\"aligncenter size-medium wp-image-63672\" src=\"http:\/\/www.filindeblogg.nu\/wp-content\/uploads\/2015\/06\/Lisa-Holm-300x169.jpg\" alt=\"Lisa Holm\" width=\"300\" height=\"169\" srcset=\"http:\/\/www.filindeblogg.nu\/wp-content\/uploads\/2015\/06\/Lisa-Holm-300x169.jpg 300w, http:\/\/www.filindeblogg.nu\/wp-content\/uploads\/2015\/06\/Lisa-Holm.jpg 702w\" sizes=\"(max-width: 300px) 100vw, 300px\" \/><\/p>\n","protected":false},"excerpt":{"rendered":"<p>I natt dr\u00f6mde jag om Lisa Holm. Efter n\u00e4stan en vecka av tankar och oro \u00f6ver vad som kan ha h\u00e4nt denna 17-\u00e5riga flicka fr\u00e5n Sk\u00f6vde dr\u00f6mde jag att hon hade hittats. Det var en hemsk dr\u00f6m men med ett lyckligt slut f\u00f6r Lisa \u00e5terfanns vid liv. N\u00e4r jag vaknade trodde jag f\u00f6rst att dr\u00f6mmen [&hellip;]<\/p>\n","protected":false},"author":1,"featured_media":0,"comment_status":"open","ping_status":"open","sticky":false,"template":"","format":"standard","meta":[],"categories":[131,121,100,160,101],"tags":[],"_links":{"self":[{"href":"http:\/\/www.filindeblogg.nu\/index.php?rest_route=\/wp\/v2\/posts\/63665"}],"collection":[{"href":"http:\/\/www.filindeblogg.nu\/index.php?rest_route=\/wp\/v2\/posts"}],"about":[{"href":"http:\/\/www.filindeblogg.nu\/index.php?rest_route=\/wp\/v2\/types\/post"}],"author":[{"embeddable":true,"href":"http:\/\/www.filindeblogg.nu\/index.php?rest_route=\/wp\/v2\/users\/1"}],"replies":[{"embeddable":true,"href":"http:\/\/www.filindeblogg.nu\/index.php?rest_route=%2Fwp%2Fv2%2Fcomments&post=63665"}],"version-history":[{"count":6,"href":"http:\/\/www.filindeblogg.nu\/index.php?rest_route=\/wp\/v2\/posts\/63665\/revisions"}],"predecessor-version":[{"id":63678,"href":"http:\/\/www.filindeblogg.nu\/index.php?rest_route=\/wp\/v2\/posts\/63665\/revisions\/63678"}],"wp:attachment":[{"href":"http:\/\/www.filindeblogg.nu\/index.php?rest_route=%2Fwp%2Fv2%2Fmedia&parent=63665"}],"wp:term":[{"taxonomy":"category","embeddable":true,"href":"http:\/\/www.filindeblogg.nu\/index.php?rest_route=%2Fwp%2Fv2%2Fcategories&post=63665"},{"taxonomy":"post_tag","embeddable":true,"href":"http:\/\/www.filindeblogg.nu\/index.php?rest_route=%2Fwp%2Fv2%2Ftags&post=63665"}],"curies":[{"name":"wp","href":"https:\/\/api.w.org\/{rel}","templated":true}]}}