{"id":636,"date":"2007-12-08T14:41:27","date_gmt":"2007-12-08T13:41:27","guid":{"rendered":"http:\/\/www.filindeblogg.nu\/?p=636"},"modified":"2009-06-05T04:42:06","modified_gmt":"2009-06-05T03:42:06","slug":"granska-arken-specialenhet-vid-adolfsbergsskolan-i-orebro","status":"publish","type":"post","link":"http:\/\/www.filindeblogg.nu\/?p=636","title":{"rendered":"Granska Arken, Specialenhet vid Adolfsbergsskolan i \u00d6rebro!"},"content":{"rendered":"<p><strong>I dagens Nerikes Allehanda <\/strong>kan alla som vill ta del av f\u00f6r\u00e4ldrars anm\u00e4lan av<strong> en skola i \u00d6rebro!<\/strong><br \/>\nTyv\u00e4rr finns inte Debattsidan p\u00e5  Nerikes Allehandas webbsida &#8211; s\u00e5 ni m\u00e5ste ut och k\u00f6pa <strong>papperstidningen.<\/strong> DESSUTOM m\u00e5ste ni <strong>k\u00f6pa den i \u00d6rebro <\/strong>&#8211; eftersom den del som utkommer h\u00e4r i Arboga \u00e4r n\u00e5gon form av lokal upplaga &#8211; d\u00e4r tydligen inte ledar- och debattsidor f\u00f6r NA ska finnas med. M\u00e4rkligt, tycker jag. Ledarsidan \u00e4r v\u00e4l liksom tidningens ansikte ut\u00e5t. Men inget f\u00f6r oss som inte bor i stora staden \u00d6rebro tydligen&#8230;<\/p>\n<p>Hur som helst &#8211; r\u00e5kar ni f\u00e5 tag i ett \u00d6rebroexemplar av Allehanda &#8211; s\u00e5 kan ni idag l\u00e4sa <strong>f\u00f6r\u00e4ldrarnas orsaker till att anm\u00e4la en specialskola f\u00f6r elever med Aspergers syndrom till Skolverket<\/strong>.<\/p>\n<p>Om en stund ska jag l\u00e4gga ut artikeln p\u00e5 denna blogg.<br \/>\nMycket viktigt att ta del av om man har den minsta k\u00e4nsla f\u00f6r barn &#8211; och i det h\u00e4r fallet &#8211; f\u00f6r de mest utsatta barnen!<\/p>\n","protected":false},"excerpt":{"rendered":"<p>I dagens Nerikes Allehanda kan alla som vill ta del av f\u00f6r\u00e4ldrars anm\u00e4lan av en skola i \u00d6rebro! Tyv\u00e4rr finns inte Debattsidan p\u00e5 Nerikes Allehandas webbsida &#8211; s\u00e5 ni m\u00e5ste ut och k\u00f6pa papperstidningen. DESSUTOM m\u00e5ste ni k\u00f6pa den i \u00d6rebro &#8211; eftersom den del som utkommer h\u00e4r i Arboga \u00e4r n\u00e5gon form av lokal [&hellip;]<\/p>\n","protected":false},"author":1,"featured_media":0,"comment_status":"open","ping_status":"open","sticky":false,"template":"","format":"standard","meta":[],"categories":[1,107,100,101],"tags":[],"_links":{"self":[{"href":"http:\/\/www.filindeblogg.nu\/index.php?rest_route=\/wp\/v2\/posts\/636"}],"collection":[{"href":"http:\/\/www.filindeblogg.nu\/index.php?rest_route=\/wp\/v2\/posts"}],"about":[{"href":"http:\/\/www.filindeblogg.nu\/index.php?rest_route=\/wp\/v2\/types\/post"}],"author":[{"embeddable":true,"href":"http:\/\/www.filindeblogg.nu\/index.php?rest_route=\/wp\/v2\/users\/1"}],"replies":[{"embeddable":true,"href":"http:\/\/www.filindeblogg.nu\/index.php?rest_route=%2Fwp%2Fv2%2Fcomments&post=636"}],"version-history":[{"count":1,"href":"http:\/\/www.filindeblogg.nu\/index.php?rest_route=\/wp\/v2\/posts\/636\/revisions"}],"predecessor-version":[{"id":6091,"href":"http:\/\/www.filindeblogg.nu\/index.php?rest_route=\/wp\/v2\/posts\/636\/revisions\/6091"}],"wp:attachment":[{"href":"http:\/\/www.filindeblogg.nu\/index.php?rest_route=%2Fwp%2Fv2%2Fmedia&parent=636"}],"wp:term":[{"taxonomy":"category","embeddable":true,"href":"http:\/\/www.filindeblogg.nu\/index.php?rest_route=%2Fwp%2Fv2%2Fcategories&post=636"},{"taxonomy":"post_tag","embeddable":true,"href":"http:\/\/www.filindeblogg.nu\/index.php?rest_route=%2Fwp%2Fv2%2Ftags&post=636"}],"curies":[{"name":"wp","href":"https:\/\/api.w.org\/{rel}","templated":true}]}}