{"id":63551,"date":"2015-05-31T16:54:47","date_gmt":"2015-05-31T15:54:47","guid":{"rendered":"http:\/\/www.filindeblogg.nu\/?p=63551"},"modified":"2015-05-31T16:54:47","modified_gmt":"2015-05-31T15:54:47","slug":"mors-dag-och-sverigedemokraterna","status":"publish","type":"post","link":"http:\/\/www.filindeblogg.nu\/?p=63551","title":{"rendered":"Mors Dag och Sverigedemokraterna"},"content":{"rendered":"<p><img loading=\"lazy\" class=\"alignnone  wp-image-63552\" src=\"http:\/\/www.filindeblogg.nu\/wp-content\/uploads\/2015\/05\/Grattis-p\u00e5-Mors-Dag-Internet.jpg\" alt=\"Grattis p\u00e5 Mors Dag Internet\" width=\"163\" height=\"115\" \/> Precis som t\u00e5rtbilden fr\u00e5n Internet vill bloggaren b\u00f6rja med orden: <strong>GRATTIS ALLA MAMMOR!<\/strong> F\u00f6r det \u00e4r <strong>Mors Dag<\/strong> idag.<\/p>\n<p>MEN &#8211; innan bloggaren ber\u00e4ttar om lite av sitt eget Morsdagsfirande kommer lite allvarsord.<\/p>\n<p><img loading=\"lazy\" class=\"alignnone  wp-image-63531\" src=\"http:\/\/www.filindeblogg.nu\/wp-content\/uploads\/2015\/05\/0371-186x300.jpg\" alt=\"037\" width=\"140\" height=\"226\" srcset=\"http:\/\/www.filindeblogg.nu\/wp-content\/uploads\/2015\/05\/0371-186x300.jpg 186w, http:\/\/www.filindeblogg.nu\/wp-content\/uploads\/2015\/05\/0371.jpg 361w\" sizes=\"(max-width: 140px) 100vw, 140px\" \/> Ni minns kanske det h\u00e4r?<br \/>\nEn ins\u00e4ndare i <strong>Arboga Tidning<\/strong> som kom till d\u00e4rf\u00f6r att kommunledningen v\u00e4grade svara p\u00e5 fr\u00e5gor. Bloggarens fr\u00e5gor var de h\u00e4r:<\/p>\n<p><em>&#8211; Jag vill veta om de styrande i kommunen \u00e4r inblandade i valet \u2013 eller om Medeltidsf\u00f6reningen sj\u00e4lvsv\u00e5ldigt v\u00e4ljer och det d\u00e4rmed finns risk f\u00f6r omd\u00f6mesl\u00f6sa val? <\/em><br \/>\n<em>&#8211; Jag vill ocks\u00e5 f\u00e5 motiverat f\u00f6r mig hur tv\u00e5 personer med fr\u00e4mlingsfientliga \u00e5sikter kan anses l\u00e4mpliga att representera Arboga officiellt under en av de st\u00f6rsta turistattraktionerna i kommunen? <\/em><br \/>\n<em>&#8211; Sammanfaller de styrandes \u00e5sikter med SD:s vad g\u00e4ller invandringspolitik? Om s\u00e5 icke \u00e4r fallet v\u00e4ljer de styrande d\u00e5 att ignorera den symbolik och det st\u00e4llningstagande som valet av brudpar inneb\u00e4r? Hur agerar man i s\u00e5 fall om n\u00e4sta \u00e5rs brudpar \u00e4r medlemmar i t ex Nordfront, Nysvenska r\u00f6relsen eller Sveriges Nationella f\u00f6rbund?<\/em><br \/>\n<em>&#8211; Jag och m\u00e5nga med mig anser att Medeltidsdagarna ska vara en tillst\u00e4llning d\u00e4r alla m\u00e4nniskor ska kunna k\u00e4nna sig v\u00e4lkomna \u2013 \u00e4ven flyktingar och utrikes f\u00f6dda. Hur tror de styrande i kommunen att valet av Sverigedemokratiskt brudpar uppfattas av de sistn\u00e4mnda? K\u00e4nns valet som en publiksucc\u00e9 och ett lyft f\u00f6r Arboga? Om inte \u2013 vad t\u00e4nker ni g\u00f6ra \u00e5t det?<\/em><br \/>\n<em>&#8211; Eftersom valet har uppr\u00f6rt en del k\u00e4nslor \u2013 hur kommer den polisi\u00e4ra bevakningen att vara under Medeltidsdagarna och inneb\u00e4r det st\u00f6rre kostnader f\u00f6r kommunen, i s\u00e5 fall hur mycket st\u00f6rre?<\/em><\/p>\n<p>Bloggaren vill ha svar p\u00e5 dessa fr\u00e5gor. Inga s\u00e4rskilt m\u00e4rkliga fr\u00e5gor kan tyckas men det har uppr\u00f6rt en del. N\u00e5gra blir skr\u00e4mda! <img loading=\"lazy\" class=\"alignnone size-medium wp-image-63553\" src=\"http:\/\/www.filindeblogg.nu\/wp-content\/uploads\/2015\/05\/Lindes-\u00e5sikter-skr\u00e4mmer-mig-278x300.jpg\" alt=\"Lindes \u00e5sikter skr\u00e4mmer mig\" width=\"278\" height=\"300\" srcset=\"http:\/\/www.filindeblogg.nu\/wp-content\/uploads\/2015\/05\/Lindes-\u00e5sikter-skr\u00e4mmer-mig-278x300.jpg 278w, http:\/\/www.filindeblogg.nu\/wp-content\/uploads\/2015\/05\/Lindes-\u00e5sikter-skr\u00e4mmer-mig.jpg 444w\" sizes=\"(max-width: 278px) 100vw, 278px\" \/> <strong>Robert Sandstr\u00f6m<\/strong> till exempel &#8211; och till h\u00f6ger p\u00e5 samma sida f\u00f6rklarar<strong> Ulla-Brita Pedersson<\/strong> att citat <em>&#8221;SD \u00e4r ett legalt parti<\/em>&#8221;.<\/p>\n<p>I fredags klappade <strong>Monica Gottberg<\/strong> tillr\u00e4ttavisande bloggaren p\u00e5 huvudet med &#8211; <em>&#8221;K\u00e4ra Susanne W Linde&#8221;<\/em> och <strong>Roland Magnusson<\/strong> under Gottbergs ins\u00e4ndare fick <em>&#8221;d\u00e5lig smak i munnen&#8221;<\/em> av bloggarens fr\u00e5gor. <img loading=\"lazy\" class=\"alignnone size-medium wp-image-63554\" src=\"http:\/\/www.filindeblogg.nu\/wp-content\/uploads\/2015\/05\/K\u00e4ra-Susanne-W-Linde-191x300.jpg\" alt=\"K\u00e4ra Susanne W Linde\" width=\"191\" height=\"300\" srcset=\"http:\/\/www.filindeblogg.nu\/wp-content\/uploads\/2015\/05\/K\u00e4ra-Susanne-W-Linde-191x300.jpg 191w, http:\/\/www.filindeblogg.nu\/wp-content\/uploads\/2015\/05\/K\u00e4ra-Susanne-W-Linde.jpg 306w\" sizes=\"(max-width: 191px) 100vw, 191px\" \/><\/p>\n<p>Alla fyra ins\u00e4ndarna bara f\u00f6r att bloggaren ville f\u00e5 n\u00e5gra ganska allm\u00e4ngiltiga fr\u00e5gor besvarade.<\/p>\n<p>Skr\u00e4mmande tycker bloggaren d\u00e4remot att s\u00e5dant h\u00e4r \u00e4r som hon f\u00e5tt motta i sin Iphone: <img loading=\"lazy\" class=\"alignnone size-medium wp-image-63555\" src=\"http:\/\/www.filindeblogg.nu\/wp-content\/uploads\/2015\/05\/SD-1-169x300.jpg\" alt=\"SD 1\" width=\"169\" height=\"300\" srcset=\"http:\/\/www.filindeblogg.nu\/wp-content\/uploads\/2015\/05\/SD-1-169x300.jpg 169w, http:\/\/www.filindeblogg.nu\/wp-content\/uploads\/2015\/05\/SD-1.jpg 270w\" sizes=\"(max-width: 169px) 100vw, 169px\" \/> och den h\u00e4r: <img loading=\"lazy\" class=\"alignnone size-medium wp-image-63556\" src=\"http:\/\/www.filindeblogg.nu\/wp-content\/uploads\/2015\/05\/SD-2-169x300.jpg\" alt=\"SD 2\" width=\"169\" height=\"300\" srcset=\"http:\/\/www.filindeblogg.nu\/wp-content\/uploads\/2015\/05\/SD-2-169x300.jpg 169w, http:\/\/www.filindeblogg.nu\/wp-content\/uploads\/2015\/05\/SD-2.jpg 540w\" sizes=\"(max-width: 169px) 100vw, 169px\" \/> Den h\u00e4r fr\u00e5n <strong>SD:s f\u00f6rtroendevalda i Hallstahammar:<\/strong>\u00a0 <img loading=\"lazy\" class=\"alignnone size-medium wp-image-63557\" src=\"http:\/\/www.filindeblogg.nu\/wp-content\/uploads\/2015\/05\/SD-4-169x300.jpg\" alt=\"SD 4\" width=\"169\" height=\"300\" srcset=\"http:\/\/www.filindeblogg.nu\/wp-content\/uploads\/2015\/05\/SD-4-169x300.jpg 169w, http:\/\/www.filindeblogg.nu\/wp-content\/uploads\/2015\/05\/SD-4.jpg 540w\" sizes=\"(max-width: 169px) 100vw, 169px\" \/><br \/>\nVad s\u00e4gs om den h\u00e4r: <img loading=\"lazy\" class=\"alignnone size-medium wp-image-63558\" src=\"http:\/\/www.filindeblogg.nu\/wp-content\/uploads\/2015\/05\/SD-5-169x300.jpg\" alt=\"SD 5\" width=\"169\" height=\"300\" srcset=\"http:\/\/www.filindeblogg.nu\/wp-content\/uploads\/2015\/05\/SD-5-169x300.jpg 169w, http:\/\/www.filindeblogg.nu\/wp-content\/uploads\/2015\/05\/SD-5.jpg 540w\" sizes=\"(max-width: 169px) 100vw, 169px\" \/> Eller den h\u00e4r &#8211; igen fr\u00e5n den ivrigt SMS-ande SD-mannen i Hallsta: <img loading=\"lazy\" class=\"alignnone size-medium wp-image-63559\" src=\"http:\/\/www.filindeblogg.nu\/wp-content\/uploads\/2015\/05\/SD-6-169x300.jpg\" alt=\"SD 6\" width=\"169\" height=\"300\" srcset=\"http:\/\/www.filindeblogg.nu\/wp-content\/uploads\/2015\/05\/SD-6-169x300.jpg 169w, http:\/\/www.filindeblogg.nu\/wp-content\/uploads\/2015\/05\/SD-6.jpg 540w\" sizes=\"(max-width: 169px) 100vw, 169px\" \/><br \/>\nSkr\u00e4mmande? Blir ni illam\u00e5ende? H\u00e4r \u00e4r en till som en v\u00e4n till mig f\u00e5tt: <img loading=\"lazy\" class=\"alignnone size-medium wp-image-63560\" src=\"http:\/\/www.filindeblogg.nu\/wp-content\/uploads\/2015\/05\/SD-3-169x300.jpg\" alt=\"SD 3\" width=\"169\" height=\"300\" srcset=\"http:\/\/www.filindeblogg.nu\/wp-content\/uploads\/2015\/05\/SD-3-169x300.jpg 169w, http:\/\/www.filindeblogg.nu\/wp-content\/uploads\/2015\/05\/SD-3.jpg 540w\" sizes=\"(max-width: 169px) 100vw, 169px\" \/><\/p>\n<p>I fredags kv\u00e4ll ringde en <strong>SD-medlem fr\u00e5n Karlshamn i Blekinge.<\/strong> Som tur var fanns bloggaren inte hemma men mannen talade in ett 5 minuter l\u00e5ngt tal till f\u00f6rdel f\u00f6r <strong>Sverigedemokraterna<\/strong>&#8230;<\/p>\n<p>Allt detta f\u00f6r att bloggaren undrar om valet av tv\u00e5 aktiva SD-politiker till \u00e5rets medeltida brudpar i Arboga var genomt\u00e4nkt och om kommunledningen st\u00e4ller sig bakom valet och eventuella merkostnader.<\/p>\n<p>Bloggaren undrar oroligt hur l\u00e5ngt detta ska eskalera och hur Medeltidsdagarna i Arboga kommer att bli i augusti. Denna uppr\u00f6rdhet redan &#8211; och bara f\u00f6r att kommunledningen v\u00e4ljer att &#8221;l\u00e4gga locket p\u00e5&#8221; och inte uttala sig.<br \/>\nNaivt \u00e4r bara f\u00f6rnamnet. SD \u00e4r inga duvungar.<\/p>\n<p>Fr\u00e5gorna i ins\u00e4ndaren och ett antal kommentarer &#8211; finner ni p\u00e5 <strong>Bbl\/AT:s<\/strong> n\u00e4tsida <strong><a href=\"http:\/\/bblat.se\/insandare\/1.2992116-nagra-fragor-kring-det-medeltida-brudparet\" target=\"_blank\">H\u00c4R!<\/a><\/strong><\/p>\n<p>\u00c5ter tillbaka till mammas egen dag! <img loading=\"lazy\" class=\"alignnone size-medium wp-image-63561\" src=\"http:\/\/www.filindeblogg.nu\/wp-content\/uploads\/2015\/05\/0022-225x300.jpg\" alt=\"002\" width=\"225\" height=\"300\" srcset=\"http:\/\/www.filindeblogg.nu\/wp-content\/uploads\/2015\/05\/0022-225x300.jpg 225w, http:\/\/www.filindeblogg.nu\/wp-content\/uploads\/2015\/05\/0022.jpg 450w\" sizes=\"(max-width: 225px) 100vw, 225px\" \/><br \/>\nBloggaren drack morsdagskaffe h\u00e4r: <img loading=\"lazy\" class=\"alignnone size-medium wp-image-63562\" src=\"http:\/\/www.filindeblogg.nu\/wp-content\/uploads\/2015\/05\/0091-225x300.jpg\" alt=\"009\" width=\"225\" height=\"300\" srcset=\"http:\/\/www.filindeblogg.nu\/wp-content\/uploads\/2015\/05\/0091-225x300.jpg 225w, http:\/\/www.filindeblogg.nu\/wp-content\/uploads\/2015\/05\/0091.jpg 450w\" sizes=\"(max-width: 225px) 100vw, 225px\" \/> Men sin mammas mugg som hon f\u00e5tt \u00f6verta &#8211; nu n\u00e4r mamma sj\u00e4lv inte l\u00e4ngre kan fira med en t\u00e5r. T\u00e5rar blev det av annat slag&#8230; <img loading=\"lazy\" class=\"alignnone size-medium wp-image-63563\" src=\"http:\/\/www.filindeblogg.nu\/wp-content\/uploads\/2015\/05\/0073-300x225.jpg\" alt=\"007\" width=\"300\" height=\"225\" srcset=\"http:\/\/www.filindeblogg.nu\/wp-content\/uploads\/2015\/05\/0073-300x225.jpg 300w, http:\/\/www.filindeblogg.nu\/wp-content\/uploads\/2015\/05\/0073.jpg 600w\" sizes=\"(max-width: 300px) 100vw, 300px\" \/> Bloggarens mor begravdes f\u00f6r drygt en vecka sedan&#8230;<\/p>\n<p><img loading=\"lazy\" class=\"alignnone  wp-image-63565\" src=\"http:\/\/www.filindeblogg.nu\/wp-content\/uploads\/2015\/05\/047-300x225.jpg\" alt=\"047\" width=\"196\" height=\"147\" srcset=\"http:\/\/www.filindeblogg.nu\/wp-content\/uploads\/2015\/05\/047-300x225.jpg 300w, http:\/\/www.filindeblogg.nu\/wp-content\/uploads\/2015\/05\/047.jpg 600w\" sizes=\"(max-width: 196px) 100vw, 196px\" \/> S\u00e5 ta vara p\u00e5 tiden. Krama mamma n\u00e4r du fortfarande kan. Snart \u00e4r alla bara minnen blott&#8230;. <img loading=\"lazy\" class=\"alignnone size-medium wp-image-63564\" src=\"http:\/\/www.filindeblogg.nu\/wp-content\/uploads\/2015\/05\/0192-225x300.jpg\" alt=\"019\" width=\"225\" height=\"300\" srcset=\"http:\/\/www.filindeblogg.nu\/wp-content\/uploads\/2015\/05\/0192-225x300.jpg 225w, http:\/\/www.filindeblogg.nu\/wp-content\/uploads\/2015\/05\/0192.jpg 450w\" sizes=\"(max-width: 225px) 100vw, 225px\" \/><\/p>\n<p><img loading=\"lazy\" class=\"aligncenter size-medium wp-image-63566\" src=\"http:\/\/www.filindeblogg.nu\/wp-content\/uploads\/2015\/05\/0441-300x225.jpg\" alt=\"044\" width=\"300\" height=\"225\" srcset=\"http:\/\/www.filindeblogg.nu\/wp-content\/uploads\/2015\/05\/0441-300x225.jpg 300w, http:\/\/www.filindeblogg.nu\/wp-content\/uploads\/2015\/05\/0441.jpg 600w\" sizes=\"(max-width: 300px) 100vw, 300px\" \/><\/p>\n","protected":false},"excerpt":{"rendered":"<p>Precis som t\u00e5rtbilden fr\u00e5n Internet vill bloggaren b\u00f6rja med orden: GRATTIS ALLA MAMMOR! F\u00f6r det \u00e4r Mors Dag idag. MEN &#8211; innan bloggaren ber\u00e4ttar om lite av sitt eget Morsdagsfirande kommer lite allvarsord. Ni minns kanske det h\u00e4r? En ins\u00e4ndare i Arboga Tidning som kom till d\u00e4rf\u00f6r att kommunledningen v\u00e4grade svara p\u00e5 fr\u00e5gor. Bloggarens fr\u00e5gor [&hellip;]<\/p>\n","protected":false},"author":1,"featured_media":0,"comment_status":"open","ping_status":"open","sticky":false,"template":"","format":"standard","meta":[],"categories":[127,115,188,162,100,119,101],"tags":[],"_links":{"self":[{"href":"http:\/\/www.filindeblogg.nu\/index.php?rest_route=\/wp\/v2\/posts\/63551"}],"collection":[{"href":"http:\/\/www.filindeblogg.nu\/index.php?rest_route=\/wp\/v2\/posts"}],"about":[{"href":"http:\/\/www.filindeblogg.nu\/index.php?rest_route=\/wp\/v2\/types\/post"}],"author":[{"embeddable":true,"href":"http:\/\/www.filindeblogg.nu\/index.php?rest_route=\/wp\/v2\/users\/1"}],"replies":[{"embeddable":true,"href":"http:\/\/www.filindeblogg.nu\/index.php?rest_route=%2Fwp%2Fv2%2Fcomments&post=63551"}],"version-history":[{"count":13,"href":"http:\/\/www.filindeblogg.nu\/index.php?rest_route=\/wp\/v2\/posts\/63551\/revisions"}],"predecessor-version":[{"id":63579,"href":"http:\/\/www.filindeblogg.nu\/index.php?rest_route=\/wp\/v2\/posts\/63551\/revisions\/63579"}],"wp:attachment":[{"href":"http:\/\/www.filindeblogg.nu\/index.php?rest_route=%2Fwp%2Fv2%2Fmedia&parent=63551"}],"wp:term":[{"taxonomy":"category","embeddable":true,"href":"http:\/\/www.filindeblogg.nu\/index.php?rest_route=%2Fwp%2Fv2%2Fcategories&post=63551"},{"taxonomy":"post_tag","embeddable":true,"href":"http:\/\/www.filindeblogg.nu\/index.php?rest_route=%2Fwp%2Fv2%2Ftags&post=63551"}],"curies":[{"name":"wp","href":"https:\/\/api.w.org\/{rel}","templated":true}]}}