{"id":63513,"date":"2015-05-30T12:29:56","date_gmt":"2015-05-30T11:29:56","guid":{"rendered":"http:\/\/www.filindeblogg.nu\/?p=63513"},"modified":"2015-05-30T12:29:56","modified_gmt":"2015-05-30T11:29:56","slug":"langt-mellan-bloggarna","status":"publish","type":"post","link":"http:\/\/www.filindeblogg.nu\/?p=63513","title":{"rendered":"L\u00e5ngt mellan bloggarna&#8230;"},"content":{"rendered":"<p><img loading=\"lazy\" class=\"alignnone  wp-image-63514\" src=\"http:\/\/www.filindeblogg.nu\/wp-content\/uploads\/2015\/05\/0033-225x300.jpg\" alt=\"003\" width=\"146\" height=\"195\" srcset=\"http:\/\/www.filindeblogg.nu\/wp-content\/uploads\/2015\/05\/0033-225x300.jpg 225w, http:\/\/www.filindeblogg.nu\/wp-content\/uploads\/2015\/05\/0033.jpg 450w\" sizes=\"(max-width: 146px) 100vw, 146px\" \/> Nu \u00e4r det l\u00e5ngt mellan bloggarna och s\u00e5 kommer det nog att f\u00f6rbli. Lust och h\u00e5g finns till s\u00e5 mycket annat ocks\u00e5.<br \/>\nBilden ovan \u00e4r fr\u00e5n pingstdagen, snart en vecka sedan. Sol och bl\u00e5 himmel. F\u00f6rv\u00e4ntansfulla katter var det d\u00e5 n\u00e4r &#8221;morsan&#8221; ocks\u00e5 var ute! <img loading=\"lazy\" class=\"alignnone size-medium wp-image-63515\" src=\"http:\/\/www.filindeblogg.nu\/wp-content\/uploads\/2015\/05\/0013-300x225.jpg\" alt=\"001\" width=\"300\" height=\"225\" srcset=\"http:\/\/www.filindeblogg.nu\/wp-content\/uploads\/2015\/05\/0013-300x225.jpg 300w, http:\/\/www.filindeblogg.nu\/wp-content\/uploads\/2015\/05\/0013.jpg 600w\" sizes=\"(max-width: 300px) 100vw, 300px\" \/> Alla tre samtidigt &#8211; och f\u00e5ngade p\u00e5 bild! &#8211; h\u00e4nder inte s\u00e5 ofta. Fr\u00e5n v\u00e4nster <strong>Felix<\/strong>, sen <strong>Vilda Wilma<\/strong> och till h\u00f6ger <strong>Curry<\/strong>. <img loading=\"lazy\" class=\"alignnone size-medium wp-image-63516\" src=\"http:\/\/www.filindeblogg.nu\/wp-content\/uploads\/2015\/05\/0021-300x180.jpg\" alt=\"002\" width=\"300\" height=\"180\" srcset=\"http:\/\/www.filindeblogg.nu\/wp-content\/uploads\/2015\/05\/0021-300x180.jpg 300w, http:\/\/www.filindeblogg.nu\/wp-content\/uploads\/2015\/05\/0021.jpg 600w\" sizes=\"(max-width: 300px) 100vw, 300px\" \/><\/p>\n<p>Sol och fint v\u00e4der var det d\u00e5. <img loading=\"lazy\" class=\"alignnone size-medium wp-image-63517\" src=\"http:\/\/www.filindeblogg.nu\/wp-content\/uploads\/2015\/05\/0081-300x208.jpg\" alt=\"008\" width=\"300\" height=\"208\" srcset=\"http:\/\/www.filindeblogg.nu\/wp-content\/uploads\/2015\/05\/0081-300x208.jpg 300w, http:\/\/www.filindeblogg.nu\/wp-content\/uploads\/2015\/05\/0081.jpg 600w\" sizes=\"(max-width: 300px) 100vw, 300px\" \/><br \/>\nD\u00e5 kunde man ta sig en paus i solstolen med n\u00e5got gott att dricka och en kissekatt intill! <img loading=\"lazy\" class=\"alignnone size-medium wp-image-63518\" src=\"http:\/\/www.filindeblogg.nu\/wp-content\/uploads\/2015\/05\/009-225x300.jpg\" alt=\"009\" width=\"225\" height=\"300\" srcset=\"http:\/\/www.filindeblogg.nu\/wp-content\/uploads\/2015\/05\/009-225x300.jpg 225w, http:\/\/www.filindeblogg.nu\/wp-content\/uploads\/2015\/05\/009.jpg 450w\" sizes=\"(max-width: 225px) 100vw, 225px\" \/><\/p>\n<p><img loading=\"lazy\" class=\"alignnone size-medium wp-image-63519\" src=\"http:\/\/www.filindeblogg.nu\/wp-content\/uploads\/2015\/05\/023-300x225.jpg\" alt=\"023\" width=\"300\" height=\"225\" srcset=\"http:\/\/www.filindeblogg.nu\/wp-content\/uploads\/2015\/05\/023-300x225.jpg 300w, http:\/\/www.filindeblogg.nu\/wp-content\/uploads\/2015\/05\/023.jpg 600w\" sizes=\"(max-width: 300px) 100vw, 300px\" \/> Idag \u00e4r det inomhuslek som g\u00e4ller.\u00a0<img loading=\"lazy\" class=\"alignnone size-medium wp-image-63520\" src=\"http:\/\/www.filindeblogg.nu\/wp-content\/uploads\/2015\/05\/0243-300x225.jpg\" alt=\"024\" width=\"300\" height=\"225\" srcset=\"http:\/\/www.filindeblogg.nu\/wp-content\/uploads\/2015\/05\/0243-300x225.jpg 300w, http:\/\/www.filindeblogg.nu\/wp-content\/uploads\/2015\/05\/0243.jpg 600w\" sizes=\"(max-width: 300px) 100vw, 300px\" \/> En liten leksaksmus f\u00e5r sig en omg\u00e5ng. <img loading=\"lazy\" class=\"alignnone size-medium wp-image-63521\" src=\"http:\/\/www.filindeblogg.nu\/wp-content\/uploads\/2015\/05\/025-300x225.jpg\" alt=\"025\" width=\"300\" height=\"225\" srcset=\"http:\/\/www.filindeblogg.nu\/wp-content\/uploads\/2015\/05\/025-300x225.jpg 300w, http:\/\/www.filindeblogg.nu\/wp-content\/uploads\/2015\/05\/025.jpg 600w\" sizes=\"(max-width: 300px) 100vw, 300px\" \/><\/p>\n<p>Men mest sussar katterna p\u00e5 s\u00f6ta \u00f6rat idag n\u00e4r himlen \u00e4r gr\u00e5 och regnet strilar ner.<\/p>\n<p>Lite &#8221;sk\u00e5pmat&#8221; kommer h\u00e4r. <img loading=\"lazy\" class=\"alignnone size-medium wp-image-63522\" src=\"http:\/\/www.filindeblogg.nu\/wp-content\/uploads\/2015\/05\/0051-225x300.jpg\" alt=\"005\" width=\"225\" height=\"300\" srcset=\"http:\/\/www.filindeblogg.nu\/wp-content\/uploads\/2015\/05\/0051-225x300.jpg 225w, http:\/\/www.filindeblogg.nu\/wp-content\/uploads\/2015\/05\/0051.jpg 450w\" sizes=\"(max-width: 225px) 100vw, 225px\" \/> Fr\u00e5n s\u00e5v\u00e4l mj\u00f6lkpaket som litrar med yoghurt kan man l\u00e4ra sig mycket. <img loading=\"lazy\" class=\"alignnone size-medium wp-image-63523\" src=\"http:\/\/www.filindeblogg.nu\/wp-content\/uploads\/2015\/05\/0063-225x300.jpg\" alt=\"006\" width=\"225\" height=\"300\" srcset=\"http:\/\/www.filindeblogg.nu\/wp-content\/uploads\/2015\/05\/0063-225x300.jpg 225w, http:\/\/www.filindeblogg.nu\/wp-content\/uploads\/2015\/05\/0063.jpg 450w\" sizes=\"(max-width: 225px) 100vw, 225px\" \/> Det h\u00e4r tyckte bloggaren var lite kul! \ud83d\ude00 <img loading=\"lazy\" class=\"alignnone size-medium wp-image-63524\" src=\"http:\/\/www.filindeblogg.nu\/wp-content\/uploads\/2015\/05\/0072-300x114.jpg\" alt=\"007\" width=\"300\" height=\"114\" srcset=\"http:\/\/www.filindeblogg.nu\/wp-content\/uploads\/2015\/05\/0072-300x114.jpg 300w, http:\/\/www.filindeblogg.nu\/wp-content\/uploads\/2015\/05\/0072.jpg 600w\" sizes=\"(max-width: 300px) 100vw, 300px\" \/><\/p>\n<p><img loading=\"lazy\" class=\"alignnone  wp-image-63525\" src=\"http:\/\/www.filindeblogg.nu\/wp-content\/uploads\/2015\/05\/Nordpolen.jpg\" alt=\"Nordpolen\" width=\"176\" height=\"110\" \/> <em>&#8221;St\u00e5r du med ett ben p\u00e5 var sida om Nordpolen s\u00e5 har du en fot i varje tidszon och kan \u00e4ta frukost\u00a0<img loading=\"lazy\" class=\"alignnone size-full wp-image-63526\" src=\"http:\/\/www.filindeblogg.nu\/wp-content\/uploads\/2015\/05\/Te.jpg\" alt=\"Te\" width=\"187\" height=\"269\" \/> och middag\u00a0<img loading=\"lazy\" class=\"alignnone size-full wp-image-63527\" src=\"http:\/\/www.filindeblogg.nu\/wp-content\/uploads\/2015\/05\/Middag.jpg\" alt=\"Middag\" width=\"275\" height=\"183\" \/> samtidigt!&#8221;<\/em> \ud83d\ude42<\/p>\n<p>Det h\u00e4r hittades i tidningen<a href=\"http:\/\/www.metro.se\/metro-debatt\/storstadstjejen-jonna-att-bo-pa-landet-ar-overlagset-stan\/EVHoex!Y4PFHRRvdiagE\/\" target=\"_blank\"> <strong>Metro<\/strong><\/a>. <img loading=\"lazy\" class=\"alignnone  wp-image-63528\" src=\"http:\/\/www.filindeblogg.nu\/wp-content\/uploads\/2015\/05\/0312-300x204.jpg\" alt=\"031\" width=\"209\" height=\"142\" srcset=\"http:\/\/www.filindeblogg.nu\/wp-content\/uploads\/2015\/05\/0312-300x204.jpg 300w, http:\/\/www.filindeblogg.nu\/wp-content\/uploads\/2015\/05\/0312.jpg 571w\" sizes=\"(max-width: 209px) 100vw, 209px\" \/><\/p>\n<p><img loading=\"lazy\" class=\"alignnone  wp-image-63529\" src=\"http:\/\/www.filindeblogg.nu\/wp-content\/uploads\/2015\/05\/0292-213x300.jpg\" alt=\"029\" width=\"107\" height=\"151\" srcset=\"http:\/\/www.filindeblogg.nu\/wp-content\/uploads\/2015\/05\/0292-213x300.jpg 213w, http:\/\/www.filindeblogg.nu\/wp-content\/uploads\/2015\/05\/0292.jpg 425w\" sizes=\"(max-width: 107px) 100vw, 107px\" \/> Ung tjej l\u00e4mnade storstan f\u00f6r landet! <img loading=\"lazy\" class=\"alignnone  wp-image-63530\" src=\"http:\/\/www.filindeblogg.nu\/wp-content\/uploads\/2015\/05\/0303-300x215.jpg\" alt=\"030\" width=\"125\" height=\"89\" srcset=\"http:\/\/www.filindeblogg.nu\/wp-content\/uploads\/2015\/05\/0303-300x215.jpg 300w, http:\/\/www.filindeblogg.nu\/wp-content\/uploads\/2015\/05\/0303.jpg 530w\" sizes=\"(max-width: 125px) 100vw, 125px\" \/><\/p>\n<p>Lite andra tidningsklipp fr\u00e5n &#8221;landet&#8221; som inte \u00e4r lika trevliga&#8230; <img loading=\"lazy\" class=\"alignnone size-medium wp-image-63531\" src=\"http:\/\/www.filindeblogg.nu\/wp-content\/uploads\/2015\/05\/0371-186x300.jpg\" alt=\"037\" width=\"186\" height=\"300\" srcset=\"http:\/\/www.filindeblogg.nu\/wp-content\/uploads\/2015\/05\/0371-186x300.jpg 186w, http:\/\/www.filindeblogg.nu\/wp-content\/uploads\/2015\/05\/0371.jpg 361w\" sizes=\"(max-width: 186px) 100vw, 186px\" \/> Kommunen liksom lokalpressen tiger. Inga svar f\u00e5r alla som ifr\u00e5gas\u00e4tter. Vad ska h\u00e4nda sen??<\/p>\n<p>Annat fr\u00e5n sm\u00e5stan <strong>Arboga<\/strong> h\u00e4r om dagen: <img loading=\"lazy\" class=\"alignnone size-medium wp-image-63532\" src=\"http:\/\/www.filindeblogg.nu\/wp-content\/uploads\/2015\/05\/0381-225x300.jpg\" alt=\"038\" width=\"225\" height=\"300\" srcset=\"http:\/\/www.filindeblogg.nu\/wp-content\/uploads\/2015\/05\/0381-225x300.jpg 225w, http:\/\/www.filindeblogg.nu\/wp-content\/uploads\/2015\/05\/0381.jpg 450w\" sizes=\"(max-width: 225px) 100vw, 225px\" \/> <strong>Agneta Lambert-Meuller (Mp)<\/strong> blev f\u00f6rgrymmad n\u00e4r hennes motion avslogs om att bjuda in<a href=\"http:\/\/www.rfslungdom.se\/\" target=\"_blank\"><strong> RFSL Ungdom<\/strong> <\/a>till skolorna i Arboga f\u00f6r att f\u00f6rel\u00e4sa.<br \/>\nBloggaren sj\u00e4lv tycker f\u00f6rslaget var mycket bra och \u00e4r ledsen att den avslogs. Ledsamt k\u00e4nns det ocks\u00e5 att <strong>Mp lokalt i Arboga<\/strong> dagen efter g\u00e5r ut i tidningen och s\u00e4ger sig ta avst\u00e5nd fr\u00e5n partikamratens \u00e5sikter.<\/p>\n<p>\u00c4ven om barn- och utbildningsn\u00e4mnd liksom skolchef kanske inte ska h\u00e4nf\u00f6ras till epitetet homofober s\u00e5 k\u00e4nns det lite inskr\u00e4nkt och fegt, kan bloggaren tycka. Lite sm\u00e5stadsaktigt kanske.<img loading=\"lazy\" class=\"alignnone size-full wp-image-63535\" src=\"http:\/\/www.filindeblogg.nu\/wp-content\/uploads\/2015\/05\/L\u00e4gga-locket-p\u00e5.jpg\" alt=\"L\u00e4gga locket p\u00e5\" width=\"120\" height=\"160\" \/> Precis som n\u00e4r man l\u00e4gger locket p\u00e5 och inte vill svara p\u00e5 varf\u00f6r det skulle vara bra att aktiva <strong>SD-politiker<\/strong> f\u00f6retr\u00e4der Arboga i stadens st\u00f6rsta turistarrangemang <a href=\"http:\/\/www.arbogamedeltid.se\/\" target=\"_blank\"><strong>Medeltidsdagarna.<\/strong><\/a><\/p>\n<p><strong>Heja Agneta Lambert-Meuller!<\/strong> <strong>K\u00e4mpa p\u00e5! <\/strong>Artikeln om Agneta kan ni l\u00e4sa<strong><a href=\"http:\/\/bblat.se\/nyheter\/arboga\/1.2993447-hon-kallar-skolchefen-for-homofob\" target=\"_blank\"> H\u00c4R! i <\/a>Arboga Tidning!<\/strong> Ins\u00e4ndaren om medeltidsfr\u00e5gor som aldrig besvaras hittar ni <a href=\"http:\/\/bblat.se\/insandare\/1.2992116-nagra-fragor-kring-det-medeltida-brudparet\" target=\"_blank\"><strong>H\u00c4R!<\/strong><\/a> Samma tidning!<\/p>\n<p>Bloggaren kan ber\u00e4tta att ifr\u00e5gas\u00e4tter man <strong>SD<\/strong> som dragpl\u00e5ster f\u00f6r Arboga f\u00e5r man utst\u00e5 en del. M\u00e4ngder av hat- och hotmeddelanden.<br \/>\nVisst \u00e4r det h\u00e4rligt med demokrati och yttrandefrihet&#8230; \ud83d\ude41<img loading=\"lazy\" class=\"alignnone  wp-image-63542\" src=\"http:\/\/www.filindeblogg.nu\/wp-content\/uploads\/2015\/05\/Troll.jpg\" alt=\"Troll\" width=\"165\" height=\"156\" \/><\/p>\n<p><img loading=\"lazy\" class=\"alignnone size-medium wp-image-63534\" src=\"http:\/\/www.filindeblogg.nu\/wp-content\/uploads\/2015\/05\/0162-300x225.jpg\" alt=\"016\" width=\"300\" height=\"225\" srcset=\"http:\/\/www.filindeblogg.nu\/wp-content\/uploads\/2015\/05\/0162-300x225.jpg 300w, http:\/\/www.filindeblogg.nu\/wp-content\/uploads\/2015\/05\/0162.jpg 600w\" sizes=\"(max-width: 300px) 100vw, 300px\" \/>\u00a0Se d\u00e4r ja, det blev en blogg idag i alla fall.\u00a0 Bilden h\u00e4r ovan visar \u00e5ter till vackra magnoliatr\u00e4det i parken i <strong>V\u00e4ster\u00e5s.<\/strong><br \/>\nRegnet smattrar mot rutan och bloggaren tycker faktiskt att v\u00e4dret \u00e4r underbart! S\u00e5 sk\u00f6nt och mysigt att kura inomhus. Tids nog blir det solsken igen och till dess kan den som vill leva p\u00e5 minnen.<\/p>\n<p style=\"text-align: center;\"><img loading=\"lazy\" class=\"aligncenter size-medium wp-image-63533\" src=\"http:\/\/www.filindeblogg.nu\/wp-content\/uploads\/2015\/05\/010-300x225.jpg\" alt=\"010\" width=\"300\" height=\"225\" srcset=\"http:\/\/www.filindeblogg.nu\/wp-content\/uploads\/2015\/05\/010-300x225.jpg 300w, http:\/\/www.filindeblogg.nu\/wp-content\/uploads\/2015\/05\/010.jpg 600w\" sizes=\"(max-width: 300px) 100vw, 300px\" \/><br \/>\nS\u00f6ta Wilma i gr\u00f6ngr\u00e4set.<\/p>\n","protected":false},"excerpt":{"rendered":"<p>Nu \u00e4r det l\u00e5ngt mellan bloggarna och s\u00e5 kommer det nog att f\u00f6rbli. Lust och h\u00e5g finns till s\u00e5 mycket annat ocks\u00e5. Bilden ovan \u00e4r fr\u00e5n pingstdagen, snart en vecka sedan. Sol och bl\u00e5 himmel. F\u00f6rv\u00e4ntansfulla katter var det d\u00e5 n\u00e4r &#8221;morsan&#8221; ocks\u00e5 var ute! Alla tre samtidigt &#8211; och f\u00e5ngade p\u00e5 bild! &#8211; h\u00e4nder [&hellip;]<\/p>\n","protected":false},"author":1,"featured_media":0,"comment_status":"open","ping_status":"open","sticky":false,"template":"","format":"standard","meta":[],"categories":[127,115,188,41,162,100,160,119,151,101],"tags":[],"_links":{"self":[{"href":"http:\/\/www.filindeblogg.nu\/index.php?rest_route=\/wp\/v2\/posts\/63513"}],"collection":[{"href":"http:\/\/www.filindeblogg.nu\/index.php?rest_route=\/wp\/v2\/posts"}],"about":[{"href":"http:\/\/www.filindeblogg.nu\/index.php?rest_route=\/wp\/v2\/types\/post"}],"author":[{"embeddable":true,"href":"http:\/\/www.filindeblogg.nu\/index.php?rest_route=\/wp\/v2\/users\/1"}],"replies":[{"embeddable":true,"href":"http:\/\/www.filindeblogg.nu\/index.php?rest_route=%2Fwp%2Fv2%2Fcomments&post=63513"}],"version-history":[{"count":14,"href":"http:\/\/www.filindeblogg.nu\/index.php?rest_route=\/wp\/v2\/posts\/63513\/revisions"}],"predecessor-version":[{"id":63550,"href":"http:\/\/www.filindeblogg.nu\/index.php?rest_route=\/wp\/v2\/posts\/63513\/revisions\/63550"}],"wp:attachment":[{"href":"http:\/\/www.filindeblogg.nu\/index.php?rest_route=%2Fwp%2Fv2%2Fmedia&parent=63513"}],"wp:term":[{"taxonomy":"category","embeddable":true,"href":"http:\/\/www.filindeblogg.nu\/index.php?rest_route=%2Fwp%2Fv2%2Fcategories&post=63513"},{"taxonomy":"post_tag","embeddable":true,"href":"http:\/\/www.filindeblogg.nu\/index.php?rest_route=%2Fwp%2Fv2%2Ftags&post=63513"}],"curies":[{"name":"wp","href":"https:\/\/api.w.org\/{rel}","templated":true}]}}