{"id":63454,"date":"2015-05-22T04:31:57","date_gmt":"2015-05-22T03:31:57","guid":{"rendered":"http:\/\/www.filindeblogg.nu\/?p=63454"},"modified":"2015-05-22T04:31:57","modified_gmt":"2015-05-22T03:31:57","slug":"en-sorgens-dag-men-ocksa-en-hogtid","status":"publish","type":"post","link":"http:\/\/www.filindeblogg.nu\/?p=63454","title":{"rendered":"En sorgens dag men ocks\u00e5 en h\u00f6gtid."},"content":{"rendered":"<p><img loading=\"lazy\" class=\"aligncenter size-medium wp-image-63455\" src=\"http:\/\/www.filindeblogg.nu\/wp-content\/uploads\/2015\/05\/061-300x225.jpg\" alt=\"061\" width=\"300\" height=\"225\" srcset=\"http:\/\/www.filindeblogg.nu\/wp-content\/uploads\/2015\/05\/061-300x225.jpg 300w, http:\/\/www.filindeblogg.nu\/wp-content\/uploads\/2015\/05\/061.jpg 600w\" sizes=\"(max-width: 300px) 100vw, 300px\" \/><\/p>\n<p><img loading=\"lazy\" class=\"alignnone  wp-image-63456\" src=\"http:\/\/www.filindeblogg.nu\/wp-content\/uploads\/2015\/05\/0631-300x225.jpg\" alt=\"063\" width=\"166\" height=\"124\" srcset=\"http:\/\/www.filindeblogg.nu\/wp-content\/uploads\/2015\/05\/0631-300x225.jpg 300w, http:\/\/www.filindeblogg.nu\/wp-content\/uploads\/2015\/05\/0631.jpg 600w\" sizes=\"(max-width: 166px) 100vw, 166px\" \/> En sorgens dag idag&#8230; <img loading=\"lazy\" class=\"alignnone  wp-image-63457\" src=\"http:\/\/www.filindeblogg.nu\/wp-content\/uploads\/2015\/05\/064-300x225.jpg\" alt=\"064\" width=\"167\" height=\"125\" srcset=\"http:\/\/www.filindeblogg.nu\/wp-content\/uploads\/2015\/05\/064-300x225.jpg 300w, http:\/\/www.filindeblogg.nu\/wp-content\/uploads\/2015\/05\/064.jpg 600w\" sizes=\"(max-width: 167px) 100vw, 167px\" \/><\/p>\n<p style=\"text-align: center;\">&#8230;men ocks\u00e5 en h\u00f6gtidsdag.<\/p>\n<p style=\"text-align: left;\">Idag begravs<strong> min mamma Hj\u00f6rdis<\/strong> och f\u00f6renas \u00e5ter med pappa.<\/p>\n<p style=\"text-align: left;\"><img loading=\"lazy\" class=\"alignnone  wp-image-63458\" src=\"http:\/\/www.filindeblogg.nu\/wp-content\/uploads\/2015\/05\/Tv\u00e5-kajor-3-225x300.jpg\" alt=\"Tv\u00e5 kajor 3\" width=\"170\" height=\"227\" srcset=\"http:\/\/www.filindeblogg.nu\/wp-content\/uploads\/2015\/05\/Tv\u00e5-kajor-3-225x300.jpg 225w, http:\/\/www.filindeblogg.nu\/wp-content\/uploads\/2015\/05\/Tv\u00e5-kajor-3.jpg 450w\" sizes=\"(max-width: 170px) 100vw, 170px\" \/> Mamma och pappa tyckte om kajorna. Den h\u00e4r bilden togs en dag d\u00e5 jag bes\u00f6kte mamma och hon tyckte de tv\u00e5 kajorna p\u00e5minde henne om sig sj\u00e4lv och pappa.<\/p>\n<p style=\"text-align: left;\">Torsdagen den 23 april 2015 \u00e5kte jag som vanligt f\u00f6r att vattna blommor hos mamma n\u00e4r hon tillf\u00e4lligt vistades p\u00e5 korttidsboende. Det h\u00e4r m\u00f6tte mig. <img loading=\"lazy\" class=\"alignnone size-medium wp-image-63459\" src=\"http:\/\/www.filindeblogg.nu\/wp-content\/uploads\/2015\/05\/093-203x300.jpg\" alt=\"093\" width=\"203\" height=\"300\" srcset=\"http:\/\/www.filindeblogg.nu\/wp-content\/uploads\/2015\/05\/093-203x300.jpg 203w, http:\/\/www.filindeblogg.nu\/wp-content\/uploads\/2015\/05\/093.jpg 406w\" sizes=\"(max-width: 203px) 100vw, 203px\" \/> En d\u00f6d f\u00e5gel p\u00e5 trappan till mammas hus.<\/p>\n<p style=\"text-align: left;\">En d\u00f6d kaja&#8230; <img loading=\"lazy\" class=\"alignnone size-medium wp-image-63460\" src=\"http:\/\/www.filindeblogg.nu\/wp-content\/uploads\/2015\/05\/094-225x300.jpg\" alt=\"094\" width=\"225\" height=\"300\" srcset=\"http:\/\/www.filindeblogg.nu\/wp-content\/uploads\/2015\/05\/094-225x300.jpg 225w, http:\/\/www.filindeblogg.nu\/wp-content\/uploads\/2015\/05\/094.jpg 450w\" sizes=\"(max-width: 225px) 100vw, 225px\" \/> Jag blev omedelbart illa till mods. Visste ju hur mycket mamma tyckte om kajorna och hur de symboliserade henne och pappa.<br \/>\nDetta k\u00e4ndes som ett omen. Jag begravde kajan i tr\u00e4dg\u00e5rden &#8211; en fin grav med blommor och gr\u00f6nt.<\/p>\n<p style=\"text-align: left;\">N\u00e4r jag sen kom till mamma p\u00e5 boendet hade hon pl\u00f6tsligt blivit mycket d\u00e5lig. Det var b\u00f6rjan till slutet&#8230; Tre dagar senare somnade min \u00e4lskade mamma in.<\/p>\n<p style=\"text-align: left;\"><img loading=\"lazy\" class=\"alignnone  wp-image-63461\" src=\"http:\/\/www.filindeblogg.nu\/wp-content\/uploads\/2015\/05\/Mamma-som-liten-300x300.jpg\" alt=\"Mamma som liten\" width=\"182\" height=\"182\" srcset=\"http:\/\/www.filindeblogg.nu\/wp-content\/uploads\/2015\/05\/Mamma-som-liten-300x300.jpg 300w, http:\/\/www.filindeblogg.nu\/wp-content\/uploads\/2015\/05\/Mamma-som-liten-150x150.jpg 150w, http:\/\/www.filindeblogg.nu\/wp-content\/uploads\/2015\/05\/Mamma-som-liten-144x144.jpg 144w, http:\/\/www.filindeblogg.nu\/wp-content\/uploads\/2015\/05\/Mamma-som-liten.jpg 480w\" sizes=\"(max-width: 182px) 100vw, 182px\" \/> Mamma som mycket liten, tillsammans med storasyster Doris.<\/p>\n<p style=\"text-align: left;\">H\u00e4r som 11-\u00e5rig skolflicka. <img loading=\"lazy\" class=\"alignnone  wp-image-63462\" src=\"http:\/\/www.filindeblogg.nu\/wp-content\/uploads\/2015\/05\/0031-300x237.jpg\" alt=\"003\" width=\"220\" height=\"174\" srcset=\"http:\/\/www.filindeblogg.nu\/wp-content\/uploads\/2015\/05\/0031-300x237.jpg 300w, http:\/\/www.filindeblogg.nu\/wp-content\/uploads\/2015\/05\/0031.jpg 569w\" sizes=\"(max-width: 220px) 100vw, 220px\" \/><\/p>\n<p style=\"text-align: left;\">Ung, hemma p\u00e5 g\u00e5rden i <strong>Regna<\/strong>. <img loading=\"lazy\" class=\"alignnone size-medium wp-image-63468\" src=\"http:\/\/www.filindeblogg.nu\/wp-content\/uploads\/2015\/05\/Copy-of-Hj\u00f6rdis-som-ung-med-katt-i-kn\u00e4et-225x300.jpg\" alt=\"Copy of Hj\u00f6rdis som ung med katt i kn\u00e4et\" width=\"225\" height=\"300\" srcset=\"http:\/\/www.filindeblogg.nu\/wp-content\/uploads\/2015\/05\/Copy-of-Hj\u00f6rdis-som-ung-med-katt-i-kn\u00e4et-225x300.jpg 225w, http:\/\/www.filindeblogg.nu\/wp-content\/uploads\/2015\/05\/Copy-of-Hj\u00f6rdis-som-ung-med-katt-i-kn\u00e4et.jpg 346w\" sizes=\"(max-width: 225px) 100vw, 225px\" \/> Naturligtvis med en liten katt i kn\u00e4et. Mamma var en stor djurv\u00e4n.<\/p>\n<p style=\"text-align: left;\">Mamma och pappa har tr\u00e4ffats. <img loading=\"lazy\" class=\"alignnone size-medium wp-image-63464\" src=\"http:\/\/www.filindeblogg.nu\/wp-content\/uploads\/2015\/05\/Mamma-och-pappa-som-unga-vacker-par-300x236.jpg\" alt=\"Mamma och pappa som unga vacker par\" width=\"300\" height=\"236\" srcset=\"http:\/\/www.filindeblogg.nu\/wp-content\/uploads\/2015\/05\/Mamma-och-pappa-som-unga-vacker-par-300x236.jpg 300w, http:\/\/www.filindeblogg.nu\/wp-content\/uploads\/2015\/05\/Mamma-och-pappa-som-unga-vacker-par.jpg 572w\" sizes=\"(max-width: 300px) 100vw, 300px\" \/><\/p>\n<p style=\"text-align: left;\">Gifterm\u00e5l i <strong>Regna kyrka<\/strong> den 23 maj 1953. <img loading=\"lazy\" class=\"alignnone size-medium wp-image-63465\" src=\"http:\/\/www.filindeblogg.nu\/wp-content\/uploads\/2015\/05\/Mamma-och-pappa-23-maj-1953-213x300.jpg\" alt=\"Mamma och pappa 23 maj 1953\" width=\"213\" height=\"300\" srcset=\"http:\/\/www.filindeblogg.nu\/wp-content\/uploads\/2015\/05\/Mamma-och-pappa-23-maj-1953-213x300.jpg 213w, http:\/\/www.filindeblogg.nu\/wp-content\/uploads\/2015\/05\/Mamma-och-pappa-23-maj-1953.jpg 426w\" sizes=\"(max-width: 213px) 100vw, 213px\" \/> Ett \u00e5r senare kom f\u00f6rsta barnet &#8211; jag. <img loading=\"lazy\" class=\"alignnone size-medium wp-image-63466\" src=\"http:\/\/www.filindeblogg.nu\/wp-content\/uploads\/2015\/05\/Hj\u00f6rdis-G\u00f6te-och-jag-som-baby-225x300.jpg\" alt=\"Hj\u00f6rdis G\u00f6te och jag som baby\" width=\"225\" height=\"300\" srcset=\"http:\/\/www.filindeblogg.nu\/wp-content\/uploads\/2015\/05\/Hj\u00f6rdis-G\u00f6te-och-jag-som-baby-225x300.jpg 225w, http:\/\/www.filindeblogg.nu\/wp-content\/uploads\/2015\/05\/Hj\u00f6rdis-G\u00f6te-och-jag-som-baby.jpg 231w\" sizes=\"(max-width: 225px) 100vw, 225px\" \/><\/p>\n<p style=\"text-align: left;\">Medel\u00e5ldern&#8230; <img loading=\"lazy\" class=\"alignnone size-medium wp-image-63467\" src=\"http:\/\/www.filindeblogg.nu\/wp-content\/uploads\/2015\/05\/Hj\u00f6rdis-omkring-1988-300x225.jpg\" alt=\"Hj\u00f6rdis omkring 1988\" width=\"300\" height=\"225\" srcset=\"http:\/\/www.filindeblogg.nu\/wp-content\/uploads\/2015\/05\/Hj\u00f6rdis-omkring-1988-300x225.jpg 300w, http:\/\/www.filindeblogg.nu\/wp-content\/uploads\/2015\/05\/Hj\u00f6rdis-omkring-1988.jpg 600w\" sizes=\"(max-width: 300px) 100vw, 300px\" \/><\/p>\n<p style=\"text-align: left;\">\u00c4ldre, ihop med pappa &#8211; det \u00e4r midsommar! <img loading=\"lazy\" class=\"alignnone size-medium wp-image-63469\" src=\"http:\/\/www.filindeblogg.nu\/wp-content\/uploads\/2015\/05\/G\u00f6te-och-Hj\u00f6rdis-sk\u00e5lar-p\u00e5-Midsommarafton-2010-300x225.jpg\" alt=\"G\u00f6te och Hj\u00f6rdis sk\u00e5lar p\u00e5 Midsommarafton 2010\" width=\"300\" height=\"225\" srcset=\"http:\/\/www.filindeblogg.nu\/wp-content\/uploads\/2015\/05\/G\u00f6te-och-Hj\u00f6rdis-sk\u00e5lar-p\u00e5-Midsommarafton-2010-300x225.jpg 300w, http:\/\/www.filindeblogg.nu\/wp-content\/uploads\/2015\/05\/G\u00f6te-och-Hj\u00f6rdis-sk\u00e5lar-p\u00e5-Midsommarafton-2010.jpg 461w\" sizes=\"(max-width: 300px) 100vw, 300px\" \/><\/p>\n<p style=\"text-align: left;\"><strong>Fars dag<\/strong> f\u00f6r n\u00e5gra \u00e5r sedan. <img loading=\"lazy\" class=\"alignnone size-medium wp-image-63470\" src=\"http:\/\/www.filindeblogg.nu\/wp-content\/uploads\/2015\/05\/Hj\u00f6rdis-och-G\u00f6te-p\u00e5-Fars-Dag-en-j\u00e4tteh\u00e4rlig-dag-121111-300x211.jpg\" alt=\"Hj\u00f6rdis och G\u00f6te p\u00e5 Fars Dag en j\u00e4tteh\u00e4rlig dag 121111\" width=\"300\" height=\"211\" srcset=\"http:\/\/www.filindeblogg.nu\/wp-content\/uploads\/2015\/05\/Hj\u00f6rdis-och-G\u00f6te-p\u00e5-Fars-Dag-en-j\u00e4tteh\u00e4rlig-dag-121111-300x211.jpg 300w, http:\/\/www.filindeblogg.nu\/wp-content\/uploads\/2015\/05\/Hj\u00f6rdis-och-G\u00f6te-p\u00e5-Fars-Dag-en-j\u00e4tteh\u00e4rlig-dag-121111.jpg 571w\" sizes=\"(max-width: 300px) 100vw, 300px\" \/><\/p>\n<p style=\"text-align: left;\">Och det som skulle komma att bli mammas sista f\u00f6delsedag. <img loading=\"lazy\" class=\"alignnone size-medium wp-image-63471\" src=\"http:\/\/www.filindeblogg.nu\/wp-content\/uploads\/2015\/05\/Mamma-fyller-89-\u00e5r-Redigerad-Kopia-242x300.jpg\" alt=\"Mamma fyller 89 \u00e5r - Redigerad Kopia\" width=\"242\" height=\"300\" srcset=\"http:\/\/www.filindeblogg.nu\/wp-content\/uploads\/2015\/05\/Mamma-fyller-89-\u00e5r-Redigerad-Kopia-242x300.jpg 242w, http:\/\/www.filindeblogg.nu\/wp-content\/uploads\/2015\/05\/Mamma-fyller-89-\u00e5r-Redigerad-Kopia.jpg 450w\" sizes=\"(max-width: 242px) 100vw, 242px\" \/> Hon fyllde 89 \u00e5r den 30 april f\u00f6rra \u00e5ret.<\/p>\n<p style=\"text-align: left;\"><img loading=\"lazy\" class=\"alignnone  wp-image-63472\" src=\"http:\/\/www.filindeblogg.nu\/wp-content\/uploads\/2015\/05\/Hj\u00f6rdis-p\u00e5-Lucia-2010-225x300.jpg\" alt=\"Hj\u00f6rdis p\u00e5 Lucia 2010\" width=\"198\" height=\"264\" srcset=\"http:\/\/www.filindeblogg.nu\/wp-content\/uploads\/2015\/05\/Hj\u00f6rdis-p\u00e5-Lucia-2010-225x300.jpg 225w, http:\/\/www.filindeblogg.nu\/wp-content\/uploads\/2015\/05\/Hj\u00f6rdis-p\u00e5-Lucia-2010.jpg 346w\" sizes=\"(max-width: 198px) 100vw, 198px\" \/> En sorgens dag<br \/>\n&#8211; men ocks\u00e5 en h\u00f6gtidsdag. <img loading=\"lazy\" class=\"alignnone  wp-image-63463\" src=\"http:\/\/www.filindeblogg.nu\/wp-content\/uploads\/2015\/05\/Mamma-\u00e4lskade-mamma1-225x300.jpg\" alt=\"Mamma \u00e4lskade mamma\" width=\"205\" height=\"273\" srcset=\"http:\/\/www.filindeblogg.nu\/wp-content\/uploads\/2015\/05\/Mamma-\u00e4lskade-mamma1-225x300.jpg 225w, http:\/\/www.filindeblogg.nu\/wp-content\/uploads\/2015\/05\/Mamma-\u00e4lskade-mamma1.jpg 450w\" sizes=\"(max-width: 205px) 100vw, 205px\" \/><\/p>\n<p style=\"text-align: left;\">Tack \u00e4lskade mamma f\u00f6r allt. Du var inte bara min mamma utan ocks\u00e5 min b\u00e4sta v\u00e4n.<\/p>\n<p style=\"text-align: left;\"><img loading=\"lazy\" class=\"aligncenter size-medium wp-image-63473\" src=\"http:\/\/www.filindeblogg.nu\/wp-content\/uploads\/2015\/05\/F\u00f6rg\u00e4t-mig-ej-nej-aldirg-300x225.jpg\" alt=\"F\u00f6rg\u00e4t mig ej nej aldirg\" width=\"300\" height=\"225\" srcset=\"http:\/\/www.filindeblogg.nu\/wp-content\/uploads\/2015\/05\/F\u00f6rg\u00e4t-mig-ej-nej-aldirg-300x225.jpg 300w, http:\/\/www.filindeblogg.nu\/wp-content\/uploads\/2015\/05\/F\u00f6rg\u00e4t-mig-ej-nej-aldirg.jpg 600w\" sizes=\"(max-width: 300px) 100vw, 300px\" \/><\/p>\n<p style=\"text-align: left;\">Imorgon infaller pingstafton \u00e5ter den 23 maj, samma datum som du och pappa gifte er f\u00f6r 62 \u00e5r sedan. Imorgon p\u00e5 pingstafton vilar ni \u00e5ter tillsammans &#8211; \u00e4lskade f\u00f6r\u00e4ldrar!<\/p>\n<p style=\"text-align: left;\"><img loading=\"lazy\" class=\"aligncenter size-medium wp-image-63474\" src=\"http:\/\/www.filindeblogg.nu\/wp-content\/uploads\/2015\/05\/Hj\u00e4rta-av-f\u00f6rg\u00e4tmigej-300x214.jpg\" alt=\"Hj\u00e4rta av f\u00f6rg\u00e4tmigej\" width=\"300\" height=\"214\" srcset=\"http:\/\/www.filindeblogg.nu\/wp-content\/uploads\/2015\/05\/Hj\u00e4rta-av-f\u00f6rg\u00e4tmigej-300x214.jpg 300w, http:\/\/www.filindeblogg.nu\/wp-content\/uploads\/2015\/05\/Hj\u00e4rta-av-f\u00f6rg\u00e4tmigej.jpg 720w\" sizes=\"(max-width: 300px) 100vw, 300px\" \/><\/p>\n<p style=\"text-align: center;\">F\u00f6rg\u00e4t mig ej &#8211; nej aldrig n\u00e5gonsin!<\/p>\n<p style=\"text-align: center;\"><img loading=\"lazy\" class=\"aligncenter size-medium wp-image-63475\" src=\"http:\/\/www.filindeblogg.nu\/wp-content\/uploads\/2015\/05\/Blommande-\u00e4ppeltr\u00e4det-Hj\u00f6rdis-300x300.jpg\" alt=\"Blommande \u00e4ppeltr\u00e4det Hj\u00f6rdis\" width=\"300\" height=\"300\" srcset=\"http:\/\/www.filindeblogg.nu\/wp-content\/uploads\/2015\/05\/Blommande-\u00e4ppeltr\u00e4det-Hj\u00f6rdis-300x300.jpg 300w, http:\/\/www.filindeblogg.nu\/wp-content\/uploads\/2015\/05\/Blommande-\u00e4ppeltr\u00e4det-Hj\u00f6rdis-150x150.jpg 150w, http:\/\/www.filindeblogg.nu\/wp-content\/uploads\/2015\/05\/Blommande-\u00e4ppeltr\u00e4det-Hj\u00f6rdis-144x144.jpg 144w, http:\/\/www.filindeblogg.nu\/wp-content\/uploads\/2015\/05\/Blommande-\u00e4ppeltr\u00e4det-Hj\u00f6rdis.jpg 480w\" sizes=\"(max-width: 300px) 100vw, 300px\" \/><\/p>\n","protected":false},"excerpt":{"rendered":"<p>En sorgens dag idag&#8230; &#8230;men ocks\u00e5 en h\u00f6gtidsdag. Idag begravs min mamma Hj\u00f6rdis och f\u00f6renas \u00e5ter med pappa. Mamma och pappa tyckte om kajorna. Den h\u00e4r bilden togs en dag d\u00e5 jag bes\u00f6kte mamma och hon tyckte de tv\u00e5 kajorna p\u00e5minde henne om sig sj\u00e4lv och pappa. Torsdagen den 23 april 2015 \u00e5kte jag som [&hellip;]<\/p>\n","protected":false},"author":1,"featured_media":0,"comment_status":"open","ping_status":"open","sticky":false,"template":"","format":"standard","meta":[],"categories":[161,100,132],"tags":[],"_links":{"self":[{"href":"http:\/\/www.filindeblogg.nu\/index.php?rest_route=\/wp\/v2\/posts\/63454"}],"collection":[{"href":"http:\/\/www.filindeblogg.nu\/index.php?rest_route=\/wp\/v2\/posts"}],"about":[{"href":"http:\/\/www.filindeblogg.nu\/index.php?rest_route=\/wp\/v2\/types\/post"}],"author":[{"embeddable":true,"href":"http:\/\/www.filindeblogg.nu\/index.php?rest_route=\/wp\/v2\/users\/1"}],"replies":[{"embeddable":true,"href":"http:\/\/www.filindeblogg.nu\/index.php?rest_route=%2Fwp%2Fv2%2Fcomments&post=63454"}],"version-history":[{"count":8,"href":"http:\/\/www.filindeblogg.nu\/index.php?rest_route=\/wp\/v2\/posts\/63454\/revisions"}],"predecessor-version":[{"id":63486,"href":"http:\/\/www.filindeblogg.nu\/index.php?rest_route=\/wp\/v2\/posts\/63454\/revisions\/63486"}],"wp:attachment":[{"href":"http:\/\/www.filindeblogg.nu\/index.php?rest_route=%2Fwp%2Fv2%2Fmedia&parent=63454"}],"wp:term":[{"taxonomy":"category","embeddable":true,"href":"http:\/\/www.filindeblogg.nu\/index.php?rest_route=%2Fwp%2Fv2%2Fcategories&post=63454"},{"taxonomy":"post_tag","embeddable":true,"href":"http:\/\/www.filindeblogg.nu\/index.php?rest_route=%2Fwp%2Fv2%2Ftags&post=63454"}],"curies":[{"name":"wp","href":"https:\/\/api.w.org\/{rel}","templated":true}]}}