{"id":63438,"date":"2015-05-21T06:06:14","date_gmt":"2015-05-21T05:06:14","guid":{"rendered":"http:\/\/www.filindeblogg.nu\/?p=63438"},"modified":"2015-05-21T06:06:14","modified_gmt":"2015-05-21T05:06:14","slug":"lite-grasklippning-lite-tankar","status":"publish","type":"post","link":"http:\/\/www.filindeblogg.nu\/?p=63438","title":{"rendered":"Lite gr\u00e4sklippning, lite tankar&#8230;"},"content":{"rendered":"<p>F\u00f6rst ut &#8211; det h\u00e4r! <img loading=\"lazy\" class=\"alignnone size-medium wp-image-63439\" src=\"http:\/\/www.filindeblogg.nu\/wp-content\/uploads\/2015\/05\/0012-225x300.jpg\" alt=\"001\" width=\"225\" height=\"300\" srcset=\"http:\/\/www.filindeblogg.nu\/wp-content\/uploads\/2015\/05\/0012-225x300.jpg 225w, http:\/\/www.filindeblogg.nu\/wp-content\/uploads\/2015\/05\/0012.jpg 450w\" sizes=\"(max-width: 225px) 100vw, 225px\" \/> Bloggaren \u00e4r S\u00c5 glad att<a href=\"http:\/\/www.gronadraken.se\/\" target=\"_blank\"><strong> &#8221;Gr\u00f6na Draken&#8221;<\/strong> <\/a>kom i brevl\u00e5dan h\u00e4r om dagen trots skylten om <em>&#8221;Ingen reklam, tack&#8221;<\/em>. F\u00f6r den h\u00e4r tidskriften vill jag ha och har saknat!<\/p>\n<p>Sen det h\u00e4r! <img loading=\"lazy\" class=\"alignnone  wp-image-63444\" src=\"http:\/\/www.filindeblogg.nu\/wp-content\/uploads\/2015\/05\/0062-225x300.jpg\" alt=\"006\" width=\"167\" height=\"223\" srcset=\"http:\/\/www.filindeblogg.nu\/wp-content\/uploads\/2015\/05\/0062-225x300.jpg 225w, http:\/\/www.filindeblogg.nu\/wp-content\/uploads\/2015\/05\/0062.jpg 450w\" sizes=\"(max-width: 167px) 100vw, 167px\" \/> Grannhuset har bytt takr\u00e4nna men ocks\u00e5 stupr\u00f6r. Bloggaren undrar oroligt hur l\u00e4nge r\u00f6ret av KOPPAR f\u00e5r vara kvar!? <img loading=\"lazy\" class=\"alignnone size-medium wp-image-63445\" src=\"http:\/\/www.filindeblogg.nu\/wp-content\/uploads\/2015\/05\/0071-225x300.jpg\" alt=\"007\" width=\"225\" height=\"300\" srcset=\"http:\/\/www.filindeblogg.nu\/wp-content\/uploads\/2015\/05\/0071-225x300.jpg 225w, http:\/\/www.filindeblogg.nu\/wp-content\/uploads\/2015\/05\/0071.jpg 450w\" sizes=\"(max-width: 225px) 100vw, 225px\" \/> Koppar l\u00e4r ju vara ett beg\u00e4rligt &#8211; och se s\u00e5 vackert stupr\u00f6ret bl\u00e4nker&#8230;<\/p>\n<p>Sen tr\u00e4dg\u00e5rdsarbetades det ju ig\u00e5r. Ogr\u00e4s rycktes och gr\u00e4s (mossa&#8230;) klipptes! Men hur blev resultatet? Jo, s\u00e5 h\u00e4r: <img loading=\"lazy\" class=\"alignnone  wp-image-63440\" src=\"http:\/\/www.filindeblogg.nu\/wp-content\/uploads\/2015\/05\/065-300x225.jpg\" alt=\"065\" width=\"231\" height=\"173\" srcset=\"http:\/\/www.filindeblogg.nu\/wp-content\/uploads\/2015\/05\/065-300x225.jpg 300w, http:\/\/www.filindeblogg.nu\/wp-content\/uploads\/2015\/05\/065.jpg 600w\" sizes=\"(max-width: 231px) 100vw, 231px\" \/><br \/>\nOch s\u00e5 h\u00e4r! <img loading=\"lazy\" class=\"alignnone  wp-image-63442\" src=\"http:\/\/www.filindeblogg.nu\/wp-content\/uploads\/2015\/05\/044-300x225.jpg\" alt=\"044\" width=\"236\" height=\"177\" srcset=\"http:\/\/www.filindeblogg.nu\/wp-content\/uploads\/2015\/05\/044-300x225.jpg 300w, http:\/\/www.filindeblogg.nu\/wp-content\/uploads\/2015\/05\/044.jpg 600w\" sizes=\"(max-width: 236px) 100vw, 236px\" \/> F\u00f6rutom att gr\u00e4set blev klippt fick bloggaren tid att t\u00e4nka och reflektera d\u00e4r bakom gr\u00e4sklipparen. Om vad? Jo, bland annat det h\u00e4r &#8211; igen!! <img loading=\"lazy\" class=\"alignnone  wp-image-63415\" src=\"http:\/\/www.filindeblogg.nu\/wp-content\/uploads\/2015\/05\/SD-\u00e5rets-brudpar-i-Arboga1-300x169.jpg\" alt=\"SD \u00e5rets brudpar i Arboga\" width=\"140\" height=\"79\" srcset=\"http:\/\/www.filindeblogg.nu\/wp-content\/uploads\/2015\/05\/SD-\u00e5rets-brudpar-i-Arboga1-300x169.jpg 300w, http:\/\/www.filindeblogg.nu\/wp-content\/uploads\/2015\/05\/SD-\u00e5rets-brudpar-i-Arboga1.jpg 860w\" sizes=\"(max-width: 140px) 100vw, 140px\" \/> Paret fr\u00e5n det fr\u00e4mlingsfientliga SD som kommer att bli<strong> Arboga<\/strong>s ansikte ut\u00e5t genom att ha tilldelats det officiella uppdraget att bli <strong>\u00c5rets Medeltida Brudpar<\/strong>.<\/p>\n<p><img loading=\"lazy\" class=\"alignnone  wp-image-63443\" src=\"http:\/\/www.filindeblogg.nu\/wp-content\/uploads\/2015\/05\/0461-300x225.jpg\" alt=\"046\" width=\"227\" height=\"170\" srcset=\"http:\/\/www.filindeblogg.nu\/wp-content\/uploads\/2015\/05\/0461-300x225.jpg 300w, http:\/\/www.filindeblogg.nu\/wp-content\/uploads\/2015\/05\/0461.jpg 600w\" sizes=\"(max-width: 227px) 100vw, 227px\" \/> Ja, hur t\u00e4nkte bloggaren d\u00e5 den d\u00e4r timman d\u00e5 gr\u00e4set klipptes?<br \/>\nJo, s\u00e5 h\u00e4r: Skadan \u00e4r redan skedd &#8211; s\u00e5 vad kan de styrande hitta p\u00e5 f\u00f6r att klara av den h\u00e4r fad\u00e4sen?<br \/>\nBloggaren anser att f\u00f6rst och fr\u00e4mst b\u00f6r styrelsen f\u00f6r <strong>Medeltidsf\u00f6reningen<\/strong> l\u00e4xas upp. Man m\u00e5ste f\u00e5 dem att f\u00f6rst\u00e5 vikten av uppdraget som \u00e5rets medeltida brudpar och vad det inneb\u00e4r att f\u00f6retr\u00e4da Arboga officiellt.<br \/>\nSamtidigt m\u00e5ste kommunens ledning i framtiden vara informerad i f\u00f6rv\u00e4g med m\u00f6jlighet att uttala sig om valet av brudpar eventuellt kan komma att uppfattas som kontroversiellt &#8211; kommunen \u00e4r \u00e4nd\u00e5 huvudsponsor!<\/p>\n<p>Sen tycker bloggaren att kommunens styrande ska ta en pratstund med det blivande brudparet. Ber\u00e4tta om de negativa reaktionerna fr\u00e5n allm\u00e4nheten, tala om att Arboga inte delar SD:s fr\u00e4mlingsfientliga \u00e5sikter och f\u00e5 paret att f\u00f6rst\u00e5 att INGET SD-politiskt f\u00e5r spegla br\u00f6llopet i augusti.<br \/>\nDet vill s\u00e4ga, f\u00f6r att vara lite r\u00e5, inget heilande och inga j\u00e4rnr\u00f6rsf\u00f6rsedda partikamrater.<\/p>\n<p>Som sagt, skadan \u00e4r redan skedd, s\u00e5 det \u00e4r det b\u00e4sta de styrande kan g\u00f6ra, enligt bloggarens mening.<\/p>\n<p><img loading=\"lazy\" class=\"alignnone size-full wp-image-63446\" src=\"http:\/\/www.filindeblogg.nu\/wp-content\/uploads\/2015\/05\/R\u00f6r-inte-min-kompis-liten1.jpg\" alt=\"R\u00f6r inte min kompis liten\" width=\"136\" height=\"172\" \/>Bloggaren har reparerat skadan f\u00f6r egen del genom att g\u00e5 ur <strong>Medeltidsf\u00f6reningen<\/strong> och genom att f\u00f6rl\u00e4gga sin vistelse n\u00e5gon helt annanstans \u00e4n i Arboga den l\u00f6rdag d\u00e5 br\u00f6llopet st\u00e5ndar.<\/p>\n<p><img loading=\"lazy\" class=\"aligncenter size-medium wp-image-63447\" src=\"http:\/\/www.filindeblogg.nu\/wp-content\/uploads\/2015\/05\/048-300x225.jpg\" alt=\"048\" width=\"300\" height=\"225\" srcset=\"http:\/\/www.filindeblogg.nu\/wp-content\/uploads\/2015\/05\/048-300x225.jpg 300w, http:\/\/www.filindeblogg.nu\/wp-content\/uploads\/2015\/05\/048.jpg 600w\" sizes=\"(max-width: 300px) 100vw, 300px\" \/><\/p>\n<p>&nbsp;<\/p>\n<p>&nbsp;<\/p>\n","protected":false},"excerpt":{"rendered":"<p>F\u00f6rst ut &#8211; det h\u00e4r! Bloggaren \u00e4r S\u00c5 glad att &#8221;Gr\u00f6na Draken&#8221; kom i brevl\u00e5dan h\u00e4r om dagen trots skylten om &#8221;Ingen reklam, tack&#8221;. F\u00f6r den h\u00e4r tidskriften vill jag ha och har saknat! Sen det h\u00e4r! Grannhuset har bytt takr\u00e4nna men ocks\u00e5 stupr\u00f6r. Bloggaren undrar oroligt hur l\u00e4nge r\u00f6ret av KOPPAR f\u00e5r vara kvar!? [&hellip;]<\/p>\n","protected":false},"author":1,"featured_media":0,"comment_status":"open","ping_status":"open","sticky":false,"template":"","format":"standard","meta":[],"categories":[127,115,188,156,162,100,119,101],"tags":[],"_links":{"self":[{"href":"http:\/\/www.filindeblogg.nu\/index.php?rest_route=\/wp\/v2\/posts\/63438"}],"collection":[{"href":"http:\/\/www.filindeblogg.nu\/index.php?rest_route=\/wp\/v2\/posts"}],"about":[{"href":"http:\/\/www.filindeblogg.nu\/index.php?rest_route=\/wp\/v2\/types\/post"}],"author":[{"embeddable":true,"href":"http:\/\/www.filindeblogg.nu\/index.php?rest_route=\/wp\/v2\/users\/1"}],"replies":[{"embeddable":true,"href":"http:\/\/www.filindeblogg.nu\/index.php?rest_route=%2Fwp%2Fv2%2Fcomments&post=63438"}],"version-history":[{"count":8,"href":"http:\/\/www.filindeblogg.nu\/index.php?rest_route=\/wp\/v2\/posts\/63438\/revisions"}],"predecessor-version":[{"id":63485,"href":"http:\/\/www.filindeblogg.nu\/index.php?rest_route=\/wp\/v2\/posts\/63438\/revisions\/63485"}],"wp:attachment":[{"href":"http:\/\/www.filindeblogg.nu\/index.php?rest_route=%2Fwp%2Fv2%2Fmedia&parent=63438"}],"wp:term":[{"taxonomy":"category","embeddable":true,"href":"http:\/\/www.filindeblogg.nu\/index.php?rest_route=%2Fwp%2Fv2%2Fcategories&post=63438"},{"taxonomy":"post_tag","embeddable":true,"href":"http:\/\/www.filindeblogg.nu\/index.php?rest_route=%2Fwp%2Fv2%2Ftags&post=63438"}],"curies":[{"name":"wp","href":"https:\/\/api.w.org\/{rel}","templated":true}]}}