{"id":63408,"date":"2015-05-19T13:52:46","date_gmt":"2015-05-19T12:52:46","guid":{"rendered":"http:\/\/www.filindeblogg.nu\/?p=63408"},"modified":"2015-05-19T13:52:46","modified_gmt":"2015-05-19T12:52:46","slug":"den-lilla-fina-nassestaden-arboga","status":"publish","type":"post","link":"http:\/\/www.filindeblogg.nu\/?p=63408","title":{"rendered":"&#8221;Den lilla fina nassestaden Arboga&#8221;&#8230;"},"content":{"rendered":"<p>Just n\u00e4r man t\u00e4nkte att idag finns inget att blogga om h\u00e4r i <strong>Arboga<\/strong> &#8211; s\u00e5 levererar <strong>Arboga Tidning<\/strong> denna nyhet:<\/p>\n<h1 id=\"articleHeader\" class=\"richText\">SD-toppar \u00e5rets br\u00f6llopspar<\/h1>\n<p>&nbsp;<\/p>\n<div class=\"mainContentContainer\">\n<div id=\"navMainWrapper\">\n<div class=\"column mainColumn\">\n<div class=\"inner\">\n<div id=\"articleContainer\" class=\"showDepartmentName level2 default_department\">\n<div class=\"imageWrapper top\"><a href=\"http:\/\/bblat.se\/nyheter\/arboga\/1.2981129-sd-toppar-arets-brollopspar?articleRenderMode=image&amp;image=bigTop\" rel=\"modal\"><img loading=\"lazy\" class=\"articleImage\" title=\"Torbj\u00f6rn Kastell och Emma Westergren blir \u00e5rets medeltida br\u00f6llopspar i Arboga.\" src=\"http:\/\/bblat.se\/image_processor\/1.2981146.1432026680%21\/image\/1119948202.jpg_gen\/derivatives\/wide\/1119948202.jpg?maxWidth=860\" alt=\"Torbj\u00f6rn Kastell och Emma Westergren blir \u00e5rets medeltida br\u00f6llopspar i Arboga.\" width=\"309\" height=\"174\" \/><\/a><\/p>\n<div class=\"staticImageCaption\">\n<p><em><strong>Torbj\u00f6rn Kastel<\/strong>l och <strong>Emma Westergren<\/strong> blir \u00e5rets medeltida br\u00f6llopspar i Arboga.<\/em><\/p>\n<\/div>\n<\/div>\n<div id=\"articleContent\" class=\"clearfix\">\n<p><em>B\u00e5de han och hon har framtr\u00e4dande roller i Sveriegedemokraterna &#8211; nu gifter de sig under medeltidsdagarna. <\/em><\/p>\n<div class=\"body richText\">\n<p><em>Torbj\u00f6rn Kastell och Emma Westergren presenterades i dag som \u00e5rets medeltida br\u00f6llopspar.<\/em><\/p>\n<p><em>&#8211; Vi blev j\u00e4tteglada och \u00f6verraskade \u00f6ver att bli utvalda, s\u00e4ger Torbj\u00f6rn Kastell.<\/em><br \/>\n<em>&#8211; Jag har velat ha ett vikingabr\u00f6llop sedan jag var ton\u00e5ring, s\u00e4ger Emma Westergren.<\/em><\/p>\n<p><em>Torbj\u00f6rn Kastell har tidigare varit partisekreterare f\u00f6r Sverigedemokraterna p\u00e5 riksniv\u00e5. Nu \u00e4r han gruppledare f\u00f6r partiet i Arboga och sitter i kommunfullm\u00e4ktige. Dessutom \u00e4r han ledamot i V\u00e4stmanlands landstingsfullm\u00e4ktige.<\/em><\/p>\n<p><em>Hans blivande fru Emma Westergren \u00e4r ordf\u00f6rande i partiets avdelning f\u00f6r V\u00e4stra M\u00e4lardalen och sitter ocks\u00e5 i Arbogas kommunfullm\u00e4ktige.<\/em><\/p>\n<\/div>\n<\/div>\n<\/div>\n<\/div>\n<\/div>\n<\/div>\n<\/div>\n<p>Bilden \u00e4r ur <strong>Bbl\/AT<\/strong> p\u00e5 n\u00e4tet &#8211; artikeln hittar du<strong><a href=\"http:\/\/bblat.se\/nyheter\/arboga\/1.2981129-sd-toppar-arets-brollopspar\" target=\"_blank\"> H\u00c4R!<\/a><\/strong><\/p>\n<p>HUR t\u00e4nkte man d\u00e5 &#8211; i F\u00f6reningen Arboga Medeltid? T\u00e4nkte man alls? Funderade man aldrig p\u00e5 &#8221;symbolv\u00e4rdet&#8221; av att v\u00e4lja SD-f\u00f6retr\u00e4dare att hyllas offentligt i Arboga i augusti? H\u00f6rde man inte st\u00f6veltrampet, s\u00e5g de rakade skallarna och kunde f\u00f6rnimma Jimmie \u00c5kessons hurrarop?<\/p>\n<p>Slog det aldrig f\u00f6reningen att den nya slogan skulle kunna bli &#8211; &#8221;Den lilla fina nassestaden Arboga&#8221;? Att beslutet skulle komma att st\u00e4nga ute flyktingar och invandrare fr\u00e5n evenemanget i augusti eller \u00e5tminstone g\u00f6ra dessa v\u00e4ldigt obehagliga till mods?<\/p>\n<p>Kom man inte p\u00e5 att ett s\u00e5dant h\u00e4r beslut \u00e5ter skulle riva upp gamla, smutsiga\u00a0 s\u00e5r och tankar p\u00e5 slagsm\u00e5l och brinnande flyktingf\u00f6rl\u00e4ggning och dela Arboga i tv\u00e5 delar? De som tar beslutet i f\u00f6rsvar och inte l\u00e5tsas om nassesymboliken och vad SD st\u00e5r f\u00f6r utan vill f\u00e5r till att det \u00e4r ett helt sj\u00e4lvklart val. Och s\u00e5 vi andra.<\/p>\n<p>Bloggaren har skrivit till <strong>Medeltidsf\u00f6reningen<\/strong> och fr\u00e5gat om valet &#8211; hur man resonerade och vilka som deltog i beslutet. Svaren kommer att publiceras h\u00e4r p\u00e5 bloggen.<\/p>\n<p><strong>SKANDAL \u00e4r vad det \u00e4r!<\/strong> Bloggaren undrar om de styrande i Arboga har deltagit i beslutet och vad de har att s\u00e4ga om valet. Kommunen sponsrar v\u00e4l vissa delar av arrangemanget och det \u00e4r inte s\u00e5 troligt att alla skattebetalare \u00e4r med p\u00e5 att hylla SD under Medeltidsdagarna.<\/p>\n<p><strong>PINSAMT<\/strong> &#8211; detta kommer att s\u00e4tta Arboga p\u00e5 kartan och v\u00e4nta bara n\u00e4r kv\u00e4llspressen b\u00f6rjar frossa.<\/p>\n<p><strong>SORGLIGT<\/strong> &#8211; p\u00e5 m\u00e5nga s\u00e4tt och detta inneb\u00e4r troligen protester under Medeltidsdagarna och bojkott av densamma.<\/p>\n<p>Och skadan \u00e4r redan skedd! Beslutet \u00e4r taget och att kancellera beslutet skulle bara ge \u00e4nnu mer reklam f\u00f6r det fr\u00e4mlingsfientliga partiet.<\/p>\n<p>Bloggaren sk\u00e4ms \u00f6ver sin hemstad Arboga! <img loading=\"lazy\" class=\"aligncenter size-full wp-image-63410\" src=\"http:\/\/www.filindeblogg.nu\/wp-content\/uploads\/2015\/05\/J\u00e4rnr\u00f6r-inte-min-kompis.jpg\" alt=\"J\u00e4rnr\u00f6r inte min kompis\" width=\"168\" height=\"192\" \/><\/p>\n<p>&nbsp;<\/p>\n<p>&nbsp;<\/p>\n<p>&nbsp;<\/p>\n<p>&nbsp;<\/p>\n","protected":false},"excerpt":{"rendered":"<p>Just n\u00e4r man t\u00e4nkte att idag finns inget att blogga om h\u00e4r i Arboga &#8211; s\u00e5 levererar Arboga Tidning denna nyhet: SD-toppar \u00e5rets br\u00f6llopspar &nbsp; Torbj\u00f6rn Kastell och Emma Westergren blir \u00e5rets medeltida br\u00f6llopspar i Arboga. B\u00e5de han och hon har framtr\u00e4dande roller i Sveriegedemokraterna &#8211; nu gifter de sig under medeltidsdagarna. Torbj\u00f6rn Kastell och [&hellip;]<\/p>\n","protected":false},"author":1,"featured_media":0,"comment_status":"open","ping_status":"open","sticky":false,"template":"","format":"standard","meta":[],"categories":[127,115,100,119,101],"tags":[],"_links":{"self":[{"href":"http:\/\/www.filindeblogg.nu\/index.php?rest_route=\/wp\/v2\/posts\/63408"}],"collection":[{"href":"http:\/\/www.filindeblogg.nu\/index.php?rest_route=\/wp\/v2\/posts"}],"about":[{"href":"http:\/\/www.filindeblogg.nu\/index.php?rest_route=\/wp\/v2\/types\/post"}],"author":[{"embeddable":true,"href":"http:\/\/www.filindeblogg.nu\/index.php?rest_route=\/wp\/v2\/users\/1"}],"replies":[{"embeddable":true,"href":"http:\/\/www.filindeblogg.nu\/index.php?rest_route=%2Fwp%2Fv2%2Fcomments&post=63408"}],"version-history":[{"count":2,"href":"http:\/\/www.filindeblogg.nu\/index.php?rest_route=\/wp\/v2\/posts\/63408\/revisions"}],"predecessor-version":[{"id":63412,"href":"http:\/\/www.filindeblogg.nu\/index.php?rest_route=\/wp\/v2\/posts\/63408\/revisions\/63412"}],"wp:attachment":[{"href":"http:\/\/www.filindeblogg.nu\/index.php?rest_route=%2Fwp%2Fv2%2Fmedia&parent=63408"}],"wp:term":[{"taxonomy":"category","embeddable":true,"href":"http:\/\/www.filindeblogg.nu\/index.php?rest_route=%2Fwp%2Fv2%2Fcategories&post=63408"},{"taxonomy":"post_tag","embeddable":true,"href":"http:\/\/www.filindeblogg.nu\/index.php?rest_route=%2Fwp%2Fv2%2Ftags&post=63408"}],"curies":[{"name":"wp","href":"https:\/\/api.w.org\/{rel}","templated":true}]}}