{"id":63283,"date":"2015-05-16T09:23:07","date_gmt":"2015-05-16T08:23:07","guid":{"rendered":"http:\/\/www.filindeblogg.nu\/?p=63283"},"modified":"2015-05-16T09:23:07","modified_gmt":"2015-05-16T08:23:07","slug":"vardag-fast-lordag","status":"publish","type":"post","link":"http:\/\/www.filindeblogg.nu\/?p=63283","title":{"rendered":"Vardag fast l\u00f6rdag&#8230;"},"content":{"rendered":"<p>Vardagslunken \u00e4r snart h\u00e4r igen \u00e4ven om det \u00e4r l\u00f6rdag idag. Bloggaren f\u00f6rs\u00f6ker ta sig i kragen och st\u00e5 med b\u00e5da f\u00f6tterna p\u00e5 jorden. <img loading=\"lazy\" class=\"alignnone size-medium wp-image-63284\" src=\"http:\/\/www.filindeblogg.nu\/wp-content\/uploads\/2015\/05\/008-300x225.jpg\" alt=\"008\" width=\"300\" height=\"225\" srcset=\"http:\/\/www.filindeblogg.nu\/wp-content\/uploads\/2015\/05\/008-300x225.jpg 300w, http:\/\/www.filindeblogg.nu\/wp-content\/uploads\/2015\/05\/008.jpg 600w\" sizes=\"(max-width: 300px) 100vw, 300px\" \/> Inte alltid s\u00e5 l\u00e4tt&#8230;<\/p>\n<p>Lite bilder fr\u00e5n dagarna som g\u00e5tt. <img loading=\"lazy\" class=\"alignnone size-medium wp-image-63285\" src=\"http:\/\/www.filindeblogg.nu\/wp-content\/uploads\/2015\/05\/001-200x300.jpg\" alt=\"001\" width=\"200\" height=\"300\" srcset=\"http:\/\/www.filindeblogg.nu\/wp-content\/uploads\/2015\/05\/001-200x300.jpg 200w, http:\/\/www.filindeblogg.nu\/wp-content\/uploads\/2015\/05\/001.jpg 400w\" sizes=\"(max-width: 200px) 100vw, 200px\" \/> <strong>V\u00e4ster\u00e5s!<\/strong> <img loading=\"lazy\" class=\"alignnone size-medium wp-image-63286\" src=\"http:\/\/www.filindeblogg.nu\/wp-content\/uploads\/2015\/05\/005-300x225.jpg\" alt=\"005\" width=\"300\" height=\"225\" srcset=\"http:\/\/www.filindeblogg.nu\/wp-content\/uploads\/2015\/05\/005-300x225.jpg 300w, http:\/\/www.filindeblogg.nu\/wp-content\/uploads\/2015\/05\/005.jpg 600w\" sizes=\"(max-width: 300px) 100vw, 300px\" \/> Trevligt budskap f\u00f6r oss som minns de tillr\u00e4ttavisande skyltarna med texten <em>&#8221;F\u00f6rbjudet att betr\u00e4da gr\u00e4smattan!&#8221; <img loading=\"lazy\" class=\"alignnone size-medium wp-image-63287\" src=\"http:\/\/www.filindeblogg.nu\/wp-content\/uploads\/2015\/05\/002-300x225.jpg\" alt=\"002\" width=\"300\" height=\"225\" srcset=\"http:\/\/www.filindeblogg.nu\/wp-content\/uploads\/2015\/05\/002-300x225.jpg 300w, http:\/\/www.filindeblogg.nu\/wp-content\/uploads\/2015\/05\/002.jpg 600w\" sizes=\"(max-width: 300px) 100vw, 300px\" \/><\/em><\/p>\n<p>De vanliga, vardagliga sysslorna f\u00e5r lite glans av de vackra v\u00e4dret. <img loading=\"lazy\" class=\"alignnone size-medium wp-image-63288\" src=\"http:\/\/www.filindeblogg.nu\/wp-content\/uploads\/2015\/05\/039-300x225.jpg\" alt=\"039\" width=\"300\" height=\"225\" srcset=\"http:\/\/www.filindeblogg.nu\/wp-content\/uploads\/2015\/05\/039-300x225.jpg 300w, http:\/\/www.filindeblogg.nu\/wp-content\/uploads\/2015\/05\/039.jpg 600w\" sizes=\"(max-width: 300px) 100vw, 300px\" \/><\/p>\n<p>Och av katterna f\u00f6rst\u00e5s! <img loading=\"lazy\" class=\"alignnone size-medium wp-image-63289\" src=\"http:\/\/www.filindeblogg.nu\/wp-content\/uploads\/2015\/05\/031-225x300.jpg\" alt=\"031\" width=\"225\" height=\"300\" srcset=\"http:\/\/www.filindeblogg.nu\/wp-content\/uploads\/2015\/05\/031-225x300.jpg 225w, http:\/\/www.filindeblogg.nu\/wp-content\/uploads\/2015\/05\/031.jpg 450w\" sizes=\"(max-width: 225px) 100vw, 225px\" \/> Som alla tre blev s\u00e5 glada \u00f6ver att se matte ute och h\u00e4nga tv\u00e4tt!<\/p>\n<p><strong>Curry!<\/strong> <img loading=\"lazy\" class=\"alignnone size-medium wp-image-63290\" src=\"http:\/\/www.filindeblogg.nu\/wp-content\/uploads\/2015\/05\/033-300x225.jpg\" alt=\"033\" width=\"300\" height=\"225\" srcset=\"http:\/\/www.filindeblogg.nu\/wp-content\/uploads\/2015\/05\/033-300x225.jpg 300w, http:\/\/www.filindeblogg.nu\/wp-content\/uploads\/2015\/05\/033.jpg 600w\" sizes=\"(max-width: 300px) 100vw, 300px\" \/><br \/>\n<strong>Felix!<\/strong> <img loading=\"lazy\" class=\"alignnone size-medium wp-image-63291\" src=\"http:\/\/www.filindeblogg.nu\/wp-content\/uploads\/2015\/05\/036-300x225.jpg\" alt=\"036\" width=\"300\" height=\"225\" srcset=\"http:\/\/www.filindeblogg.nu\/wp-content\/uploads\/2015\/05\/036-300x225.jpg 300w, http:\/\/www.filindeblogg.nu\/wp-content\/uploads\/2015\/05\/036.jpg 600w\" sizes=\"(max-width: 300px) 100vw, 300px\" \/><br \/>\nOch <strong>Vilda Wilma<\/strong>! <img loading=\"lazy\" class=\"alignnone size-medium wp-image-63292\" src=\"http:\/\/www.filindeblogg.nu\/wp-content\/uploads\/2015\/05\/035-300x225.jpg\" alt=\"035\" width=\"300\" height=\"225\" srcset=\"http:\/\/www.filindeblogg.nu\/wp-content\/uploads\/2015\/05\/035-300x225.jpg 300w, http:\/\/www.filindeblogg.nu\/wp-content\/uploads\/2015\/05\/035.jpg 600w\" sizes=\"(max-width: 300px) 100vw, 300px\" \/><\/p>\n<p>Felix blev s\u00e5 till sig att han m\u00e5ste doftmarkera burken med klypor som genast for omkull! \ud83d\ude00 <img loading=\"lazy\" class=\"alignnone size-medium wp-image-63293\" src=\"http:\/\/www.filindeblogg.nu\/wp-content\/uploads\/2015\/05\/037-300x225.jpg\" alt=\"037\" width=\"300\" height=\"225\" srcset=\"http:\/\/www.filindeblogg.nu\/wp-content\/uploads\/2015\/05\/037-300x225.jpg 300w, http:\/\/www.filindeblogg.nu\/wp-content\/uploads\/2015\/05\/037.jpg 600w\" sizes=\"(max-width: 300px) 100vw, 300px\" \/><\/p>\n<p>Annat som underl\u00e4ttar vardagslunken \u00e4r en &#8221;personlig bankman&#8221;. <img loading=\"lazy\" class=\"alignnone size-medium wp-image-63294\" src=\"http:\/\/www.filindeblogg.nu\/wp-content\/uploads\/2015\/05\/028-300x225.jpg\" alt=\"028\" width=\"300\" height=\"225\" srcset=\"http:\/\/www.filindeblogg.nu\/wp-content\/uploads\/2015\/05\/028-300x225.jpg 300w, http:\/\/www.filindeblogg.nu\/wp-content\/uploads\/2015\/05\/028.jpg 600w\" sizes=\"(max-width: 300px) 100vw, 300px\" \/> <strong>Emma<\/strong> ringde i veckan och sen kom ett kit f\u00f6r att sk\u00f6ta mammas r\u00e4kningar. <img loading=\"lazy\" class=\"alignnone size-medium wp-image-63295\" src=\"http:\/\/www.filindeblogg.nu\/wp-content\/uploads\/2015\/05\/026-225x300.jpg\" alt=\"026\" width=\"225\" height=\"300\" srcset=\"http:\/\/www.filindeblogg.nu\/wp-content\/uploads\/2015\/05\/026-225x300.jpg 225w, http:\/\/www.filindeblogg.nu\/wp-content\/uploads\/2015\/05\/026.jpg 450w\" sizes=\"(max-width: 225px) 100vw, 225px\" \/><\/p>\n<p><img loading=\"lazy\" class=\"alignnone size-medium wp-image-63296\" src=\"http:\/\/www.filindeblogg.nu\/wp-content\/uploads\/2015\/05\/027-300x225.jpg\" alt=\"027\" width=\"300\" height=\"225\" srcset=\"http:\/\/www.filindeblogg.nu\/wp-content\/uploads\/2015\/05\/027-300x225.jpg 300w, http:\/\/www.filindeblogg.nu\/wp-content\/uploads\/2015\/05\/027.jpg 600w\" sizes=\"(max-width: 300px) 100vw, 300px\" \/><br \/>\nEnkelt, l\u00e4tt och bra. <img loading=\"lazy\" class=\"alignnone size-medium wp-image-63297\" src=\"http:\/\/www.filindeblogg.nu\/wp-content\/uploads\/2015\/05\/029-300x225.jpg\" alt=\"029\" width=\"300\" height=\"225\" srcset=\"http:\/\/www.filindeblogg.nu\/wp-content\/uploads\/2015\/05\/029-300x225.jpg 300w, http:\/\/www.filindeblogg.nu\/wp-content\/uploads\/2015\/05\/029.jpg 600w\" sizes=\"(max-width: 300px) 100vw, 300px\" \/><\/p>\n<p>Det \u00e4r s\u00e5dant som underl\u00e4ttar n\u00e4r sorgen \u00e4r tung och tomheten stor.<\/p>\n<p><img loading=\"lazy\" class=\" size-medium wp-image-63298 aligncenter\" src=\"http:\/\/www.filindeblogg.nu\/wp-content\/uploads\/2015\/05\/Mamma-\u00e4lskade-mamma-225x300.jpg\" alt=\"Mamma \u00e4lskade mamma\" width=\"225\" height=\"300\" srcset=\"http:\/\/www.filindeblogg.nu\/wp-content\/uploads\/2015\/05\/Mamma-\u00e4lskade-mamma-225x300.jpg 225w, http:\/\/www.filindeblogg.nu\/wp-content\/uploads\/2015\/05\/Mamma-\u00e4lskade-mamma.jpg 450w\" sizes=\"(max-width: 225px) 100vw, 225px\" \/><\/p>\n<p>Kanske kommer inte bloggarna s\u00e5 ofta numera. Vi f\u00e5r se. Imorgon kanh\u00e4nda det dyker upp bilder fr\u00e5n resan till <strong>London<\/strong>.\u00a0<img loading=\"lazy\" class=\"alignnone  wp-image-63299\" src=\"http:\/\/www.filindeblogg.nu\/wp-content\/uploads\/2015\/05\/211-300x225.jpg\" alt=\"211\" width=\"192\" height=\"144\" srcset=\"http:\/\/www.filindeblogg.nu\/wp-content\/uploads\/2015\/05\/211-300x225.jpg 300w, http:\/\/www.filindeblogg.nu\/wp-content\/uploads\/2015\/05\/211.jpg 600w\" sizes=\"(max-width: 192px) 100vw, 192px\" \/> Vi f\u00e5r se. En dag i taget, som min v\u00e4n<strong> Britta<\/strong> l\u00e4rde mig.<\/p>\n<p>&nbsp;<\/p>\n","protected":false},"excerpt":{"rendered":"<p>Vardagslunken \u00e4r snart h\u00e4r igen \u00e4ven om det \u00e4r l\u00f6rdag idag. Bloggaren f\u00f6rs\u00f6ker ta sig i kragen och st\u00e5 med b\u00e5da f\u00f6tterna p\u00e5 jorden. Inte alltid s\u00e5 l\u00e4tt&#8230; Lite bilder fr\u00e5n dagarna som g\u00e5tt. V\u00e4ster\u00e5s! Trevligt budskap f\u00f6r oss som minns de tillr\u00e4ttavisande skyltarna med texten &#8221;F\u00f6rbjudet att betr\u00e4da gr\u00e4smattan!&#8221; De vanliga, vardagliga sysslorna f\u00e5r [&hellip;]<\/p>\n","protected":false},"author":1,"featured_media":0,"comment_status":"open","ping_status":"open","sticky":false,"template":"","format":"standard","meta":[],"categories":[127,41,100,101],"tags":[],"_links":{"self":[{"href":"http:\/\/www.filindeblogg.nu\/index.php?rest_route=\/wp\/v2\/posts\/63283"}],"collection":[{"href":"http:\/\/www.filindeblogg.nu\/index.php?rest_route=\/wp\/v2\/posts"}],"about":[{"href":"http:\/\/www.filindeblogg.nu\/index.php?rest_route=\/wp\/v2\/types\/post"}],"author":[{"embeddable":true,"href":"http:\/\/www.filindeblogg.nu\/index.php?rest_route=\/wp\/v2\/users\/1"}],"replies":[{"embeddable":true,"href":"http:\/\/www.filindeblogg.nu\/index.php?rest_route=%2Fwp%2Fv2%2Fcomments&post=63283"}],"version-history":[{"count":4,"href":"http:\/\/www.filindeblogg.nu\/index.php?rest_route=\/wp\/v2\/posts\/63283\/revisions"}],"predecessor-version":[{"id":63303,"href":"http:\/\/www.filindeblogg.nu\/index.php?rest_route=\/wp\/v2\/posts\/63283\/revisions\/63303"}],"wp:attachment":[{"href":"http:\/\/www.filindeblogg.nu\/index.php?rest_route=%2Fwp%2Fv2%2Fmedia&parent=63283"}],"wp:term":[{"taxonomy":"category","embeddable":true,"href":"http:\/\/www.filindeblogg.nu\/index.php?rest_route=%2Fwp%2Fv2%2Fcategories&post=63283"},{"taxonomy":"post_tag","embeddable":true,"href":"http:\/\/www.filindeblogg.nu\/index.php?rest_route=%2Fwp%2Fv2%2Ftags&post=63283"}],"curies":[{"name":"wp","href":"https:\/\/api.w.org\/{rel}","templated":true}]}}