{"id":63095,"date":"2015-04-12T08:39:21","date_gmt":"2015-04-12T07:39:21","guid":{"rendered":"http:\/\/www.filindeblogg.nu\/?p=63095"},"modified":"2015-04-12T08:39:21","modified_gmt":"2015-04-12T07:39:21","slug":"barnkalas-och-gamla-bilder","status":"publish","type":"post","link":"http:\/\/www.filindeblogg.nu\/?p=63095","title":{"rendered":"Barnkalas och gamla bilder"},"content":{"rendered":"<p><img loading=\"lazy\" class=\"alignnone size-full wp-image-63096\" src=\"http:\/\/www.filindeblogg.nu\/wp-content\/uploads\/2015\/04\/Predikan-H\u00e5lla-tal.jpg\" alt=\"Predikan H\u00e5lla tal\" width=\"87\" height=\"104\" \/>Dagens predikan blir lite sk\u00e5pmat fr\u00e5n f\u00f6rra s\u00f6ndagens <a href=\"http:\/\/www.dn.se\/\" target=\"_blank\"><strong>DN<\/strong><\/a>.<\/p>\n<p>Det h\u00e4r: <img loading=\"lazy\" class=\"alignnone  wp-image-63097\" src=\"http:\/\/www.filindeblogg.nu\/wp-content\/uploads\/2015\/04\/046-300x225.jpg\" alt=\"046\" width=\"229\" height=\"172\" srcset=\"http:\/\/www.filindeblogg.nu\/wp-content\/uploads\/2015\/04\/046-300x225.jpg 300w, http:\/\/www.filindeblogg.nu\/wp-content\/uploads\/2015\/04\/046.jpg 600w\" sizes=\"(max-width: 229px) 100vw, 229px\" \/><\/p>\n<p><strong><em><img loading=\"lazy\" class=\"alignnone size-medium wp-image-63102\" src=\"http:\/\/www.filindeblogg.nu\/wp-content\/uploads\/2015\/04\/045-300x246.jpg\" alt=\"045\" width=\"300\" height=\"246\" srcset=\"http:\/\/www.filindeblogg.nu\/wp-content\/uploads\/2015\/04\/045-300x246.jpg 300w, http:\/\/www.filindeblogg.nu\/wp-content\/uploads\/2015\/04\/045.jpg 549w\" sizes=\"(max-width: 300px) 100vw, 300px\" \/>\u00a0&#8221;Barnkalaset beh\u00f6ver inte bli dyrt&#8221;<\/em><\/strong>, tr\u00f6star skribenten&#8230;<\/p>\n<p><img loading=\"lazy\" class=\"alignnone  wp-image-63098\" src=\"http:\/\/www.filindeblogg.nu\/wp-content\/uploads\/2015\/04\/048-300x206.jpg\" alt=\"048\" width=\"300\" height=\"206\" srcset=\"http:\/\/www.filindeblogg.nu\/wp-content\/uploads\/2015\/04\/048-300x206.jpg 300w, http:\/\/www.filindeblogg.nu\/wp-content\/uploads\/2015\/04\/048.jpg 600w\" sizes=\"(max-width: 300px) 100vw, 300px\" \/>\u00a0 Man kan tydligen g\u00f6ra en del hemma och p\u00e5 egen hand&#8230;<br \/>\nKanske \u00e4r det inte n\u00f6dv\u00e4ndigt att hyra n\u00e5gon festlokal f\u00f6r 3-\u00e5rings kalas, inte ens matchande ballonger beh\u00f6ver vara ett krav. !! ?? <img loading=\"lazy\" class=\"alignnone size-medium wp-image-63099\" src=\"http:\/\/www.filindeblogg.nu\/wp-content\/uploads\/2015\/04\/047-300x93.jpg\" alt=\"047\" width=\"300\" height=\"93\" srcset=\"http:\/\/www.filindeblogg.nu\/wp-content\/uploads\/2015\/04\/047-300x93.jpg 300w, http:\/\/www.filindeblogg.nu\/wp-content\/uploads\/2015\/04\/047.jpg 600w\" sizes=\"(max-width: 300px) 100vw, 300px\" \/> Klipp ur artikeln!<\/p>\n<p>Bloggaren \u00e4r skakad och t\u00e4nker p\u00e5 de egna barnens kalas hemma i vardagsrummet med hembakad t\u00e5rta och stolar och f\u00e5t\u00f6ljer i olika storlek och form&#8230; Eller kalasen utomhus!! Hur var det ens m\u00f6jligt!?<\/p>\n<p><strong>DN:s Mikaela Lundqvist<\/strong> ber\u00e4ttar hur man kan g\u00f6ra ist\u00e4llet f\u00f6r att komma undan billigare&#8230;\u00a0 <img loading=\"lazy\" class=\"alignnone size-medium wp-image-63100\" src=\"http:\/\/www.filindeblogg.nu\/wp-content\/uploads\/2015\/04\/049-210x300.jpg\" alt=\"049\" width=\"210\" height=\"300\" srcset=\"http:\/\/www.filindeblogg.nu\/wp-content\/uploads\/2015\/04\/049-210x300.jpg 210w, http:\/\/www.filindeblogg.nu\/wp-content\/uploads\/2015\/04\/049.jpg 383w\" sizes=\"(max-width: 210px) 100vw, 210px\" \/>\u00a0 !! ??<\/p>\n<p>1 &#8211; Vad s\u00e4gs om att ist\u00e4llet fr\u00e5ga barnets mor- och farf\u00f6r\u00e4ldrar eller andra \u00e4ldre personer?<br \/>\nNaturligtvis kan man v\u00e4l baka t\u00e5rtan sj\u00e4lv! L\u00e5t barnet och eventuella syskon vara med!<br \/>\n2 <em>&#8211; &#8221;Pyssla hemma sj\u00e4lv&#8221;<\/em> &#8211; det tipset kommenterar bloggaren inte ens!<br \/>\n3 &#8211; Mikaela Lundqvist avslutar med att peppa upp \u00e4ngsliga f\u00f6r\u00e4ldrar med att v\u00e5ga f\u00f6rs\u00f6ka!!<\/p>\n<p>Vad har h\u00e4nt? N\u00e4r blev det krav p\u00e5 flashiga kalas f\u00f6r 3-\u00e5ringar! N\u00e4r b\u00f6rjade barnkalasen tendera att spr\u00e4cka familjens budget!? N\u00e4r blev cupcakebakande f\u00f6r\u00e4ldrar pl\u00f6tsligt handlingsf\u00f6rlamade!? <img loading=\"lazy\" class=\"alignnone size-full wp-image-63118\" src=\"http:\/\/www.filindeblogg.nu\/wp-content\/uploads\/2015\/04\/Cupcakesbakande.jpg\" alt=\"Cupcakesbakande\" width=\"130\" height=\"150\" \/><\/p>\n<p>Bloggaren avslutar det orov\u00e4ckande kalasandet med ett foto fr\u00e5n ett av de egna barnens kalas p\u00e5 80-talet. M\u00e5tte inte dessa tillst\u00e4llningar haft skadlig effekt p\u00e5 de numera vuxna barnen!!<img loading=\"lazy\" class=\"alignnone size-medium wp-image-63101\" src=\"http:\/\/www.filindeblogg.nu\/wp-content\/uploads\/2015\/04\/Barnkalas-p\u00e5-g\u00e5rden-mitten-av-80-talet-300x225-300x225.jpg\" alt=\"Barnkalas-p\u00e5-g\u00e5rden-mitten-av-80-talet-300x225\" width=\"300\" height=\"225\" \/><\/p>\n<p>Klicka <a href=\"http:\/\/www.dn.se\/ekonomi\/din-ekonomi\/trearsfirandet-fixades-med-hemmapyssel\/\" target=\"_blank\"><strong>H\u00c4R<\/strong> <\/a>om du vill ta del av hj\u00e4lpen f\u00f6r dina barns kalas p\u00e5<strong> DN\/Ekonomi<\/strong>&#8230;<\/p>\n<p>P\u00e5 tal om f\u00f6rr i tiden s\u00e5 tycker bloggaren att det \u00e4r roligt med gamla bilder fr\u00e5n <strong>Arboga.<\/strong> Vill man se lite unika foton kan man g\u00f6ra ett bes\u00f6k p\u00e5 \u00e4ldreboendet <strong>H\u00e4llbacken. <img loading=\"lazy\" class=\"alignnone  wp-image-63103\" src=\"http:\/\/www.filindeblogg.nu\/wp-content\/uploads\/2015\/04\/H\u00e4llbacken-300x208.jpg\" alt=\"H\u00e4llbacken\" width=\"242\" height=\"168\" srcset=\"http:\/\/www.filindeblogg.nu\/wp-content\/uploads\/2015\/04\/H\u00e4llbacken-300x208.jpg 300w, http:\/\/www.filindeblogg.nu\/wp-content\/uploads\/2015\/04\/H\u00e4llbacken.jpg 600w\" sizes=\"(max-width: 242px) 100vw, 242px\" \/><\/strong><\/p>\n<p>P\u00e5 v\u00e4ggarna i korridoren till h\u00f6ger innanf\u00f6r entr\u00e9n finns rader av fina bilder! <img loading=\"lazy\" class=\"alignnone  wp-image-63104\" src=\"http:\/\/www.filindeblogg.nu\/wp-content\/uploads\/2015\/04\/076-300x229.jpg\" alt=\"076\" width=\"219\" height=\"167\" srcset=\"http:\/\/www.filindeblogg.nu\/wp-content\/uploads\/2015\/04\/076-300x229.jpg 300w, http:\/\/www.filindeblogg.nu\/wp-content\/uploads\/2015\/04\/076.jpg 589w\" sizes=\"(max-width: 219px) 100vw, 219px\" \/> Bilder fr\u00e5n Arboga men ocks\u00e5 fr\u00e5n<strong> sjukhemmet<\/strong> som l\u00e5g p\u00e5 <strong>Kungs\u00f6rsv\u00e4gen<\/strong>. <img loading=\"lazy\" class=\"alignnone size-medium wp-image-63105\" src=\"http:\/\/www.filindeblogg.nu\/wp-content\/uploads\/2015\/04\/075-300x232.jpg\" alt=\"075\" width=\"300\" height=\"232\" srcset=\"http:\/\/www.filindeblogg.nu\/wp-content\/uploads\/2015\/04\/075-300x232.jpg 300w, http:\/\/www.filindeblogg.nu\/wp-content\/uploads\/2015\/04\/075.jpg 581w\" sizes=\"(max-width: 300px) 100vw, 300px\" \/><\/p>\n<p>Bloggarens kopior g\u00f6r inte fotografierna r\u00e4ttvisa alls men h\u00e4r en bild fr\u00e5n sjukhemmet d\u00e4r bloggaren st\u00e4dade tre somrar i rad som ung. <img loading=\"lazy\" class=\"alignnone size-medium wp-image-63106\" src=\"http:\/\/www.filindeblogg.nu\/wp-content\/uploads\/2015\/04\/004-300x220.jpg\" alt=\"004\" width=\"300\" height=\"220\" srcset=\"http:\/\/www.filindeblogg.nu\/wp-content\/uploads\/2015\/04\/004-300x220.jpg 300w, http:\/\/www.filindeblogg.nu\/wp-content\/uploads\/2015\/04\/004.jpg 588w\" sizes=\"(max-width: 300px) 100vw, 300px\" \/><br \/>\nF\u00f6rresten \u00e4r bloggaren ocks\u00e5 f\u00f6dd i huset som var <strong>Arboga BB<\/strong> en g\u00e5ng i tiden. Fastigheten \u00e4r idag riven.<\/p>\n<p>Den h\u00e4r bilden hittade bloggaren ocks\u00e5: <img loading=\"lazy\" class=\"alignnone size-medium wp-image-63107\" src=\"http:\/\/www.filindeblogg.nu\/wp-content\/uploads\/2015\/04\/073-300x211.jpg\" alt=\"073\" width=\"300\" height=\"211\" srcset=\"http:\/\/www.filindeblogg.nu\/wp-content\/uploads\/2015\/04\/073-300x211.jpg 300w, http:\/\/www.filindeblogg.nu\/wp-content\/uploads\/2015\/04\/073.jpg 572w\" sizes=\"(max-width: 300px) 100vw, 300px\" \/> <strong>Nygatan i Arboga<\/strong> och n\u00e4r man zoomar in lite: <img loading=\"lazy\" class=\"alignnone size-medium wp-image-63108\" src=\"http:\/\/www.filindeblogg.nu\/wp-content\/uploads\/2015\/04\/074-300x225.jpg\" alt=\"074\" width=\"300\" height=\"225\" srcset=\"http:\/\/www.filindeblogg.nu\/wp-content\/uploads\/2015\/04\/074-300x225.jpg 300w, http:\/\/www.filindeblogg.nu\/wp-content\/uploads\/2015\/04\/074.jpg 600w\" sizes=\"(max-width: 300px) 100vw, 300px\" \/> Bloggarens hem l\u00e4ngst bort till v\u00e4nster i bild &#8211; <strong>Glasbl\u00e5sarg\u00e5rden<\/strong>.<\/p>\n<p><img loading=\"lazy\" class=\"alignnone size-medium wp-image-63115\" src=\"http:\/\/www.filindeblogg.nu\/wp-content\/uploads\/2015\/04\/Krokus-300x225.jpg\" alt=\"Krokus\" width=\"300\" height=\"225\" srcset=\"http:\/\/www.filindeblogg.nu\/wp-content\/uploads\/2015\/04\/Krokus-300x225.jpg 300w, http:\/\/www.filindeblogg.nu\/wp-content\/uploads\/2015\/04\/Krokus.jpg 600w\" sizes=\"(max-width: 300px) 100vw, 300px\" \/> V\u00e5ren \u00e4r h\u00e4r nu! \ud83d\ude42 <img loading=\"lazy\" class=\"alignnone  wp-image-63109\" src=\"http:\/\/www.filindeblogg.nu\/wp-content\/uploads\/2015\/04\/043-300x225.jpg\" alt=\"043\" width=\"188\" height=\"141\" srcset=\"http:\/\/www.filindeblogg.nu\/wp-content\/uploads\/2015\/04\/043-300x225.jpg 300w, http:\/\/www.filindeblogg.nu\/wp-content\/uploads\/2015\/04\/043.jpg 600w\" sizes=\"(max-width: 188px) 100vw, 188px\" \/><\/p>\n<p>Det gillas av b\u00e5de m\u00e4nniskor och djur! <img loading=\"lazy\" class=\"alignnone size-medium wp-image-63110\" src=\"http:\/\/www.filindeblogg.nu\/wp-content\/uploads\/2015\/04\/Flix-tittar-fram-11-april-2015-225x300.jpg\" alt=\"Flix tittar fram 11 april 2015\" width=\"225\" height=\"300\" srcset=\"http:\/\/www.filindeblogg.nu\/wp-content\/uploads\/2015\/04\/Flix-tittar-fram-11-april-2015-225x300.jpg 225w, http:\/\/www.filindeblogg.nu\/wp-content\/uploads\/2015\/04\/Flix-tittar-fram-11-april-2015.jpg 450w\" sizes=\"(max-width: 225px) 100vw, 225px\" \/> Katterna \u00e4lskar att vara ute n\u00e4r v\u00e4dret \u00e4r varmt och behagligt. <img loading=\"lazy\" class=\"alignnone size-medium wp-image-63111\" src=\"http:\/\/www.filindeblogg.nu\/wp-content\/uploads\/2015\/04\/050-225x300.jpg\" alt=\"050\" width=\"225\" height=\"300\" srcset=\"http:\/\/www.filindeblogg.nu\/wp-content\/uploads\/2015\/04\/050-225x300.jpg 225w, http:\/\/www.filindeblogg.nu\/wp-content\/uploads\/2015\/04\/050.jpg 450w\" sizes=\"(max-width: 225px) 100vw, 225px\" \/><\/p>\n<p>Men n\u00e4r matte g\u00e5r in vill de ocks\u00e5 g\u00e5 in! Fast v\u00e4nskapen mellan just dessa tv\u00e5 \u00e4r inte den b\u00e4sta&#8230; <img loading=\"lazy\" class=\"alignnone size-medium wp-image-63112\" src=\"http:\/\/www.filindeblogg.nu\/wp-content\/uploads\/2015\/04\/051-225x300.jpg\" alt=\"051\" width=\"225\" height=\"300\" srcset=\"http:\/\/www.filindeblogg.nu\/wp-content\/uploads\/2015\/04\/051-225x300.jpg 225w, http:\/\/www.filindeblogg.nu\/wp-content\/uploads\/2015\/04\/051.jpg 450w\" sizes=\"(max-width: 225px) 100vw, 225px\" \/> De h\u00e5ller helst ett visst avst\u00e5nd mellan varandra&#8230; N\u00e4r den ena g\u00e5tt in, kan de andra komma efter. <img loading=\"lazy\" class=\"alignnone size-medium wp-image-63113\" src=\"http:\/\/www.filindeblogg.nu\/wp-content\/uploads\/2015\/04\/053-225x300.jpg\" alt=\"053\" width=\"225\" height=\"300\" srcset=\"http:\/\/www.filindeblogg.nu\/wp-content\/uploads\/2015\/04\/053-225x300.jpg 225w, http:\/\/www.filindeblogg.nu\/wp-content\/uploads\/2015\/04\/053.jpg 450w\" sizes=\"(max-width: 225px) 100vw, 225px\" \/> Katter!!<\/p>\n<p><img loading=\"lazy\" class=\"aligncenter size-medium wp-image-63114\" src=\"http:\/\/www.filindeblogg.nu\/wp-content\/uploads\/2015\/04\/044-300x225.jpg\" alt=\"044\" width=\"300\" height=\"225\" srcset=\"http:\/\/www.filindeblogg.nu\/wp-content\/uploads\/2015\/04\/044-300x225.jpg 300w, http:\/\/www.filindeblogg.nu\/wp-content\/uploads\/2015\/04\/044.jpg 600w\" sizes=\"(max-width: 300px) 100vw, 300px\" \/><\/p>\n<p>&nbsp;<\/p>\n<p>&nbsp;<\/p>\n","protected":false},"excerpt":{"rendered":"<p>Dagens predikan blir lite sk\u00e5pmat fr\u00e5n f\u00f6rra s\u00f6ndagens DN. Det h\u00e4r: \u00a0&#8221;Barnkalaset beh\u00f6ver inte bli dyrt&#8221;, tr\u00f6star skribenten&#8230; \u00a0 Man kan tydligen g\u00f6ra en del hemma och p\u00e5 egen hand&#8230; Kanske \u00e4r det inte n\u00f6dv\u00e4ndigt att hyra n\u00e5gon festlokal f\u00f6r 3-\u00e5rings kalas, inte ens matchande ballonger beh\u00f6ver vara ett krav. !! ?? Klipp ur artikeln! [&hellip;]<\/p>\n","protected":false},"author":1,"featured_media":0,"comment_status":"open","ping_status":"open","sticky":false,"template":"","format":"standard","meta":[],"categories":[1,127,41,143,100,151,101],"tags":[],"_links":{"self":[{"href":"http:\/\/www.filindeblogg.nu\/index.php?rest_route=\/wp\/v2\/posts\/63095"}],"collection":[{"href":"http:\/\/www.filindeblogg.nu\/index.php?rest_route=\/wp\/v2\/posts"}],"about":[{"href":"http:\/\/www.filindeblogg.nu\/index.php?rest_route=\/wp\/v2\/types\/post"}],"author":[{"embeddable":true,"href":"http:\/\/www.filindeblogg.nu\/index.php?rest_route=\/wp\/v2\/users\/1"}],"replies":[{"embeddable":true,"href":"http:\/\/www.filindeblogg.nu\/index.php?rest_route=%2Fwp%2Fv2%2Fcomments&post=63095"}],"version-history":[{"count":5,"href":"http:\/\/www.filindeblogg.nu\/index.php?rest_route=\/wp\/v2\/posts\/63095\/revisions"}],"predecessor-version":[{"id":63121,"href":"http:\/\/www.filindeblogg.nu\/index.php?rest_route=\/wp\/v2\/posts\/63095\/revisions\/63121"}],"wp:attachment":[{"href":"http:\/\/www.filindeblogg.nu\/index.php?rest_route=%2Fwp%2Fv2%2Fmedia&parent=63095"}],"wp:term":[{"taxonomy":"category","embeddable":true,"href":"http:\/\/www.filindeblogg.nu\/index.php?rest_route=%2Fwp%2Fv2%2Fcategories&post=63095"},{"taxonomy":"post_tag","embeddable":true,"href":"http:\/\/www.filindeblogg.nu\/index.php?rest_route=%2Fwp%2Fv2%2Ftags&post=63095"}],"curies":[{"name":"wp","href":"https:\/\/api.w.org\/{rel}","templated":true}]}}