{"id":63037,"date":"2015-04-04T10:55:21","date_gmt":"2015-04-04T09:55:21","guid":{"rendered":"http:\/\/www.filindeblogg.nu\/?p=63037"},"modified":"2015-04-04T10:55:45","modified_gmt":"2015-04-04T09:55:45","slug":"fi-10-ar","status":"publish","type":"post","link":"http:\/\/www.filindeblogg.nu\/?p=63037","title":{"rendered":"Fi 10 \u00e5r!!"},"content":{"rendered":"<p><strong>GRATTIS FEMINISTISKT INITIATIV !!<\/strong><\/p>\n<p><img loading=\"lazy\" class=\"alignnone size-medium wp-image-63041\" src=\"http:\/\/www.filindeblogg.nu\/wp-content\/uploads\/2015\/04\/Gudrun-och-Fi-4-april-2005-300x97.jpg\" alt=\"Gudrun och Fi 4 april 2005\" width=\"300\" height=\"97\" srcset=\"http:\/\/www.filindeblogg.nu\/wp-content\/uploads\/2015\/04\/Gudrun-och-Fi-4-april-2005-300x97.jpg 300w, http:\/\/www.filindeblogg.nu\/wp-content\/uploads\/2015\/04\/Gudrun-och-Fi-4-april-2005.jpg 494w\" sizes=\"(max-width: 300px) 100vw, 300px\" \/>\u00a010 \u00c5R IDAG SEN PRESSKONFERENSEN D\u00c5 VI KOM UT!!<br \/>\nFotot fr\u00e5n<a href=\"http:\/\/www.svd.se\/nyheter\/inrikes\/feministiskt-initiativ-presenterades_409723.svd\" target=\"_blank\"><strong> Svenska Dagbladet<\/strong> <\/a>4 april 2005.<\/p>\n<p><img loading=\"lazy\" class=\"aligncenter size-medium wp-image-63038\" src=\"http:\/\/www.filindeblogg.nu\/wp-content\/uploads\/2015\/04\/042-Kopia-225x300.jpg\" alt=\"042 - Kopia\" width=\"225\" height=\"300\" srcset=\"http:\/\/www.filindeblogg.nu\/wp-content\/uploads\/2015\/04\/042-Kopia-225x300.jpg 225w, http:\/\/www.filindeblogg.nu\/wp-content\/uploads\/2015\/04\/042-Kopia.jpg 450w\" sizes=\"(max-width: 225px) 100vw, 225px\" \/><\/p>\n<p>L\u00e4s <a href=\"http:\/\/nyheter24.se\/debatt\/794012-i-dag-firar-feministiskt-initiativ-10-ar-vi-har-skrivit-historia\" target=\"_blank\"><strong>H\u00c4R<\/strong><\/a> p\u00e5 <strong>Nyheter24<\/strong> d\u00e4r den h\u00e4r bilden \u00e4r fr\u00e5n: <img loading=\"lazy\" class=\"alignnone size-medium wp-image-63040\" src=\"http:\/\/www.filindeblogg.nu\/wp-content\/uploads\/2015\/04\/Fi-10-\u00e5r-300x180.jpg\" alt=\"Fi 10 \u00e5r!\" width=\"300\" height=\"180\" srcset=\"http:\/\/www.filindeblogg.nu\/wp-content\/uploads\/2015\/04\/Fi-10-\u00e5r-300x180.jpg 300w, http:\/\/www.filindeblogg.nu\/wp-content\/uploads\/2015\/04\/Fi-10-\u00e5r.jpg 514w\" sizes=\"(max-width: 300px) 100vw, 300px\" \/><\/p>\n<p>Fi hittar du <a href=\"http:\/\/feministisktinitiativ.se\/\" target=\"_blank\"><strong>H\u00c4R!! <\/strong><\/a><\/p>\n<p><img loading=\"lazy\" class=\"aligncenter size-full wp-image-63042\" src=\"http:\/\/www.filindeblogg.nu\/wp-content\/uploads\/2015\/04\/We-all-can-do-it.jpg\" alt=\"We all can do it\" width=\"111\" height=\"143\" \/><\/p>\n","protected":false},"excerpt":{"rendered":"<p>GRATTIS FEMINISTISKT INITIATIV !! \u00a010 \u00c5R IDAG SEN PRESSKONFERENSEN D\u00c5 VI KOM UT!! Fotot fr\u00e5n Svenska Dagbladet 4 april 2005. L\u00e4s H\u00c4R p\u00e5 Nyheter24 d\u00e4r den h\u00e4r bilden \u00e4r fr\u00e5n: Fi hittar du H\u00c4R!!<\/p>\n","protected":false},"author":1,"featured_media":0,"comment_status":"open","ping_status":"open","sticky":false,"template":"","format":"standard","meta":[],"categories":[121,100,132,119,101],"tags":[],"_links":{"self":[{"href":"http:\/\/www.filindeblogg.nu\/index.php?rest_route=\/wp\/v2\/posts\/63037"}],"collection":[{"href":"http:\/\/www.filindeblogg.nu\/index.php?rest_route=\/wp\/v2\/posts"}],"about":[{"href":"http:\/\/www.filindeblogg.nu\/index.php?rest_route=\/wp\/v2\/types\/post"}],"author":[{"embeddable":true,"href":"http:\/\/www.filindeblogg.nu\/index.php?rest_route=\/wp\/v2\/users\/1"}],"replies":[{"embeddable":true,"href":"http:\/\/www.filindeblogg.nu\/index.php?rest_route=%2Fwp%2Fv2%2Fcomments&post=63037"}],"version-history":[{"count":2,"href":"http:\/\/www.filindeblogg.nu\/index.php?rest_route=\/wp\/v2\/posts\/63037\/revisions"}],"predecessor-version":[{"id":63043,"href":"http:\/\/www.filindeblogg.nu\/index.php?rest_route=\/wp\/v2\/posts\/63037\/revisions\/63043"}],"wp:attachment":[{"href":"http:\/\/www.filindeblogg.nu\/index.php?rest_route=%2Fwp%2Fv2%2Fmedia&parent=63037"}],"wp:term":[{"taxonomy":"category","embeddable":true,"href":"http:\/\/www.filindeblogg.nu\/index.php?rest_route=%2Fwp%2Fv2%2Fcategories&post=63037"},{"taxonomy":"post_tag","embeddable":true,"href":"http:\/\/www.filindeblogg.nu\/index.php?rest_route=%2Fwp%2Fv2%2Ftags&post=63037"}],"curies":[{"name":"wp","href":"https:\/\/api.w.org\/{rel}","templated":true}]}}