{"id":63012,"date":"2015-04-03T09:27:12","date_gmt":"2015-04-03T08:27:12","guid":{"rendered":"http:\/\/www.filindeblogg.nu\/?p=63012"},"modified":"2015-04-03T09:28:28","modified_gmt":"2015-04-03T08:28:28","slug":"pasktider-och-paskblogg","status":"publish","type":"post","link":"http:\/\/www.filindeblogg.nu\/?p=63012","title":{"rendered":"P\u00e5sktider och p\u00e5skblogg samt ett utm\u00e4rkt medborgarf\u00f6rslag!"},"content":{"rendered":"<p><img loading=\"lazy\" class=\"aligncenter size-full wp-image-63013\" src=\"http:\/\/www.filindeblogg.nu\/wp-content\/uploads\/2015\/04\/Glad-P\u00e5sk.jpg\" alt=\"Glad P\u00e5sk\" width=\"124\" height=\"124\" \/><\/p>\n<p>P\u00e5sktider r\u00e5der och d\u00e5 blir det sparsamt med bloggande. D\u00e4rf\u00f6r kommer nu en komprimerad p\u00e5skblogg f\u00f6r dagen och de n\u00e4rmast f\u00f6ljande.<\/p>\n<p>F\u00f6rst dock m\u00e5ste bloggaren utbrista: TOPPEN! till den id\u00e9 som fanns i lokala <strong>Arboga Tidning<\/strong> i veckan. <img loading=\"lazy\" class=\"alignnone size-medium wp-image-63014\" src=\"http:\/\/www.filindeblogg.nu\/wp-content\/uploads\/2015\/04\/014-156x300.jpg\" alt=\"014\" width=\"156\" height=\"300\" srcset=\"http:\/\/www.filindeblogg.nu\/wp-content\/uploads\/2015\/04\/014-156x300.jpg 156w, http:\/\/www.filindeblogg.nu\/wp-content\/uploads\/2015\/04\/014.jpg 311w\" sizes=\"(max-width: 156px) 100vw, 156px\" \/><br \/>\nAtt flytta kommunens f\u00f6rvaltningar till de av kommunen dyrt ink\u00f6pta <strong>Vakttornet<\/strong>s lokaler! En alldeles utm\u00e4rkt id\u00e9, tycker bloggaren! <img loading=\"lazy\" class=\"alignnone size-medium wp-image-63015\" src=\"http:\/\/www.filindeblogg.nu\/wp-content\/uploads\/2015\/04\/015-300x213.jpg\" alt=\"015\" width=\"300\" height=\"213\" srcset=\"http:\/\/www.filindeblogg.nu\/wp-content\/uploads\/2015\/04\/015-300x213.jpg 300w, http:\/\/www.filindeblogg.nu\/wp-content\/uploads\/2015\/04\/015.jpg 600w\" sizes=\"(max-width: 300px) 100vw, 300px\" \/><\/p>\n<p>I ett medborgarf\u00f6rslag till kommunfullm\u00e4ktige i<strong> Arboga<\/strong> f\u00f6resl\u00e5r <strong>Tony Liljehult<\/strong> att kommunens f\u00f6rvaltningar flyttas en bit utanf\u00f6r centrum f\u00f6r att frig\u00f6ra centrala l\u00e4genheter.<\/p>\n<p>Arbogas styrande kommunalr\u00e5d <strong>Agneta Bode<\/strong> s\u00e5gar id\u00e9n direkt ur <em>&#8221;demokratisk synvinkel&#8221;<\/em>. Hon s\u00e4ger i Arboga Tidning, citat: <strong><em>&#8221;\u2013 Det \u00e4r viktigt med n\u00e4rheten till inv\u00e5narna. De ska ha n\u00e4ra till sin kommun och ska kunna slinka in och prata med f\u00f6rvaltningarna och sina f\u00f6retr\u00e4dare. Vi har helt andra planer f\u00f6r Vakttornet. Till exempel vill vi ha \u00e4ldreboende.&#8221;<\/em><\/strong> <img loading=\"lazy\" class=\"alignnone  wp-image-63027\" src=\"http:\/\/www.filindeblogg.nu\/wp-content\/uploads\/2015\/04\/Min-ins\u00e4ndare-31-mars-2015-S\u00c5-bra-177x300.jpg\" alt=\"Min ins\u00e4ndare  31 mars 2015 S\u00c5 bra\" width=\"110\" height=\"186\" srcset=\"http:\/\/www.filindeblogg.nu\/wp-content\/uploads\/2015\/04\/Min-ins\u00e4ndare-31-mars-2015-S\u00c5-bra-177x300.jpg 177w, http:\/\/www.filindeblogg.nu\/wp-content\/uploads\/2015\/04\/Min-ins\u00e4ndare-31-mars-2015-S\u00c5-bra.jpg 342w\" sizes=\"(max-width: 110px) 100vw, 110px\" \/> (Bilden \u00e4r fr\u00e5n bloggarens ins\u00e4ndare i <strong>Bbl\/AT<\/strong> 31 mars 2015)<\/p>\n<p>Man kan d\u00e5 undra hur m\u00e5nga som <em>&#8221;slinker in&#8221;<\/em> och pratar med f\u00f6rvaltningar och f\u00f6retr\u00e4dare n\u00e4r telefoner och e-post sk\u00f6ter det mesta?<br \/>\nDe som m\u00f6jligen kan ha sv\u00e5rt att kommunicera via dator och som dessutom har tid att dagtid &#8221;slinka in&#8221; \u00e4r v\u00e4l just \u00e4ldre personer. Allts\u00e5 en utm\u00e4rkt id\u00e9 att kombinera kommunens f\u00f6rvaltningar med \u00e4ldreboende i Vakttornets gamla lokaler!<\/p>\n<p>T\u00e4nk vilka attraktiva l\u00e4genheter centralt Arboga skulle f\u00e5 om f\u00f6rvaltningarna flyttades! Dessutom ett mer levande centrum! Bort med kommunala kontor fr\u00e5n centrala Arboga!<br \/>\n<strong>S\u00c4G JA till flytt av f\u00f6rvaltningar och JA till ett mer attraktivt Arboga!<\/strong><\/p>\n<p>L\u00e4s artikeln <a href=\"http:\/\/bblat.se\/nyheter\/arboga\/1.2913648--inga-forvaltningar-i-vakttornet-\" target=\"_blank\"><strong>H\u00c4R<\/strong><\/a> p\u00e5 Bbl\/AT:s hemsida.<\/p>\n<p><img loading=\"lazy\" class=\"  wp-image-63016 aligncenter\" src=\"http:\/\/www.filindeblogg.nu\/wp-content\/uploads\/2015\/04\/011-300x225.jpg\" alt=\"011\" width=\"199\" height=\"149\" srcset=\"http:\/\/www.filindeblogg.nu\/wp-content\/uploads\/2015\/04\/011-300x225.jpg 300w, http:\/\/www.filindeblogg.nu\/wp-content\/uploads\/2015\/04\/011.jpg 600w\" sizes=\"(max-width: 199px) 100vw, 199px\" \/><\/p>\n<p>L\u00e5ngfredag&#8230; <img loading=\"lazy\" class=\"alignnone size-medium wp-image-63017\" src=\"http:\/\/www.filindeblogg.nu\/wp-content\/uploads\/2015\/04\/003-300x247.jpg\" alt=\"003\" width=\"300\" height=\"247\" srcset=\"http:\/\/www.filindeblogg.nu\/wp-content\/uploads\/2015\/04\/003-300x247.jpg 300w, http:\/\/www.filindeblogg.nu\/wp-content\/uploads\/2015\/04\/003.jpg 541w\" sizes=\"(max-width: 300px) 100vw, 300px\" \/><\/p>\n<p>P\u00e5skafton&#8230; <img loading=\"lazy\" class=\"alignnone size-medium wp-image-63018\" src=\"http:\/\/www.filindeblogg.nu\/wp-content\/uploads\/2015\/04\/P\u00e5sk\u00e4gg-300x225.jpg\" alt=\"P\u00e5sk\u00e4gg\" width=\"300\" height=\"225\" srcset=\"http:\/\/www.filindeblogg.nu\/wp-content\/uploads\/2015\/04\/P\u00e5sk\u00e4gg-300x225.jpg 300w, http:\/\/www.filindeblogg.nu\/wp-content\/uploads\/2015\/04\/P\u00e5sk\u00e4gg.jpg 852w\" sizes=\"(max-width: 300px) 100vw, 300px\" \/><\/p>\n<p>P\u00e5skdag och annandag p\u00e5sk i s\u00e5v\u00e4l <strong>V\u00e4ster\u00e5s<\/strong> <img loading=\"lazy\" class=\"alignnone  wp-image-63019\" src=\"http:\/\/www.filindeblogg.nu\/wp-content\/uploads\/2015\/04\/006-300x225.jpg\" alt=\"006\" width=\"233\" height=\"175\" srcset=\"http:\/\/www.filindeblogg.nu\/wp-content\/uploads\/2015\/04\/006-300x225.jpg 300w, http:\/\/www.filindeblogg.nu\/wp-content\/uploads\/2015\/04\/006.jpg 600w\" sizes=\"(max-width: 233px) 100vw, 233px\" \/> som <strong>Arboga<\/strong>! <img loading=\"lazy\" class=\"alignnone  wp-image-63020\" src=\"http:\/\/www.filindeblogg.nu\/wp-content\/uploads\/2015\/04\/007-300x225.jpg\" alt=\"007\" width=\"199\" height=\"149\" srcset=\"http:\/\/www.filindeblogg.nu\/wp-content\/uploads\/2015\/04\/007-300x225.jpg 300w, http:\/\/www.filindeblogg.nu\/wp-content\/uploads\/2015\/04\/007.jpg 600w\" sizes=\"(max-width: 199px) 100vw, 199px\" \/><\/p>\n<p><img loading=\"lazy\" class=\"alignnone size-full wp-image-63021\" src=\"http:\/\/www.filindeblogg.nu\/wp-content\/uploads\/2015\/04\/Paus1.jpg\" alt=\"Paus\" width=\"116\" height=\"116\" \/> &#8230;\u00a0 <img loading=\"lazy\" class=\"alignnone  wp-image-63022\" src=\"http:\/\/www.filindeblogg.nu\/wp-content\/uploads\/2015\/04\/Tom-klocka.jpg\" alt=\"Tom klocka\" width=\"118\" height=\"120\" \/> &#8230;<img loading=\"lazy\" class=\"alignnone size-medium wp-image-63023\" src=\"http:\/\/www.filindeblogg.nu\/wp-content\/uploads\/2015\/04\/P\u00e5skkort-197x300.jpg\" alt=\"P\u00e5skkort\" width=\"197\" height=\"300\" srcset=\"http:\/\/www.filindeblogg.nu\/wp-content\/uploads\/2015\/04\/P\u00e5skkort-197x300.jpg 197w, http:\/\/www.filindeblogg.nu\/wp-content\/uploads\/2015\/04\/P\u00e5skkort.jpg 536w\" sizes=\"(max-width: 197px) 100vw, 197px\" \/><\/p>\n<p><img loading=\"lazy\" class=\"aligncenter size-medium wp-image-63024\" src=\"http:\/\/www.filindeblogg.nu\/wp-content\/uploads\/2015\/04\/Tacksam-200x300.jpg\" alt=\"Tacksam\" width=\"200\" height=\"300\" srcset=\"http:\/\/www.filindeblogg.nu\/wp-content\/uploads\/2015\/04\/Tacksam-200x300.jpg 200w, http:\/\/www.filindeblogg.nu\/wp-content\/uploads\/2015\/04\/Tacksam.jpg 640w\" sizes=\"(max-width: 200px) 100vw, 200px\" \/><\/p>\n<p style=\"text-align: center;\">Ha en riktigt sk\u00f6n, glad och vilsam p\u00e5skhelg &#8211; s\u00e5 ses vi snart igen.<\/p>\n<p><img loading=\"lazy\" class=\"aligncenter size-medium wp-image-63025\" src=\"http:\/\/www.filindeblogg.nu\/wp-content\/uploads\/2015\/04\/018-219x300.jpg\" alt=\"018\" width=\"219\" height=\"300\" srcset=\"http:\/\/www.filindeblogg.nu\/wp-content\/uploads\/2015\/04\/018-219x300.jpg 219w, http:\/\/www.filindeblogg.nu\/wp-content\/uploads\/2015\/04\/018.jpg 438w\" sizes=\"(max-width: 219px) 100vw, 219px\" \/><\/p>\n<p>&nbsp;<\/p>\n<p>&nbsp;<\/p>\n<p>&nbsp;<\/p>\n","protected":false},"excerpt":{"rendered":"<p>P\u00e5sktider r\u00e5der och d\u00e5 blir det sparsamt med bloggande. D\u00e4rf\u00f6r kommer nu en komprimerad p\u00e5skblogg f\u00f6r dagen och de n\u00e4rmast f\u00f6ljande. F\u00f6rst dock m\u00e5ste bloggaren utbrista: TOPPEN! till den id\u00e9 som fanns i lokala Arboga Tidning i veckan. Att flytta kommunens f\u00f6rvaltningar till de av kommunen dyrt ink\u00f6pta Vakttornets lokaler! En alldeles utm\u00e4rkt id\u00e9, tycker [&hellip;]<\/p>\n","protected":false},"author":1,"featured_media":0,"comment_status":"open","ping_status":"open","sticky":false,"template":"","format":"standard","meta":[],"categories":[1,127,138,178,181,100,160,119,151,101],"tags":[],"_links":{"self":[{"href":"http:\/\/www.filindeblogg.nu\/index.php?rest_route=\/wp\/v2\/posts\/63012"}],"collection":[{"href":"http:\/\/www.filindeblogg.nu\/index.php?rest_route=\/wp\/v2\/posts"}],"about":[{"href":"http:\/\/www.filindeblogg.nu\/index.php?rest_route=\/wp\/v2\/types\/post"}],"author":[{"embeddable":true,"href":"http:\/\/www.filindeblogg.nu\/index.php?rest_route=\/wp\/v2\/users\/1"}],"replies":[{"embeddable":true,"href":"http:\/\/www.filindeblogg.nu\/index.php?rest_route=%2Fwp%2Fv2%2Fcomments&post=63012"}],"version-history":[{"count":10,"href":"http:\/\/www.filindeblogg.nu\/index.php?rest_route=\/wp\/v2\/posts\/63012\/revisions"}],"predecessor-version":[{"id":63036,"href":"http:\/\/www.filindeblogg.nu\/index.php?rest_route=\/wp\/v2\/posts\/63012\/revisions\/63036"}],"wp:attachment":[{"href":"http:\/\/www.filindeblogg.nu\/index.php?rest_route=%2Fwp%2Fv2%2Fmedia&parent=63012"}],"wp:term":[{"taxonomy":"category","embeddable":true,"href":"http:\/\/www.filindeblogg.nu\/index.php?rest_route=%2Fwp%2Fv2%2Fcategories&post=63012"},{"taxonomy":"post_tag","embeddable":true,"href":"http:\/\/www.filindeblogg.nu\/index.php?rest_route=%2Fwp%2Fv2%2Ftags&post=63012"}],"curies":[{"name":"wp","href":"https:\/\/api.w.org\/{rel}","templated":true}]}}