{"id":62985,"date":"2015-03-30T06:12:47","date_gmt":"2015-03-30T05:12:47","guid":{"rendered":"http:\/\/www.filindeblogg.nu\/?p=62985"},"modified":"2015-03-30T06:12:47","modified_gmt":"2015-03-30T05:12:47","slug":"det-ar-mandag-morgon","status":"publish","type":"post","link":"http:\/\/www.filindeblogg.nu\/?p=62985","title":{"rendered":"Det \u00e4r m\u00e5ndag morgon&#8230;"},"content":{"rendered":"<p><span class=\"st\"><em><b>&#8221;Det \u00e4r m\u00e5ndag morgon och mitt huvud k\u00e4nns s\u00e5 tungt&#8230;&#8221;<\/b>,\u00a0<\/em>s\u00e5 b\u00f6rjar texten i<strong> Povel Ramels <em>Gr\u00e4s\u00e4nkling Blues<\/em><\/strong> fr\u00e5n 1951.\u00a0<img loading=\"lazy\" class=\"alignnone size-full wp-image-62986\" src=\"http:\/\/www.filindeblogg.nu\/wp-content\/uploads\/2015\/03\/Gr\u00e4s\u00e4nkling-Blues.jpg\" alt=\"Gr\u00e4s\u00e4nkling Blues\" width=\"120\" height=\"90\" \/> <\/span><\/p>\n<p>Ja, det \u00e4r m\u00e5ndag morgon men bloggarens huvud k\u00e4nns inte alls s\u00e5 tungt &#8211; tv\u00e4rtom! Raskt i selen igen! Mot <strong>V\u00e4ster\u00e5s<\/strong> och rena terapin med ideella jobbet p\u00e5 <strong>R\u00f6da Korset<\/strong>!\u00a0 <img loading=\"lazy\" class=\"alignnone  wp-image-62987\" src=\"http:\/\/www.filindeblogg.nu\/wp-content\/uploads\/2015\/03\/RK-2-den-16-mars-2015-230x300.jpg\" alt=\"RK 2 den 16 mars 2015\" width=\"92\" height=\"120\" srcset=\"http:\/\/www.filindeblogg.nu\/wp-content\/uploads\/2015\/03\/RK-2-den-16-mars-2015-230x300.jpg 230w, http:\/\/www.filindeblogg.nu\/wp-content\/uploads\/2015\/03\/RK-2-den-16-mars-2015.jpg 393w\" sizes=\"(max-width: 92px) 100vw, 92px\" \/><\/p>\n<p>&#8221;Gr\u00e4s\u00e4nkling Blues&#8221; kan m\u00f6jliga katterna jamma till? \ud83d\ude00 <img loading=\"lazy\" class=\"alignnone size-medium wp-image-62988\" src=\"http:\/\/www.filindeblogg.nu\/wp-content\/uploads\/2015\/03\/0025-227x300.jpg\" alt=\"002\" width=\"227\" height=\"300\" srcset=\"http:\/\/www.filindeblogg.nu\/wp-content\/uploads\/2015\/03\/0025-227x300.jpg 227w, http:\/\/www.filindeblogg.nu\/wp-content\/uploads\/2015\/03\/0025.jpg 450w\" sizes=\"(max-width: 227px) 100vw, 227px\" \/> Nu blir det ju &#8221;fritt fram&#8221; n\u00e4r matte inte \u00e4r hemma! <strong>Felix<\/strong> spanar in sm\u00e5f\u00e5glarna!<\/p>\n<p><img loading=\"lazy\" class=\"alignnone  wp-image-62989\" src=\"http:\/\/www.filindeblogg.nu\/wp-content\/uploads\/2015\/03\/0047-300x245.jpg\" alt=\"004\" width=\"228\" height=\"186\" srcset=\"http:\/\/www.filindeblogg.nu\/wp-content\/uploads\/2015\/03\/0047-300x245.jpg 300w, http:\/\/www.filindeblogg.nu\/wp-content\/uploads\/2015\/03\/0047.jpg 551w\" sizes=\"(max-width: 228px) 100vw, 228px\" \/> Stilstudie &#8211; <strong>Wilma<\/strong>! <img loading=\"lazy\" class=\"alignnone  wp-image-62990\" src=\"http:\/\/www.filindeblogg.nu\/wp-content\/uploads\/2015\/03\/0056-300x230.jpg\" alt=\"005\" width=\"287\" height=\"220\" srcset=\"http:\/\/www.filindeblogg.nu\/wp-content\/uploads\/2015\/03\/0056-300x230.jpg 300w, http:\/\/www.filindeblogg.nu\/wp-content\/uploads\/2015\/03\/0056.jpg 554w\" sizes=\"(max-width: 287px) 100vw, 287px\" \/> Och &#8211; ja, hon har n\u00e4stan alltid munnen lite \u00f6ppen! \ud83d\ude00 <img loading=\"lazy\" class=\"alignnone size-medium wp-image-62991\" src=\"http:\/\/www.filindeblogg.nu\/wp-content\/uploads\/2015\/03\/0062-300x225.jpg\" alt=\"006\" width=\"300\" height=\"225\" srcset=\"http:\/\/www.filindeblogg.nu\/wp-content\/uploads\/2015\/03\/0062-300x225.jpg 300w, http:\/\/www.filindeblogg.nu\/wp-content\/uploads\/2015\/03\/0062.jpg 600w\" sizes=\"(max-width: 300px) 100vw, 300px\" \/> Tokiga katter! \ud83d\ude42<\/p>\n<p>Katten <strong>Curry<\/strong> v\u00e4ltrar sig som vanligt i lillhusses garderob. M\u00e5ndag morgon &#8211; en vanlig m\u00e5ndag morgon.<\/p>\n<p>Lite te innan t\u00e5get far &#8211; och n\u00e5gra visa ord p\u00e5 v\u00e4gen! God morgon!<\/p>\n<p><img loading=\"lazy\" class=\"aligncenter size-medium wp-image-62992\" src=\"http:\/\/www.filindeblogg.nu\/wp-content\/uploads\/2015\/03\/0075-300x225.jpg\" alt=\"007\" width=\"300\" height=\"225\" srcset=\"http:\/\/www.filindeblogg.nu\/wp-content\/uploads\/2015\/03\/0075-300x225.jpg 300w, http:\/\/www.filindeblogg.nu\/wp-content\/uploads\/2015\/03\/0075.jpg 600w\" sizes=\"(max-width: 300px) 100vw, 300px\" \/><\/p>\n<p>&nbsp;<\/p>\n","protected":false},"excerpt":{"rendered":"<p>&#8221;Det \u00e4r m\u00e5ndag morgon och mitt huvud k\u00e4nns s\u00e5 tungt&#8230;&#8221;,\u00a0s\u00e5 b\u00f6rjar texten i Povel Ramels Gr\u00e4s\u00e4nkling Blues fr\u00e5n 1951.\u00a0 Ja, det \u00e4r m\u00e5ndag morgon men bloggarens huvud k\u00e4nns inte alls s\u00e5 tungt &#8211; tv\u00e4rtom! Raskt i selen igen! Mot V\u00e4ster\u00e5s och rena terapin med ideella jobbet p\u00e5 R\u00f6da Korset!\u00a0 &#8221;Gr\u00e4s\u00e4nkling Blues&#8221; kan m\u00f6jliga katterna jamma [&hellip;]<\/p>\n","protected":false},"author":1,"featured_media":0,"comment_status":"open","ping_status":"open","sticky":false,"template":"","format":"standard","meta":[],"categories":[41,100,132,101],"tags":[],"_links":{"self":[{"href":"http:\/\/www.filindeblogg.nu\/index.php?rest_route=\/wp\/v2\/posts\/62985"}],"collection":[{"href":"http:\/\/www.filindeblogg.nu\/index.php?rest_route=\/wp\/v2\/posts"}],"about":[{"href":"http:\/\/www.filindeblogg.nu\/index.php?rest_route=\/wp\/v2\/types\/post"}],"author":[{"embeddable":true,"href":"http:\/\/www.filindeblogg.nu\/index.php?rest_route=\/wp\/v2\/users\/1"}],"replies":[{"embeddable":true,"href":"http:\/\/www.filindeblogg.nu\/index.php?rest_route=%2Fwp%2Fv2%2Fcomments&post=62985"}],"version-history":[{"count":5,"href":"http:\/\/www.filindeblogg.nu\/index.php?rest_route=\/wp\/v2\/posts\/62985\/revisions"}],"predecessor-version":[{"id":62997,"href":"http:\/\/www.filindeblogg.nu\/index.php?rest_route=\/wp\/v2\/posts\/62985\/revisions\/62997"}],"wp:attachment":[{"href":"http:\/\/www.filindeblogg.nu\/index.php?rest_route=%2Fwp%2Fv2%2Fmedia&parent=62985"}],"wp:term":[{"taxonomy":"category","embeddable":true,"href":"http:\/\/www.filindeblogg.nu\/index.php?rest_route=%2Fwp%2Fv2%2Fcategories&post=62985"},{"taxonomy":"post_tag","embeddable":true,"href":"http:\/\/www.filindeblogg.nu\/index.php?rest_route=%2Fwp%2Fv2%2Ftags&post=62985"}],"curies":[{"name":"wp","href":"https:\/\/api.w.org\/{rel}","templated":true}]}}