{"id":62967,"date":"2015-03-29T08:29:00","date_gmt":"2015-03-29T07:29:00","guid":{"rendered":"http:\/\/www.filindeblogg.nu\/?p=62967"},"modified":"2015-03-29T08:29:00","modified_gmt":"2015-03-29T07:29:00","slug":"kanslan-av-att-ha-varit-med-forr","status":"publish","type":"post","link":"http:\/\/www.filindeblogg.nu\/?p=62967","title":{"rendered":"K\u00e4nslan av att ha varit med f\u00f6rr&#8230;"},"content":{"rendered":"<p><img loading=\"lazy\" class=\"alignnone  wp-image-62968\" src=\"http:\/\/www.filindeblogg.nu\/wp-content\/uploads\/2015\/03\/0153-300x225.jpg\" alt=\"015\" width=\"207\" height=\"155\" srcset=\"http:\/\/www.filindeblogg.nu\/wp-content\/uploads\/2015\/03\/0153-300x225.jpg 300w, http:\/\/www.filindeblogg.nu\/wp-content\/uploads\/2015\/03\/0153.jpg 600w\" sizes=\"(max-width: 207px) 100vw, 207px\" \/> <strong>Dagens predikan<\/strong> blir en rad funderingar kring <em>&#8221;nyheter&#8221;<\/em> i tiden.<\/p>\n<p>Nyheterna \u00e4r tagna ur <a href=\"http:\/\/www.dn.se\/\" target=\"_blank\"><strong>Dagens Nyheter<\/strong><\/a> &#8211; s\u00e5 ock bilden ovan som \u00e4r ett klipp ur den h\u00e4r sidan i DN: <img loading=\"lazy\" class=\"alignnone size-medium wp-image-62969\" src=\"http:\/\/www.filindeblogg.nu\/wp-content\/uploads\/2015\/03\/0164-225x300.jpg\" alt=\"016\" width=\"225\" height=\"300\" srcset=\"http:\/\/www.filindeblogg.nu\/wp-content\/uploads\/2015\/03\/0164-225x300.jpg 225w, http:\/\/www.filindeblogg.nu\/wp-content\/uploads\/2015\/03\/0164.jpg 450w\" sizes=\"(max-width: 225px) 100vw, 225px\" \/><\/p>\n<p><em>&#8221;Nyheterna&#8221;<\/em> f\u00e5r bloggaren och s\u00e4kert fler att drabbas av k\u00e4nslan av att ha varit med f\u00f6rr. Den h\u00e4r till exempel: <img loading=\"lazy\" class=\"alignnone size-medium wp-image-62970\" src=\"http:\/\/www.filindeblogg.nu\/wp-content\/uploads\/2015\/03\/011-300x218.jpg\" alt=\"011\" width=\"300\" height=\"218\" srcset=\"http:\/\/www.filindeblogg.nu\/wp-content\/uploads\/2015\/03\/011-300x218.jpg 300w, http:\/\/www.filindeblogg.nu\/wp-content\/uploads\/2015\/03\/011.jpg 600w\" sizes=\"(max-width: 300px) 100vw, 300px\" \/><br \/>\n<em>&#8221;Vissa uttalanden ska man ta p\u00e5 allvar&#8221;<\/em>, tycker <strong>Peter Wolodarski<\/strong> och bloggaren t\u00e4nker f\u00f6rst:<em> &#8211; Redan Peter!? Det d\u00e4r var v\u00e4l \u00e4nd\u00e5 ett understatement!<br \/>\n<\/em>Men s\u00e5 kommer bloggaren f\u00f6rst\u00e5s p\u00e5 att hon skulle kunna vara mamma \u00e5t Wolodarski och d\u00e4rmed finner s\u00e5dana h\u00e4r rubriker v\u00e4ldigt f\u00f6rbryllande: <img loading=\"lazy\" class=\"alignnone size-medium wp-image-62971\" src=\"http:\/\/www.filindeblogg.nu\/wp-content\/uploads\/2015\/03\/0092-243x300.jpg\" alt=\"009\" width=\"243\" height=\"300\" srcset=\"http:\/\/www.filindeblogg.nu\/wp-content\/uploads\/2015\/03\/0092-243x300.jpg 243w, http:\/\/www.filindeblogg.nu\/wp-content\/uploads\/2015\/03\/0092.jpg 424w\" sizes=\"(max-width: 243px) 100vw, 243px\" \/><br \/>\nVi som varit med f\u00f6rr! Vi som tycker att <em>&#8221;akta dig f\u00f6r ryssen&#8221;<\/em> inte \u00e4r n\u00e5got nytt utan sitter i benm\u00e4rgen.<\/p>\n<p>Det finns m\u00e5nga s\u00e5dana h\u00e4r aha-upplevelser f\u00f6r oss 50-talister &#8211; h\u00e5nskratt \u00e5t rysskr\u00e4ck liksom &#8221;uppseendev\u00e4ckande&#8221; snipp- och snoppvisor till exempel. &#8221;V\u00e5gade barnvisor&#8221; som inte ens f\u00e5r oss att lyfta p\u00e5 \u00f6gonbrynen, vi som varit med f\u00f6rr!<\/p>\n<p>Men det \u00e4r v\u00e4l s\u00e5 att det \u00e4r ungdom som g\u00e4ller numera. Att lyssna p\u00e5 \u00e4ldre och ha respekt f\u00f6r erfarenhet \u00e4r v\u00e4l knappast signifikativt f\u00f6r dagens Sverige. Alla \u00f6ver 40 \u00e4r ju totalt pass\u00e9.<\/p>\n<p>Lite annat ocks\u00e5. <img loading=\"lazy\" class=\"alignnone size-medium wp-image-62972\" src=\"http:\/\/www.filindeblogg.nu\/wp-content\/uploads\/2015\/03\/0083-225x300.jpg\" alt=\"008\" width=\"225\" height=\"300\" srcset=\"http:\/\/www.filindeblogg.nu\/wp-content\/uploads\/2015\/03\/0083-225x300.jpg 225w, http:\/\/www.filindeblogg.nu\/wp-content\/uploads\/2015\/03\/0083.jpg 450w\" sizes=\"(max-width: 225px) 100vw, 225px\" \/> Sverige upphaussade stj\u00e4rna i<strong> EU<\/strong> &#8211; <strong>Margot Wallstr\u00f6m<\/strong> &#8211; har degraderats till amat\u00f6r. Vad \u00e4r sant och inte? Hur bra var den v\u00e4lavl\u00f6nade Wallstr\u00f6m i EU egentligen? Eller \u00e4r det \u00e5ter ungdomen som inte h\u00e4nger med n\u00e4r Wallstr\u00f6m tar m\u00e5tt och steg? Eller g\u00f6r hon?<\/p>\n<p><img loading=\"lazy\" class=\"alignnone size-medium wp-image-62973\" src=\"http:\/\/www.filindeblogg.nu\/wp-content\/uploads\/2015\/03\/0102-300x225.jpg\" alt=\"010\" width=\"300\" height=\"225\" srcset=\"http:\/\/www.filindeblogg.nu\/wp-content\/uploads\/2015\/03\/0102-300x225.jpg 300w, http:\/\/www.filindeblogg.nu\/wp-content\/uploads\/2015\/03\/0102.jpg 600w\" sizes=\"(max-width: 300px) 100vw, 300px\" \/> Sen det h\u00e4r! Sviterna efter h\u00f6gerregeringen. Friskolorna t\u00e4ljer guld! <img loading=\"lazy\" class=\"alignnone size-medium wp-image-62974\" src=\"http:\/\/www.filindeblogg.nu\/wp-content\/uploads\/2015\/03\/012-300x207.jpg\" alt=\"012\" width=\"300\" height=\"207\" srcset=\"http:\/\/www.filindeblogg.nu\/wp-content\/uploads\/2015\/03\/012-300x207.jpg 300w, http:\/\/www.filindeblogg.nu\/wp-content\/uploads\/2015\/03\/012.jpg 600w\" sizes=\"(max-width: 300px) 100vw, 300px\" \/> Har vi ingenting l\u00e4rt av historien!? Nej visst nej, gamla erfarenheter \u00e4r ju noll och intet v\u00e4rda&#8230;<\/p>\n<p>Sen har vi b\u00e5da regeringarnas gigantiska misstag &#8211; sjukskrivningarna! Nu ska \u00e5ter l\u00e4karintygen bli giltiga s\u00e5 att en 100 % sjuk person f\u00e5r vara 100 % sjuk trots att <em>&#8221;sjukskrivningsdagarna tagit slut&#8221;<\/em>. <img loading=\"lazy\" class=\"alignnone size-medium wp-image-62975\" src=\"http:\/\/www.filindeblogg.nu\/wp-content\/uploads\/2015\/03\/0142-205x300.jpg\" alt=\"014\" width=\"205\" height=\"300\" srcset=\"http:\/\/www.filindeblogg.nu\/wp-content\/uploads\/2015\/03\/0142-205x300.jpg 205w, http:\/\/www.filindeblogg.nu\/wp-content\/uploads\/2015\/03\/0142.jpg 308w\" sizes=\"(max-width: 205px) 100vw, 205px\" \/> Bloggaren, som ju \u00e4r en av dom som varit med f\u00f6rr, kan bara konstatera att inte mycket h\u00e4nt p\u00e5 de n\u00e4stan 20 \u00e5r som g\u00e5tt sen bloggaren fullst\u00e4ndigt slet ut sig p\u00e5 arbete &#8211; oavsett regering.<\/p>\n<p>En viktig nyhet idag: <img loading=\"lazy\" class=\"alignnone size-medium wp-image-62979\" src=\"http:\/\/www.filindeblogg.nu\/wp-content\/uploads\/2015\/03\/0131-300x251.jpg\" alt=\"013\" width=\"300\" height=\"251\" srcset=\"http:\/\/www.filindeblogg.nu\/wp-content\/uploads\/2015\/03\/0131-300x251.jpg 300w, http:\/\/www.filindeblogg.nu\/wp-content\/uploads\/2015\/03\/0131.jpg 477w\" sizes=\"(max-width: 300px) 100vw, 300px\" \/><\/p>\n<p>Avslutningsvis en fin person som g\u00e5tt ur tiden. <img loading=\"lazy\" class=\"alignnone size-medium wp-image-62976\" src=\"http:\/\/www.filindeblogg.nu\/wp-content\/uploads\/2015\/03\/0182-240x300.jpg\" alt=\"018\" width=\"240\" height=\"300\" srcset=\"http:\/\/www.filindeblogg.nu\/wp-content\/uploads\/2015\/03\/0182-240x300.jpg 240w, http:\/\/www.filindeblogg.nu\/wp-content\/uploads\/2015\/03\/0182.jpg 450w\" sizes=\"(max-width: 240px) 100vw, 240px\" \/> <strong>Tomas Transtr\u00f6mer<\/strong> &#8211; <em>&#8221;den demokratiske poeten&#8221;<\/em> har avlidit.<\/p>\n<p><img loading=\"lazy\" class=\"alignnone size-medium wp-image-62977\" src=\"http:\/\/www.filindeblogg.nu\/wp-content\/uploads\/2015\/03\/0173-300x52.jpg\" alt=\"017\" width=\"300\" height=\"52\" srcset=\"http:\/\/www.filindeblogg.nu\/wp-content\/uploads\/2015\/03\/0173-300x52.jpg 300w, http:\/\/www.filindeblogg.nu\/wp-content\/uploads\/2015\/03\/0173.jpg 600w\" sizes=\"(max-width: 300px) 100vw, 300px\" \/> <strong>G\u00f6ran Greider<\/strong>s ord st\u00e4mmer v\u00e4l. Ocks\u00e5 bloggaren k\u00e4nde sig utvald n\u00e4r orden sj\u00f6nk in och spred salighet genom kroppen.<\/p>\n<p><img loading=\"lazy\" class=\"aligncenter size-medium wp-image-62978\" src=\"http:\/\/www.filindeblogg.nu\/wp-content\/uploads\/2015\/03\/0192-300x222.jpg\" alt=\"019\" width=\"300\" height=\"222\" srcset=\"http:\/\/www.filindeblogg.nu\/wp-content\/uploads\/2015\/03\/0192-300x222.jpg 300w, http:\/\/www.filindeblogg.nu\/wp-content\/uploads\/2015\/03\/0192.jpg 568w\" sizes=\"(max-width: 300px) 100vw, 300px\" \/><\/p>\n<p>Allt i DN idag s\u00f6ndag &#8211; klicka <a href=\"http:\/\/www.dn.se\/\" target=\"_blank\"><strong>H\u00c4R!<\/strong><\/a><\/p>\n<p>&nbsp;<\/p>\n<p>&nbsp;<\/p>\n","protected":false},"excerpt":{"rendered":"<p>Dagens predikan blir en rad funderingar kring &#8221;nyheter&#8221; i tiden. Nyheterna \u00e4r tagna ur Dagens Nyheter &#8211; s\u00e5 ock bilden ovan som \u00e4r ett klipp ur den h\u00e4r sidan i DN: &#8221;Nyheterna&#8221; f\u00e5r bloggaren och s\u00e4kert fler att drabbas av k\u00e4nslan av att ha varit med f\u00f6rr. Den h\u00e4r till exempel: &#8221;Vissa uttalanden ska man [&hellip;]<\/p>\n","protected":false},"author":1,"featured_media":0,"comment_status":"open","ping_status":"open","sticky":false,"template":"","format":"standard","meta":[],"categories":[100,160,119,101],"tags":[],"_links":{"self":[{"href":"http:\/\/www.filindeblogg.nu\/index.php?rest_route=\/wp\/v2\/posts\/62967"}],"collection":[{"href":"http:\/\/www.filindeblogg.nu\/index.php?rest_route=\/wp\/v2\/posts"}],"about":[{"href":"http:\/\/www.filindeblogg.nu\/index.php?rest_route=\/wp\/v2\/types\/post"}],"author":[{"embeddable":true,"href":"http:\/\/www.filindeblogg.nu\/index.php?rest_route=\/wp\/v2\/users\/1"}],"replies":[{"embeddable":true,"href":"http:\/\/www.filindeblogg.nu\/index.php?rest_route=%2Fwp%2Fv2%2Fcomments&post=62967"}],"version-history":[{"count":5,"href":"http:\/\/www.filindeblogg.nu\/index.php?rest_route=\/wp\/v2\/posts\/62967\/revisions"}],"predecessor-version":[{"id":62984,"href":"http:\/\/www.filindeblogg.nu\/index.php?rest_route=\/wp\/v2\/posts\/62967\/revisions\/62984"}],"wp:attachment":[{"href":"http:\/\/www.filindeblogg.nu\/index.php?rest_route=%2Fwp%2Fv2%2Fmedia&parent=62967"}],"wp:term":[{"taxonomy":"category","embeddable":true,"href":"http:\/\/www.filindeblogg.nu\/index.php?rest_route=%2Fwp%2Fv2%2Fcategories&post=62967"},{"taxonomy":"post_tag","embeddable":true,"href":"http:\/\/www.filindeblogg.nu\/index.php?rest_route=%2Fwp%2Fv2%2Ftags&post=62967"}],"curies":[{"name":"wp","href":"https:\/\/api.w.org\/{rel}","templated":true}]}}