{"id":62946,"date":"2015-03-28T09:14:01","date_gmt":"2015-03-28T08:14:01","guid":{"rendered":"http:\/\/www.filindeblogg.nu\/?p=62946"},"modified":"2015-03-28T09:15:28","modified_gmt":"2015-03-28T08:15:28","slug":"bara-tva-saker-idag","status":"publish","type":"post","link":"http:\/\/www.filindeblogg.nu\/?p=62946","title":{"rendered":"Bara tv\u00e5 saker idag! Lika viktiga!"},"content":{"rendered":"<p>Idag blir det bara tv\u00e5 saker p\u00e5 bloggen<a href=\"http:\/\/nyheter24.se\/nyheter\/politik\/793422-nu-tokhyllas-skavlan-efter-intervjun-fick-jimmie-akesson-att-tappa-fasaden\" target=\"_blank\">.<\/a> B\u00e5da lika viktiga!<br \/>\nF\u00f6rst ut: <strong>Skavlan!<\/strong> <img loading=\"lazy\" class=\"alignnone size-medium wp-image-62947\" src=\"http:\/\/www.filindeblogg.nu\/wp-content\/uploads\/2015\/03\/Skavlan-300x169.jpg\" alt=\"Skavlan\" width=\"300\" height=\"169\" srcset=\"http:\/\/www.filindeblogg.nu\/wp-content\/uploads\/2015\/03\/Skavlan-300x169.jpg 300w, http:\/\/www.filindeblogg.nu\/wp-content\/uploads\/2015\/03\/Skavlan.jpg 650w\" sizes=\"(max-width: 300px) 100vw, 300px\" \/><\/p>\n<p>Klicka <a href=\"http:\/\/www.svt.se\/skavlan\/\" target=\"_blank\"><strong>H\u00c4R<\/strong><\/a> f\u00f6r att se <strong>SD:s Jimmie \u00c5kesson<\/strong> i Skavlan f\u00f6rsvara fr\u00e4mlingsfientlighet och predika <strong><em>&#8221;Give them hell&#8221;<\/em><\/strong> om att f\u00e4lla alla regeringar som inte \u00e4r mot invandring!<\/p>\n<p><strong>Fredrik Skavlan<\/strong> gav inte \u00c5kesson n\u00e5gon pardon! En av de b\u00e4ttre intervjuer jag h\u00f6rt och sett p\u00e5 l\u00e4nge!<br \/>\n<strong><em>&#8221;Skavlan var en &#8221;pitbull&#8221;!<\/em> <\/strong>&#8211; som <strong>G\u00f6teborgsposten<\/strong> skriver i en ledarblogg &#8211; se <a href=\"http:\/\/blogg.gp.se\/ledarbloggen\/2015\/03\/27\/skavlan-var-en-pitbull\/\" target=\"_blank\"><strong>H\u00c4R!<\/strong><\/a><\/p>\n<p>Det andra viktiga: <img loading=\"lazy\" class=\"alignnone size-medium wp-image-62948\" src=\"http:\/\/www.filindeblogg.nu\/wp-content\/uploads\/2015\/03\/Earth-hour-300x111.png\" alt=\"Earth hour\" width=\"300\" height=\"111\" srcset=\"http:\/\/www.filindeblogg.nu\/wp-content\/uploads\/2015\/03\/Earth-hour-300x111.png 300w, http:\/\/www.filindeblogg.nu\/wp-content\/uploads\/2015\/03\/Earth-hour.png 851w\" sizes=\"(max-width: 300px) 100vw, 300px\" \/><\/p>\n<p><strong>Earth Hour<\/strong> ikv\u00e4ll &#8211; f\u00f6r v\u00e5rt klot, v\u00e5r milj\u00f6! L\u00e4s <a href=\"http:\/\/www.wwf.se\/vrt-arbete\/klimat\/earth-hour\/1415461-earth-hour-2015\" target=\"_blank\"><strong>H\u00c4R<\/strong> <\/a>om denna timma f\u00f6r v\u00e5r v\u00e4rld! F\u00f6r en ljusare framtid! <img loading=\"lazy\" class=\"alignnone size-full wp-image-62949\" src=\"http:\/\/www.filindeblogg.nu\/wp-content\/uploads\/2015\/03\/Sl\u00e4cka-kl-20.30.jpg\" alt=\"Sl\u00e4cka kl 20.30\" width=\"106\" height=\"127\" \/><\/p>\n<p>S\u00e5 sl\u00e4ck! <img loading=\"lazy\" class=\"alignnone size-full wp-image-62950\" src=\"http:\/\/www.filindeblogg.nu\/wp-content\/uploads\/2015\/03\/Sl\u00e4ck-mini.jpg\" alt=\"Sl\u00e4ck mini\" width=\"134\" height=\"100\" \/>Halv nio ikv\u00e4ll \u00e4r det dags! <img loading=\"lazy\" class=\"alignnone size-full wp-image-62951\" src=\"http:\/\/www.filindeblogg.nu\/wp-content\/uploads\/2015\/03\/Sl\u00e4ck.jpg\" alt=\"Sl\u00e4ck\" width=\"139\" height=\"67\" \/><\/p>\n<p>St\u00e4ng av datorn! <img loading=\"lazy\" class=\"alignnone size-full wp-image-62952\" src=\"http:\/\/www.filindeblogg.nu\/wp-content\/uploads\/2015\/03\/Turn-off-computer.jpg\" alt=\"Turn off computer\" width=\"150\" height=\"110\" \/><br \/>\nSt\u00e4ng av TV:n och lev! <img loading=\"lazy\" class=\"alignnone size-full wp-image-62953\" src=\"http:\/\/www.filindeblogg.nu\/wp-content\/uploads\/2015\/03\/Close-the-tv-and-live.jpg\" alt=\"Close the tv and live\" width=\"127\" height=\"127\" \/><\/p>\n<p>En middag i stearinljusens sken!\u00a0<img loading=\"lazy\" class=\"alignnone size-full wp-image-62954\" src=\"http:\/\/www.filindeblogg.nu\/wp-content\/uploads\/2015\/03\/Middag-med-ljus.jpg\" alt=\"Middag med ljus\" width=\"136\" height=\"109\" \/> Boken du g\u00e4rna vill l\u00e4sa men inte hunnit f\u00f6r allt TV-tittande och datoriserande!\u00a0 <img loading=\"lazy\" class=\"alignnone size-full wp-image-62955\" src=\"http:\/\/www.filindeblogg.nu\/wp-content\/uploads\/2015\/03\/L\u00e4sa-med-ljus.jpg\" alt=\"L\u00e4sa med ljus\" width=\"124\" height=\"83\" \/><\/p>\n<p>Sl\u00e4ck! Visa din goda vilja gemensamt med jordens folk under en timma! <img loading=\"lazy\" class=\"alignnone  wp-image-62956\" src=\"http:\/\/www.filindeblogg.nu\/wp-content\/uploads\/2015\/03\/Sl\u00e4ck-lampan-f\u00f6r-milj\u00f6n.jpg\" alt=\"Sl\u00e4ck lampan f\u00f6r milj\u00f6n\" width=\"75\" height=\"56\" \/><\/p>\n<p>B\u00e5da dessa inl\u00e4gg i dagens blogg \u00e4r oerh\u00f6rt viktiga &#8211; f\u00f6r fred, f\u00f6r \u00f6verlevnad, f\u00f6r m\u00e4nniskor och f\u00f6r v\u00e5r planet.<\/p>\n<p>Avslutningsvis &#8211; orden p\u00e5 k\u00f6ksv\u00e4ggen h\u00e4r hemma: <img loading=\"lazy\" class=\"alignnone  wp-image-62957\" src=\"http:\/\/www.filindeblogg.nu\/wp-content\/uploads\/2015\/03\/En-kall-hj\u00e4rna-o-s-v-300x300.jpg\" alt=\"En kall hj\u00e4rna o s v\" width=\"178\" height=\"178\" srcset=\"http:\/\/www.filindeblogg.nu\/wp-content\/uploads\/2015\/03\/En-kall-hj\u00e4rna-o-s-v-300x300.jpg 300w, http:\/\/www.filindeblogg.nu\/wp-content\/uploads\/2015\/03\/En-kall-hj\u00e4rna-o-s-v-150x150.jpg 150w, http:\/\/www.filindeblogg.nu\/wp-content\/uploads\/2015\/03\/En-kall-hj\u00e4rna-o-s-v-144x144.jpg 144w, http:\/\/www.filindeblogg.nu\/wp-content\/uploads\/2015\/03\/En-kall-hj\u00e4rna-o-s-v.jpg 526w\" sizes=\"(max-width: 178px) 100vw, 178px\" \/><\/p>\n<p>&nbsp;<\/p>\n","protected":false},"excerpt":{"rendered":"<p>Idag blir det bara tv\u00e5 saker p\u00e5 bloggen. B\u00e5da lika viktiga! F\u00f6rst ut: Skavlan! Klicka H\u00c4R f\u00f6r att se SD:s Jimmie \u00c5kesson i Skavlan f\u00f6rsvara fr\u00e4mlingsfientlighet och predika &#8221;Give them hell&#8221; om att f\u00e4lla alla regeringar som inte \u00e4r mot invandring! Fredrik Skavlan gav inte \u00c5kesson n\u00e5gon pardon! En av de b\u00e4ttre intervjuer jag h\u00f6rt [&hellip;]<\/p>\n","protected":false},"author":1,"featured_media":0,"comment_status":"open","ping_status":"open","sticky":false,"template":"","format":"standard","meta":[],"categories":[156,162,100,122,119,101,150],"tags":[],"_links":{"self":[{"href":"http:\/\/www.filindeblogg.nu\/index.php?rest_route=\/wp\/v2\/posts\/62946"}],"collection":[{"href":"http:\/\/www.filindeblogg.nu\/index.php?rest_route=\/wp\/v2\/posts"}],"about":[{"href":"http:\/\/www.filindeblogg.nu\/index.php?rest_route=\/wp\/v2\/types\/post"}],"author":[{"embeddable":true,"href":"http:\/\/www.filindeblogg.nu\/index.php?rest_route=\/wp\/v2\/users\/1"}],"replies":[{"embeddable":true,"href":"http:\/\/www.filindeblogg.nu\/index.php?rest_route=%2Fwp%2Fv2%2Fcomments&post=62946"}],"version-history":[{"count":9,"href":"http:\/\/www.filindeblogg.nu\/index.php?rest_route=\/wp\/v2\/posts\/62946\/revisions"}],"predecessor-version":[{"id":62966,"href":"http:\/\/www.filindeblogg.nu\/index.php?rest_route=\/wp\/v2\/posts\/62946\/revisions\/62966"}],"wp:attachment":[{"href":"http:\/\/www.filindeblogg.nu\/index.php?rest_route=%2Fwp%2Fv2%2Fmedia&parent=62946"}],"wp:term":[{"taxonomy":"category","embeddable":true,"href":"http:\/\/www.filindeblogg.nu\/index.php?rest_route=%2Fwp%2Fv2%2Fcategories&post=62946"},{"taxonomy":"post_tag","embeddable":true,"href":"http:\/\/www.filindeblogg.nu\/index.php?rest_route=%2Fwp%2Fv2%2Ftags&post=62946"}],"curies":[{"name":"wp","href":"https:\/\/api.w.org\/{rel}","templated":true}]}}