{"id":62751,"date":"2015-03-14T08:24:26","date_gmt":"2015-03-14T07:24:26","guid":{"rendered":"http:\/\/www.filindeblogg.nu\/?p=62751"},"modified":"2015-03-14T08:24:26","modified_gmt":"2015-03-14T07:24:26","slug":"grattis-lovisa","status":"publish","type":"post","link":"http:\/\/www.filindeblogg.nu\/?p=62751","title":{"rendered":"GRATTIS LOVISA"},"content":{"rendered":"<p><img loading=\"lazy\" class=\"alignnone size-full wp-image-62752\" src=\"http:\/\/www.filindeblogg.nu\/wp-content\/uploads\/2015\/03\/Grattis-med-vit-ros.jpg\" alt=\"Grattis med vit ros\" width=\"120\" height=\"130\" \/>\u00a0 <img loading=\"lazy\" class=\"alignnone  wp-image-62754\" src=\"http:\/\/www.filindeblogg.nu\/wp-content\/uploads\/2015\/03\/0282-219x300.jpg\" alt=\"028\" width=\"164\" height=\"225\" srcset=\"http:\/\/www.filindeblogg.nu\/wp-content\/uploads\/2015\/03\/0282-219x300.jpg 219w, http:\/\/www.filindeblogg.nu\/wp-content\/uploads\/2015\/03\/0282.jpg 418w\" sizes=\"(max-width: 164px) 100vw, 164px\" \/>\u00a0 <img loading=\"lazy\" class=\"alignnone size-full wp-image-62755\" src=\"http:\/\/www.filindeblogg.nu\/wp-content\/uploads\/2015\/03\/GRATTIS-med-ros.jpg\" alt=\"GRATTIS med ros\" width=\"150\" height=\"113\" \/><\/p>\n<p><img loading=\"lazy\" class=\"alignnone size-full wp-image-62758\" src=\"http:\/\/www.filindeblogg.nu\/wp-content\/uploads\/2015\/03\/HJ\u00c4RTA.jpg\" alt=\"HJ\u00c4RTA\" width=\"90\" height=\"90\" \/>\u00a0Idag f\u00f6r 25 \u00e5r sedan blev bloggaren mamma f\u00f6r tredje g\u00e5ngen. <img loading=\"lazy\" class=\"alignnone size-medium wp-image-62756\" src=\"http:\/\/www.filindeblogg.nu\/wp-content\/uploads\/2015\/03\/N\u00e4rbild-Lovisa-i-babysitter-225x300.jpg\" alt=\"N\u00e4rbild Lovisa i babysitter\" width=\"225\" height=\"300\" srcset=\"http:\/\/www.filindeblogg.nu\/wp-content\/uploads\/2015\/03\/N\u00e4rbild-Lovisa-i-babysitter-225x300.jpg 225w, http:\/\/www.filindeblogg.nu\/wp-content\/uploads\/2015\/03\/N\u00e4rbild-Lovisa-i-babysitter.jpg 346w\" sizes=\"(max-width: 225px) 100vw, 225px\" \/> En solig v\u00e5rmorgon f\u00f6ddes en mycket efterl\u00e4ngtad liten flicka. En lillasyster till br\u00f6derna.<\/p>\n<p><img loading=\"lazy\" class=\"alignnone  wp-image-62757\" src=\"http:\/\/www.filindeblogg.nu\/wp-content\/uploads\/2015\/03\/Lovisa-4-\u00e5r-diskar-i-Sk\u00e5ne-ihop-med-CJ-som-inte-syns-300x273.jpg\" alt=\"Lovisa 4 \u00e5r diskar i Sk\u00e5ne ihop med CJ som inte syns\" width=\"247\" height=\"225\" srcset=\"http:\/\/www.filindeblogg.nu\/wp-content\/uploads\/2015\/03\/Lovisa-4-\u00e5r-diskar-i-Sk\u00e5ne-ihop-med-CJ-som-inte-syns-300x273.jpg 300w, http:\/\/www.filindeblogg.nu\/wp-content\/uploads\/2015\/03\/Lovisa-4-\u00e5r-diskar-i-Sk\u00e5ne-ihop-med-CJ-som-inte-syns.jpg 380w\" sizes=\"(max-width: 247px) 100vw, 247px\" \/> <img loading=\"lazy\" class=\"alignnone size-full wp-image-62758\" src=\"http:\/\/www.filindeblogg.nu\/wp-content\/uploads\/2015\/03\/HJ\u00c4RTA.jpg\" alt=\"HJ\u00c4RTA\" width=\"90\" height=\"90\" \/><img loading=\"lazy\" class=\"alignnone  wp-image-62759\" src=\"http:\/\/www.filindeblogg.nu\/wp-content\/uploads\/2015\/03\/Lovisa-snart-5-\u00e5r-skulle-jag-tro-300x255.jpg\" alt=\"Lovisa snart 5 \u00e5r skulle jag tro\" width=\"271\" height=\"230\" srcset=\"http:\/\/www.filindeblogg.nu\/wp-content\/uploads\/2015\/03\/Lovisa-snart-5-\u00e5r-skulle-jag-tro-300x255.jpg 300w, http:\/\/www.filindeblogg.nu\/wp-content\/uploads\/2015\/03\/Lovisa-snart-5-\u00e5r-skulle-jag-tro.jpg 407w\" sizes=\"(max-width: 271px) 100vw, 271px\" \/><\/p>\n<p>Tiden g\u00e5r&#8230; <img loading=\"lazy\" class=\"alignnone  wp-image-62760\" src=\"http:\/\/www.filindeblogg.nu\/wp-content\/uploads\/2015\/03\/Lovisa-i-solnedg\u00e5ngen-300x225.jpg\" alt=\"Lovisa i solnedg\u00e5ngen\" width=\"213\" height=\"160\" srcset=\"http:\/\/www.filindeblogg.nu\/wp-content\/uploads\/2015\/03\/Lovisa-i-solnedg\u00e5ngen-300x225.jpg 300w, http:\/\/www.filindeblogg.nu\/wp-content\/uploads\/2015\/03\/Lovisa-i-solnedg\u00e5ngen.jpg 461w\" sizes=\"(max-width: 213px) 100vw, 213px\" \/> och pl\u00f6tsligt \u00e4r den lilla flickan en vacker ung kvinna &#8211; och \u00e4nd\u00e5 alltid ett barn, mitt barn. <img loading=\"lazy\" class=\"alignnone  wp-image-62761\" src=\"http:\/\/www.filindeblogg.nu\/wp-content\/uploads\/2015\/03\/Lovisa-25-\u00e5r-300x300.jpg\" alt=\"Lovisa 25 \u00e5r\" width=\"212\" height=\"212\" srcset=\"http:\/\/www.filindeblogg.nu\/wp-content\/uploads\/2015\/03\/Lovisa-25-\u00e5r-300x300.jpg 300w, http:\/\/www.filindeblogg.nu\/wp-content\/uploads\/2015\/03\/Lovisa-25-\u00e5r-150x150.jpg 150w, http:\/\/www.filindeblogg.nu\/wp-content\/uploads\/2015\/03\/Lovisa-25-\u00e5r-144x144.jpg 144w, http:\/\/www.filindeblogg.nu\/wp-content\/uploads\/2015\/03\/Lovisa-25-\u00e5r-900x900.jpg 900w, http:\/\/www.filindeblogg.nu\/wp-content\/uploads\/2015\/03\/Lovisa-25-\u00e5r.jpg 936w\" sizes=\"(max-width: 212px) 100vw, 212px\" \/><\/p>\n<p><img loading=\"lazy\" class=\"alignnone size-full wp-image-62762\" src=\"http:\/\/www.filindeblogg.nu\/wp-content\/uploads\/2015\/03\/Tre-vita-rosor.jpg\" alt=\"Tre vita rosor\" width=\"104\" height=\"87\" \/>\u00a0Grattis Lovisa men grattis ocks\u00e5 till mig &#8211; som fick lyckan att \u00e5ter ge liv \u00e5t ett litet barn. Den st\u00f6rsta lyckan! <img loading=\"lazy\" class=\"alignnone size-full wp-image-62763\" src=\"http:\/\/www.filindeblogg.nu\/wp-content\/uploads\/2015\/03\/HJ\u00c4RTA1.jpg\" alt=\"HJ\u00c4RTA\" width=\"90\" height=\"90\" \/><\/p>\n<p>En mycket personlig blogg idag f\u00f6r det \u00e4r en mycket speciell dag. Flaggan \u00e4r hissad! <img loading=\"lazy\" class=\"alignnone size-medium wp-image-62764\" src=\"http:\/\/www.filindeblogg.nu\/wp-content\/uploads\/2015\/03\/032-225x300.jpg\" alt=\"032\" width=\"225\" height=\"300\" srcset=\"http:\/\/www.filindeblogg.nu\/wp-content\/uploads\/2015\/03\/032-225x300.jpg 225w, http:\/\/www.filindeblogg.nu\/wp-content\/uploads\/2015\/03\/032.jpg 450w\" sizes=\"(max-width: 225px) 100vw, 225px\" \/> Ute lyser v\u00e5rblommorna i kapp med solen! <img loading=\"lazy\" class=\"alignnone size-medium wp-image-62765\" src=\"http:\/\/www.filindeblogg.nu\/wp-content\/uploads\/2015\/03\/013-300x225.jpg\" alt=\"013\" width=\"300\" height=\"225\" srcset=\"http:\/\/www.filindeblogg.nu\/wp-content\/uploads\/2015\/03\/013-300x225.jpg 300w, http:\/\/www.filindeblogg.nu\/wp-content\/uploads\/2015\/03\/013.jpg 600w\" sizes=\"(max-width: 300px) 100vw, 300px\" \/><\/p>\n<p><img loading=\"lazy\" class=\"alignnone size-full wp-image-62767\" src=\"http:\/\/www.filindeblogg.nu\/wp-content\/uploads\/2015\/03\/Grattis-med-champagne.jpg\" alt=\"Grattis med champagne\" width=\"76\" height=\"113\" \/>\u00a0Allt gott p\u00e5 denna dag! <img loading=\"lazy\" class=\"alignnone size-medium wp-image-62766\" src=\"http:\/\/www.filindeblogg.nu\/wp-content\/uploads\/2015\/03\/Happy-Birthday-SK\u00c5L-s\u00e4ger-katterna-224x300.jpg\" alt=\"Happy Birthday SK\u00c5L s\u00e4ger katterna\" width=\"224\" height=\"300\" srcset=\"http:\/\/www.filindeblogg.nu\/wp-content\/uploads\/2015\/03\/Happy-Birthday-SK\u00c5L-s\u00e4ger-katterna-224x300.jpg 224w, http:\/\/www.filindeblogg.nu\/wp-content\/uploads\/2015\/03\/Happy-Birthday-SK\u00c5L-s\u00e4ger-katterna.jpg 308w\" sizes=\"(max-width: 224px) 100vw, 224px\" \/><\/p>\n<p><img loading=\"lazy\" class=\"aligncenter size-full wp-image-62768\" src=\"http:\/\/www.filindeblogg.nu\/wp-content\/uploads\/2015\/03\/Happy-Birthday.jpg\" alt=\"Happy Birthday\" width=\"150\" height=\"106\" \/><\/p>\n","protected":false},"excerpt":{"rendered":"<p>\u00a0 \u00a0 \u00a0Idag f\u00f6r 25 \u00e5r sedan blev bloggaren mamma f\u00f6r tredje g\u00e5ngen. En solig v\u00e5rmorgon f\u00f6ddes en mycket efterl\u00e4ngtad liten flicka. En lillasyster till br\u00f6derna. Tiden g\u00e5r&#8230; och pl\u00f6tsligt \u00e4r den lilla flickan en vacker ung kvinna &#8211; och \u00e4nd\u00e5 alltid ett barn, mitt barn. \u00a0Grattis Lovisa men grattis ocks\u00e5 till mig &#8211; som [&hellip;]<\/p>\n","protected":false},"author":1,"featured_media":0,"comment_status":"open","ping_status":"open","sticky":false,"template":"","format":"standard","meta":[],"categories":[161,100,132,101],"tags":[],"_links":{"self":[{"href":"http:\/\/www.filindeblogg.nu\/index.php?rest_route=\/wp\/v2\/posts\/62751"}],"collection":[{"href":"http:\/\/www.filindeblogg.nu\/index.php?rest_route=\/wp\/v2\/posts"}],"about":[{"href":"http:\/\/www.filindeblogg.nu\/index.php?rest_route=\/wp\/v2\/types\/post"}],"author":[{"embeddable":true,"href":"http:\/\/www.filindeblogg.nu\/index.php?rest_route=\/wp\/v2\/users\/1"}],"replies":[{"embeddable":true,"href":"http:\/\/www.filindeblogg.nu\/index.php?rest_route=%2Fwp%2Fv2%2Fcomments&post=62751"}],"version-history":[{"count":3,"href":"http:\/\/www.filindeblogg.nu\/index.php?rest_route=\/wp\/v2\/posts\/62751\/revisions"}],"predecessor-version":[{"id":62771,"href":"http:\/\/www.filindeblogg.nu\/index.php?rest_route=\/wp\/v2\/posts\/62751\/revisions\/62771"}],"wp:attachment":[{"href":"http:\/\/www.filindeblogg.nu\/index.php?rest_route=%2Fwp%2Fv2%2Fmedia&parent=62751"}],"wp:term":[{"taxonomy":"category","embeddable":true,"href":"http:\/\/www.filindeblogg.nu\/index.php?rest_route=%2Fwp%2Fv2%2Fcategories&post=62751"},{"taxonomy":"post_tag","embeddable":true,"href":"http:\/\/www.filindeblogg.nu\/index.php?rest_route=%2Fwp%2Fv2%2Ftags&post=62751"}],"curies":[{"name":"wp","href":"https:\/\/api.w.org\/{rel}","templated":true}]}}