{"id":62712,"date":"2015-03-11T10:18:28","date_gmt":"2015-03-11T09:18:28","guid":{"rendered":"http:\/\/www.filindeblogg.nu\/?p=62712"},"modified":"2015-03-11T10:18:28","modified_gmt":"2015-03-11T09:18:28","slug":"den-lilla-manniskan-i-vardens-och-byrakratins-vindlande-varld","status":"publish","type":"post","link":"http:\/\/www.filindeblogg.nu\/?p=62712","title":{"rendered":"Den lilla m\u00e4nniskan i v\u00e5rdens och byr\u00e5kratins vindlande v\u00e4rld"},"content":{"rendered":"<p><img loading=\"lazy\" class=\"alignnone  wp-image-62580\" src=\"http:\/\/www.filindeblogg.nu\/wp-content\/uploads\/2015\/03\/Benbrott-okt-2013-300x225.jpg\" alt=\"Benbrott okt 2013\" width=\"163\" height=\"122\" \/> F\u00f6rst var det s\u00e5 h\u00e4r&#8230;<\/p>\n<p>Sen blev det s\u00e5 h\u00e4r&#8230; <img loading=\"lazy\" class=\"alignnone  wp-image-62581\" src=\"http:\/\/www.filindeblogg.nu\/wp-content\/uploads\/2015\/03\/Gipsad-arm-300x242.jpg\" alt=\"Gipsad arm\" width=\"172\" height=\"139\" \/> och slutligen visade det sig att ortopeden missat att ocks\u00e5 ledbandet var av i armen&#8230;<\/p>\n<p><img loading=\"lazy\" class=\"alignnone size-full wp-image-62713\" src=\"http:\/\/www.filindeblogg.nu\/wp-content\/uploads\/2015\/03\/TFCC.jpg\" alt=\"TFCC\" width=\"101\" height=\"121\" \/> S\u00e5 kallat <strong>TFCC<\/strong>.<\/p>\n<p>TFCC inneb\u00e4r att handleden blir instabil med mer eller mindre sv\u00e5r v\u00e4rk som f\u00f6ljd. Att man inte orkar lyfta och ej heller kan anv\u00e4nda handen\/armen som tidigare.<\/p>\n<p>Naturligtvis anm\u00e4lde bloggaren missen till <strong>Patientf\u00f6rs\u00e4kringen<\/strong> och i f\u00f6rra veckan kom svaret. Det blev ett nej, ingen ers\u00e4ttning f\u00f6r det handikapp som skadan medf\u00f6r. Man h\u00e4nvisade till att missen \u00e4r <em>&#8221;allm\u00e4n praxis<\/em>&#8221;!! \ud83d\ude41<\/p>\n<p>Gissa om bloggaren inte godtog det beskedet!! <img loading=\"lazy\" class=\"alignnone size-medium wp-image-62714\" src=\"http:\/\/www.filindeblogg.nu\/wp-content\/uploads\/2015\/03\/Brev-Patientskaden\u00e4mnden-300x300.jpg\" alt=\"Brev Patientskaden\u00e4mnden\" width=\"300\" height=\"300\" srcset=\"http:\/\/www.filindeblogg.nu\/wp-content\/uploads\/2015\/03\/Brev-Patientskaden\u00e4mnden-300x300.jpg 300w, http:\/\/www.filindeblogg.nu\/wp-content\/uploads\/2015\/03\/Brev-Patientskaden\u00e4mnden-150x150.jpg 150w, http:\/\/www.filindeblogg.nu\/wp-content\/uploads\/2015\/03\/Brev-Patientskaden\u00e4mnden-144x144.jpg 144w, http:\/\/www.filindeblogg.nu\/wp-content\/uploads\/2015\/03\/Brev-Patientskaden\u00e4mnden-900x900.jpg 900w, http:\/\/www.filindeblogg.nu\/wp-content\/uploads\/2015\/03\/Brev-Patientskaden\u00e4mnden.jpg 960w\" sizes=\"(max-width: 300px) 100vw, 300px\" \/><\/p>\n<p>Den lilla m\u00e4nniskan i v\u00e5rdens och byr\u00e5kratins vindlande v\u00e4rld m\u00e5ste sl\u00e5 n\u00e4ven i bordet och s\u00e4ga ifr\u00e5n. Som st\u00f6d hittar bloggaren flera reaktioner och inl\u00e4gg fr\u00e5n l\u00e4karkollegor.<\/p>\n<p><strong>Anders Wallmon<\/strong>, \u00f6verl\u00e4kare, ortoped och handkirurg s\u00e4ger bland annat s\u00e5 h\u00e4r, citat:<\/p>\n<p><em>&#8221;\u2013 Det \u00e4r ett vanligt problem och en kraftigt underdiagnostiserad skada. M\u00e5nga l\u00e4kare k\u00e4nner inte till TFCC-skador och patienterna vet inte vad de ska fr\u00e5ga efter f\u00f6r typ av behandling. D\u00e4rf\u00f6r \u00e4r det viktigt att vi handspecialister \u00f6kar kunskapen om b\u00e5de diagnosen och om b\u00e4sta m\u00f6jliga behandling.&#8221; <\/em>Se<a href=\"http:\/\/www.mynewsdesk.com\/se\/pressreleases\/anders-wallmon-foerelaeser-paa-nordisk-konferens-730642\" target=\"_blank\"><strong> H\u00c4R<\/strong><\/a>!<\/p>\n<p>Och i <strong>L\u00e4kartidningen<\/strong> 3 mars 2015 skriver l\u00e4karstudent <strong>Felicia Rosvall<\/strong> s\u00e5 h\u00e4r, citat:<\/p>\n<p><em>\u00a0&#8221;Noggrann unders\u00f6kningsmetodik, teknisk utveckling och fortl\u00f6pande utbildning b\u00f6r ers\u00e4tta den i\u2009dag ofta bristf\u00e4lliga bed\u00f6mningen av ligamentskador i handleden s\u00e5v\u00e4l p\u00e5 akutrummet som inom f\u00f6rs\u00e4kringsmedicinen.&#8221;<br \/>\n<\/em>L\u00e4s hela inl\u00e4gget <a href=\"http:\/\/www.lakartidningen.se\/Opinion\/Debatt\/2015\/03\/Ligamentskada-vid-underarmsfraktur--fortfarande-missas-sambandet\/\" target=\"_blank\"><strong>H\u00c4R!<\/strong><\/a><\/p>\n<p>Bloggaren ger sig inte! Forts\u00e4ttning f\u00f6ljer! <img loading=\"lazy\" class=\"alignnone size-full wp-image-62618\" src=\"http:\/\/www.filindeblogg.nu\/wp-content\/uploads\/2015\/03\/We-can-do-it.jpg\" alt=\"We can do it\" width=\"116\" height=\"150\" \/><\/p>\n","protected":false},"excerpt":{"rendered":"<p>F\u00f6rst var det s\u00e5 h\u00e4r&#8230; Sen blev det s\u00e5 h\u00e4r&#8230; och slutligen visade det sig att ortopeden missat att ocks\u00e5 ledbandet var av i armen&#8230; S\u00e5 kallat TFCC. TFCC inneb\u00e4r att handleden blir instabil med mer eller mindre sv\u00e5r v\u00e4rk som f\u00f6ljd. Att man inte orkar lyfta och ej heller kan anv\u00e4nda handen\/armen som tidigare. [&hellip;]<\/p>\n","protected":false},"author":1,"featured_media":0,"comment_status":"open","ping_status":"open","sticky":false,"template":"","format":"standard","meta":[],"categories":[100,170,101,124,150],"tags":[],"_links":{"self":[{"href":"http:\/\/www.filindeblogg.nu\/index.php?rest_route=\/wp\/v2\/posts\/62712"}],"collection":[{"href":"http:\/\/www.filindeblogg.nu\/index.php?rest_route=\/wp\/v2\/posts"}],"about":[{"href":"http:\/\/www.filindeblogg.nu\/index.php?rest_route=\/wp\/v2\/types\/post"}],"author":[{"embeddable":true,"href":"http:\/\/www.filindeblogg.nu\/index.php?rest_route=\/wp\/v2\/users\/1"}],"replies":[{"embeddable":true,"href":"http:\/\/www.filindeblogg.nu\/index.php?rest_route=%2Fwp%2Fv2%2Fcomments&post=62712"}],"version-history":[{"count":2,"href":"http:\/\/www.filindeblogg.nu\/index.php?rest_route=\/wp\/v2\/posts\/62712\/revisions"}],"predecessor-version":[{"id":62717,"href":"http:\/\/www.filindeblogg.nu\/index.php?rest_route=\/wp\/v2\/posts\/62712\/revisions\/62717"}],"wp:attachment":[{"href":"http:\/\/www.filindeblogg.nu\/index.php?rest_route=%2Fwp%2Fv2%2Fmedia&parent=62712"}],"wp:term":[{"taxonomy":"category","embeddable":true,"href":"http:\/\/www.filindeblogg.nu\/index.php?rest_route=%2Fwp%2Fv2%2Fcategories&post=62712"},{"taxonomy":"post_tag","embeddable":true,"href":"http:\/\/www.filindeblogg.nu\/index.php?rest_route=%2Fwp%2Fv2%2Ftags&post=62712"}],"curies":[{"name":"wp","href":"https:\/\/api.w.org\/{rel}","templated":true}]}}