{"id":62406,"date":"2015-02-23T08:15:18","date_gmt":"2015-02-23T07:15:18","guid":{"rendered":"http:\/\/www.filindeblogg.nu\/?p=62406"},"modified":"2015-02-23T08:15:18","modified_gmt":"2015-02-23T07:15:18","slug":"smatt-och-gott-en-mandag","status":"publish","type":"post","link":"http:\/\/www.filindeblogg.nu\/?p=62406","title":{"rendered":"Sm\u00e5tt och gott en m\u00e5ndag."},"content":{"rendered":"<p><img loading=\"lazy\" class=\"alignnone  wp-image-62407\" src=\"http:\/\/www.filindeblogg.nu\/wp-content\/uploads\/2015\/02\/0094-300x225.jpg\" alt=\"009\" width=\"175\" height=\"131\" srcset=\"http:\/\/www.filindeblogg.nu\/wp-content\/uploads\/2015\/02\/0094-300x225.jpg 300w, http:\/\/www.filindeblogg.nu\/wp-content\/uploads\/2015\/02\/0094.jpg 600w\" sizes=\"(max-width: 175px) 100vw, 175px\" \/> Helgens festligheter \u00e4r \u00f6ver och m\u00e5ndagen har anl\u00e4nt. Eftersom bloggaren \u00e5ter \u00e4r p\u00e5 spr\u00e5ng <img loading=\"lazy\" class=\"alignnone  wp-image-62409\" src=\"http:\/\/www.filindeblogg.nu\/wp-content\/uploads\/2015\/02\/Susanne-p\u00e5-R\u00f6da-Korset-26-jan-20151-168x300.jpg\" alt=\"Susanne p\u00e5 R\u00f6da Korset 26 jan 2015\" width=\"77\" height=\"138\" srcset=\"http:\/\/www.filindeblogg.nu\/wp-content\/uploads\/2015\/02\/Susanne-p\u00e5-R\u00f6da-Korset-26-jan-20151-168x300.jpg 168w, http:\/\/www.filindeblogg.nu\/wp-content\/uploads\/2015\/02\/Susanne-p\u00e5-R\u00f6da-Korset-26-jan-20151.jpg 297w\" sizes=\"(max-width: 77px) 100vw, 77px\" \/> blir det lite hopkok av det som skulle ha publicerats f\u00f6rra veckan.<\/p>\n<p>Eloge till <strong>Posten<\/strong> till exempel! <img loading=\"lazy\" class=\"alignnone size-medium wp-image-62410\" src=\"http:\/\/www.filindeblogg.nu\/wp-content\/uploads\/2015\/02\/Brevb\u00e4rarbrev-1-225x300.jpg\" alt=\"Brevb\u00e4rarbrev 1\" width=\"225\" height=\"300\" srcset=\"http:\/\/www.filindeblogg.nu\/wp-content\/uploads\/2015\/02\/Brevb\u00e4rarbrev-1-225x300.jpg 225w, http:\/\/www.filindeblogg.nu\/wp-content\/uploads\/2015\/02\/Brevb\u00e4rarbrev-1.jpg 450w\" sizes=\"(max-width: 225px) 100vw, 225px\" \/> \u00c4r man sjuk och inte kommer iv\u00e4g f\u00f6r att posta viktiga brev kan man prova det h\u00e4r.<br \/>\nEn lapp p\u00e5 d\u00f6rren till brevb\u00e4raren och en p\u00e5se med frankerat brev. <em>&#8221;Till brevb\u00e4raren! Har du m\u00f6jlighet att posta detta brev idag? Jag \u00e4r sjuk&#8230; Tack!&#8221;<\/em><br \/>\nEtt f\u00f6rs\u00f6k&#8230;<\/p>\n<p>Som lyckades! \ud83d\ude42 <img loading=\"lazy\" class=\"alignnone size-medium wp-image-62411\" src=\"http:\/\/www.filindeblogg.nu\/wp-content\/uploads\/2015\/02\/Brevb\u00e4rarbrev-2-300x225.jpg\" alt=\"Brevb\u00e4rarbrev 2\" width=\"300\" height=\"225\" srcset=\"http:\/\/www.filindeblogg.nu\/wp-content\/uploads\/2015\/02\/Brevb\u00e4rarbrev-2-300x225.jpg 300w, http:\/\/www.filindeblogg.nu\/wp-content\/uploads\/2015\/02\/Brevb\u00e4rarbrev-2.jpg 600w\" sizes=\"(max-width: 300px) 100vw, 300px\" \/> <em>&#8221;Sj\u00e4lvklart! Krya p\u00e5 dig&#8221;<\/em> stod det p\u00e5 lappen p\u00e5 eftermiddagen och brevet var postat. Vilken v\u00e4nlighet och service!<strong> STORT TACK!!<\/strong><\/p>\n<p>N\u00e5gra lovord blev det sannerligen inte f\u00f6r P-vakten som ville lappa sjuksk\u00f6terskans bil!\u00a0<img loading=\"lazy\" class=\"alignnone size-medium wp-image-62412\" src=\"http:\/\/www.filindeblogg.nu\/wp-content\/uploads\/2015\/02\/018-300x225.jpg\" alt=\"018\" width=\"300\" height=\"225\" srcset=\"http:\/\/www.filindeblogg.nu\/wp-content\/uploads\/2015\/02\/018-300x225.jpg 300w, http:\/\/www.filindeblogg.nu\/wp-content\/uploads\/2015\/02\/018.jpg 600w\" sizes=\"(max-width: 300px) 100vw, 300px\" \/> Ins\u00e4ndare skriven av bloggaren i veckan. Om h\u00e4ndelsen skrevs ocks\u00e5 i bloggen den 13 februari. <img loading=\"lazy\" class=\"alignnone  wp-image-62431\" src=\"http:\/\/www.filindeblogg.nu\/wp-content\/uploads\/2015\/02\/Osmidig-vakt1.png\" alt=\"Osmidig-vakt\" width=\"88\" height=\"117\" \/><\/p>\n<p>En annan ins\u00e4ndare var inf\u00f6rd i fredags! <img loading=\"lazy\" class=\"alignnone size-full wp-image-62413\" src=\"http:\/\/www.filindeblogg.nu\/wp-content\/uploads\/2015\/02\/VARGTJUT.jpg\" alt=\"VARGTJUT\" width=\"101\" height=\"125\" \/><br \/>\n<img loading=\"lazy\" class=\"alignnone size-medium wp-image-62414\" src=\"http:\/\/www.filindeblogg.nu\/wp-content\/uploads\/2015\/02\/Min-ins\u00e4ndare-i-BblAT-om-vargen-20-febr-2015-225x300.jpg\" alt=\"Min ins\u00e4ndare i BblAT om vargen 20 febr 2015\" width=\"225\" height=\"300\" srcset=\"http:\/\/www.filindeblogg.nu\/wp-content\/uploads\/2015\/02\/Min-ins\u00e4ndare-i-BblAT-om-vargen-20-febr-2015-225x300.jpg 225w, http:\/\/www.filindeblogg.nu\/wp-content\/uploads\/2015\/02\/Min-ins\u00e4ndare-i-BblAT-om-vargen-20-febr-2015.jpg 450w\" sizes=\"(max-width: 225px) 100vw, 225px\" \/> Bloggaren ilsknade till p\u00e5 all skr\u00e4mselpropaganda och rena l\u00f6gner som sprids om vargen! <img loading=\"lazy\" class=\"alignnone  wp-image-62415\" src=\"http:\/\/www.filindeblogg.nu\/wp-content\/uploads\/2015\/02\/Against-killing-of-wolves-300x2961-300x296.jpg\" alt=\"Against-killing-of-wolves-300x296\" width=\"115\" height=\"113\" \/><\/p>\n<p>S\u00e5dana h\u00e4r reportage i lokala <a href=\"http:\/\/bblat.se\/\" target=\"_blank\"><strong>Bbl\/AT<\/strong> <\/a>gillar bloggaren: <img loading=\"lazy\" class=\"alignnone  wp-image-62416\" src=\"http:\/\/www.filindeblogg.nu\/wp-content\/uploads\/2015\/02\/0155-300x225.jpg\" alt=\"015\" width=\"164\" height=\"123\" srcset=\"http:\/\/www.filindeblogg.nu\/wp-content\/uploads\/2015\/02\/0155-300x225.jpg 300w, http:\/\/www.filindeblogg.nu\/wp-content\/uploads\/2015\/02\/0155.jpg 600w\" sizes=\"(max-width: 164px) 100vw, 164px\" \/><\/p>\n<p>Fotograferar g\u00f6r bloggaren enormt mycket. <img loading=\"lazy\" class=\"alignnone  wp-image-62418\" src=\"http:\/\/www.filindeblogg.nu\/wp-content\/uploads\/2015\/02\/0143-300x225.jpg\" alt=\"014\" width=\"235\" height=\"176\" srcset=\"http:\/\/www.filindeblogg.nu\/wp-content\/uploads\/2015\/02\/0143-300x225.jpg 300w, http:\/\/www.filindeblogg.nu\/wp-content\/uploads\/2015\/02\/0143.jpg 600w\" sizes=\"(max-width: 235px) 100vw, 235px\" \/>\u00a0 Det kan verkligen variera vad som hamnar i kameran! Detaljer ur en blombukett.<br \/>\nDen gamla azalean vars blommor slagit ut igen! <img loading=\"lazy\" class=\"alignnone  wp-image-62420\" src=\"http:\/\/www.filindeblogg.nu\/wp-content\/uploads\/2015\/02\/Azalea1-300x284.jpg\" alt=\"Azalea\" width=\"183\" height=\"173\" srcset=\"http:\/\/www.filindeblogg.nu\/wp-content\/uploads\/2015\/02\/Azalea1-300x284.jpg 300w, http:\/\/www.filindeblogg.nu\/wp-content\/uploads\/2015\/02\/Azalea1.jpg 463w\" sizes=\"(max-width: 183px) 100vw, 183px\" \/><br \/>\nEn detalj ur en gardin! <img loading=\"lazy\" class=\"alignnone  wp-image-62421\" src=\"http:\/\/www.filindeblogg.nu\/wp-content\/uploads\/2015\/02\/0176-300x225.jpg\" alt=\"017\" width=\"200\" height=\"150\" srcset=\"http:\/\/www.filindeblogg.nu\/wp-content\/uploads\/2015\/02\/0176-300x225.jpg 300w, http:\/\/www.filindeblogg.nu\/wp-content\/uploads\/2015\/02\/0176.jpg 600w\" sizes=\"(max-width: 200px) 100vw, 200px\" \/><br \/>\nEller salladsblad!! <img loading=\"lazy\" class=\"alignnone  wp-image-62422\" src=\"http:\/\/www.filindeblogg.nu\/wp-content\/uploads\/2015\/02\/Sallad-225x300.jpg\" alt=\"Sallad\" width=\"147\" height=\"196\" srcset=\"http:\/\/www.filindeblogg.nu\/wp-content\/uploads\/2015\/02\/Sallad-225x300.jpg 225w, http:\/\/www.filindeblogg.nu\/wp-content\/uploads\/2015\/02\/Sallad.jpg 450w\" sizes=\"(max-width: 147px) 100vw, 147px\" \/> P\u00e5 olika vis!\u00a0<img loading=\"lazy\" class=\"alignnone  wp-image-62425\" src=\"http:\/\/www.filindeblogg.nu\/wp-content\/uploads\/2015\/02\/0075-300x225.jpg\" alt=\"007\" width=\"224\" height=\"168\" srcset=\"http:\/\/www.filindeblogg.nu\/wp-content\/uploads\/2015\/02\/0075-300x225.jpg 300w, http:\/\/www.filindeblogg.nu\/wp-content\/uploads\/2015\/02\/0075.jpg 600w\" sizes=\"(max-width: 224px) 100vw, 224px\" \/> F\u00f6r att bladen \u00e4r s\u00e5 vackra. \ud83d\ude42<\/p>\n<p>Sen blir det f\u00f6rst\u00e5s en hel del bilder p\u00e5 katter! <img loading=\"lazy\" class=\"alignnone size-medium wp-image-62426\" src=\"http:\/\/www.filindeblogg.nu\/wp-content\/uploads\/2015\/02\/Wilma-1-300x225.jpg\" alt=\"Wilma 1\" width=\"300\" height=\"225\" srcset=\"http:\/\/www.filindeblogg.nu\/wp-content\/uploads\/2015\/02\/Wilma-1-300x225.jpg 300w, http:\/\/www.filindeblogg.nu\/wp-content\/uploads\/2015\/02\/Wilma-1.jpg 600w\" sizes=\"(max-width: 300px) 100vw, 300px\" \/><strong> Wilma!<\/strong><\/p>\n<p>Wilma gillar blommor! <img loading=\"lazy\" class=\"alignnone size-medium wp-image-62427\" src=\"http:\/\/www.filindeblogg.nu\/wp-content\/uploads\/2015\/02\/Wilma-2-300x225.jpg\" alt=\"Wilma 2\" width=\"300\" height=\"225\" srcset=\"http:\/\/www.filindeblogg.nu\/wp-content\/uploads\/2015\/02\/Wilma-2-300x225.jpg 300w, http:\/\/www.filindeblogg.nu\/wp-content\/uploads\/2015\/02\/Wilma-2.jpg 600w\" sizes=\"(max-width: 300px) 100vw, 300px\" \/> S\u00e4rskilt ampelliljan! <img loading=\"lazy\" class=\"alignnone size-medium wp-image-62428\" src=\"http:\/\/www.filindeblogg.nu\/wp-content\/uploads\/2015\/02\/Wilma-3-300x225.jpg\" alt=\"Wilma 3\" width=\"300\" height=\"225\" srcset=\"http:\/\/www.filindeblogg.nu\/wp-content\/uploads\/2015\/02\/Wilma-3-300x225.jpg 300w, http:\/\/www.filindeblogg.nu\/wp-content\/uploads\/2015\/02\/Wilma-3.jpg 600w\" sizes=\"(max-width: 300px) 100vw, 300px\" \/> Den \u00e4r helt ofarlig f\u00f6r katter och det \u00e4r bara bloggaren som tycker att katten ska l\u00e5ta bli. Krukv\u00e4xter \u00e4r finast utan s\u00f6nderbitna blad! \ud83d\ude00<\/p>\n<p>Avslutar med <strong>&#8221;Sp\u00f6kkatten&#8221; Curry<\/strong> som \u00e5terv\u00e4nt stadigvarande &#8211; tack och lov! Vi har \u00e5ter f\u00e5tt godk\u00e4nt som hem. Kanske blev han utsl\u00e4ngd av n\u00e5gon kattflicka fr\u00e5n det forna krypinnet&#8230; \ud83d\ude09<\/p>\n<p style=\"text-align: center;\"><img loading=\"lazy\" class=\"aligncenter size-medium wp-image-62429\" src=\"http:\/\/www.filindeblogg.nu\/wp-content\/uploads\/2015\/02\/Curry-i-Jakobs-garderob-igen-300x225.jpg\" alt=\"Curry i Jakobs garderob igen\" width=\"300\" height=\"225\" srcset=\"http:\/\/www.filindeblogg.nu\/wp-content\/uploads\/2015\/02\/Curry-i-Jakobs-garderob-igen-300x225.jpg 300w, http:\/\/www.filindeblogg.nu\/wp-content\/uploads\/2015\/02\/Curry-i-Jakobs-garderob-igen.jpg 600w\" sizes=\"(max-width: 300px) 100vw, 300px\" \/>Mysigt och sk\u00f6nt i <strong>Jakob<\/strong>s garderob, tycker <strong>Curry!<\/strong><\/p>\n","protected":false},"excerpt":{"rendered":"<p>Helgens festligheter \u00e4r \u00f6ver och m\u00e5ndagen har anl\u00e4nt. Eftersom bloggaren \u00e5ter \u00e4r p\u00e5 spr\u00e5ng blir det lite hopkok av det som skulle ha publicerats f\u00f6rra veckan. Eloge till Posten till exempel! \u00c4r man sjuk och inte kommer iv\u00e4g f\u00f6r att posta viktiga brev kan man prova det h\u00e4r. En lapp p\u00e5 d\u00f6rren till brevb\u00e4raren och [&hellip;]<\/p>\n","protected":false},"author":1,"featured_media":0,"comment_status":"open","ping_status":"open","sticky":false,"template":"","format":"standard","meta":[],"categories":[41,175,100,145,132,151,101,116],"tags":[],"_links":{"self":[{"href":"http:\/\/www.filindeblogg.nu\/index.php?rest_route=\/wp\/v2\/posts\/62406"}],"collection":[{"href":"http:\/\/www.filindeblogg.nu\/index.php?rest_route=\/wp\/v2\/posts"}],"about":[{"href":"http:\/\/www.filindeblogg.nu\/index.php?rest_route=\/wp\/v2\/types\/post"}],"author":[{"embeddable":true,"href":"http:\/\/www.filindeblogg.nu\/index.php?rest_route=\/wp\/v2\/users\/1"}],"replies":[{"embeddable":true,"href":"http:\/\/www.filindeblogg.nu\/index.php?rest_route=%2Fwp%2Fv2%2Fcomments&post=62406"}],"version-history":[{"count":6,"href":"http:\/\/www.filindeblogg.nu\/index.php?rest_route=\/wp\/v2\/posts\/62406\/revisions"}],"predecessor-version":[{"id":62436,"href":"http:\/\/www.filindeblogg.nu\/index.php?rest_route=\/wp\/v2\/posts\/62406\/revisions\/62436"}],"wp:attachment":[{"href":"http:\/\/www.filindeblogg.nu\/index.php?rest_route=%2Fwp%2Fv2%2Fmedia&parent=62406"}],"wp:term":[{"taxonomy":"category","embeddable":true,"href":"http:\/\/www.filindeblogg.nu\/index.php?rest_route=%2Fwp%2Fv2%2Fcategories&post=62406"},{"taxonomy":"post_tag","embeddable":true,"href":"http:\/\/www.filindeblogg.nu\/index.php?rest_route=%2Fwp%2Fv2%2Ftags&post=62406"}],"curies":[{"name":"wp","href":"https:\/\/api.w.org\/{rel}","templated":true}]}}