{"id":62283,"date":"2015-02-16T07:41:55","date_gmt":"2015-02-16T06:41:55","guid":{"rendered":"http:\/\/www.filindeblogg.nu\/?p=62283"},"modified":"2015-02-16T07:41:55","modified_gmt":"2015-02-16T06:41:55","slug":"mandagsklipp-fran-sondag","status":"publish","type":"post","link":"http:\/\/www.filindeblogg.nu\/?p=62283","title":{"rendered":"M\u00e5ndagsklipp fr\u00e5n s\u00f6ndag"},"content":{"rendered":"<p><img loading=\"lazy\" class=\"alignnone size-full wp-image-62284\" src=\"http:\/\/www.filindeblogg.nu\/wp-content\/uploads\/2015\/02\/Klipp1.jpg\" alt=\"Klipp\" width=\"128\" height=\"150\" \/>Idag blir det m\u00e5ndagsklipp fr\u00e5n s\u00f6ndagens <a href=\"http:\/\/www.dn.se\/kultur-noje\/\" target=\"_blank\"><strong>DN!<\/strong><\/a><\/p>\n<p><img loading=\"lazy\" class=\"alignnone size-medium wp-image-62286\" src=\"http:\/\/www.filindeblogg.nu\/wp-content\/uploads\/2015\/02\/0194-225x300.jpg\" alt=\"019\" width=\"225\" height=\"300\" srcset=\"http:\/\/www.filindeblogg.nu\/wp-content\/uploads\/2015\/02\/0194-225x300.jpg 225w, http:\/\/www.filindeblogg.nu\/wp-content\/uploads\/2015\/02\/0194.jpg 450w\" sizes=\"(max-width: 225px) 100vw, 225px\" \/>\u00a0 <strong>Knut St\u00e5hlberg, <\/strong>utrikeskorrespondent i <strong>Paris<\/strong> har avlidit. DN skriver om en duktig journalist som ocks\u00e5 blev enormt folkk\u00e4r. Knut St\u00e5hlberg var en av bloggarens favoriter ocks\u00e5. <img loading=\"lazy\" class=\"alignnone size-medium wp-image-62287\" src=\"http:\/\/www.filindeblogg.nu\/wp-content\/uploads\/2015\/02\/0203-300x225.jpg\" alt=\"020\" width=\"300\" height=\"225\" srcset=\"http:\/\/www.filindeblogg.nu\/wp-content\/uploads\/2015\/02\/0203-300x225.jpg 300w, http:\/\/www.filindeblogg.nu\/wp-content\/uploads\/2015\/02\/0203.jpg 600w\" sizes=\"(max-width: 300px) 100vw, 300px\" \/><\/p>\n<p><a href=\"http:\/\/www.dn.se\/arkiv\/kultur\/vagen-till-folkets-karlek-gick-genom-tvrutan\" target=\"_blank\"><strong>H\u00c4R<\/strong> <\/a>kan du l\u00e4sa hela kr\u00f6nikan om <strong><em>&#8221;R\u00f6sten fr\u00e5n Paris&#8221;<\/em><\/strong>. Knut St\u00e5hlberg blev 95 \u00e5r gammal.<\/p>\n<p>Lite annan kultur ocks\u00e5. <img loading=\"lazy\" class=\"alignnone size-medium wp-image-62288\" src=\"http:\/\/www.filindeblogg.nu\/wp-content\/uploads\/2015\/02\/0231-225x300.jpg\" alt=\"023\" width=\"225\" height=\"300\" srcset=\"http:\/\/www.filindeblogg.nu\/wp-content\/uploads\/2015\/02\/0231-225x300.jpg 225w, http:\/\/www.filindeblogg.nu\/wp-content\/uploads\/2015\/02\/0231.jpg 450w\" sizes=\"(max-width: 225px) 100vw, 225px\" \/> N\u00e4r bloggaren l\u00e4ser om<strong> Thielska Galleriet<\/strong>s utst\u00e4llning med textilkonstn\u00e4rinnan <strong>Veronica Nygren<\/strong>\u00a0 <img loading=\"lazy\" class=\"alignnone size-medium wp-image-62289\" src=\"http:\/\/www.filindeblogg.nu\/wp-content\/uploads\/2015\/02\/0222-225x300.jpg\" alt=\"022\" width=\"225\" height=\"300\" srcset=\"http:\/\/www.filindeblogg.nu\/wp-content\/uploads\/2015\/02\/0222-225x300.jpg 225w, http:\/\/www.filindeblogg.nu\/wp-content\/uploads\/2015\/02\/0222.jpg 450w\" sizes=\"(max-width: 225px) 100vw, 225px\" \/><br \/>\nkommer hon att t\u00e4nka p\u00e5 sin sv\u00e4rmor <strong>Kerstin Linde<\/strong>, amanuens och konsthistoriker p\u00e5<strong> V\u00e4ster\u00e5s Konstmuseum<\/strong> en g\u00e5ng i tiden. <img loading=\"lazy\" class=\"alignnone  wp-image-62291\" src=\"http:\/\/www.filindeblogg.nu\/wp-content\/uploads\/2015\/02\/0281-216x300.jpg\" alt=\"028\" width=\"108\" height=\"150\" srcset=\"http:\/\/www.filindeblogg.nu\/wp-content\/uploads\/2015\/02\/0281-216x300.jpg 216w, http:\/\/www.filindeblogg.nu\/wp-content\/uploads\/2015\/02\/0281.jpg 339w\" sizes=\"(max-width: 108px) 100vw, 108px\" \/> Kerstins brinnande intresse och engagemang f\u00f6r konsten och alla utst\u00e4llningar hon h\u00e4mtade hem till <strong>V\u00e4ster\u00e5s<\/strong>. Kerstin l\u00e4rde bloggaren mycket om konst. Kerstin Linde avled 2002 i en \u00e5lder av 80 \u00e5r.<\/p>\n<p>Lite tecknat ocks\u00e5 ur g\u00e5rdagens DN! <strong>Hans Lindstr\u00f6m<\/strong>! <img loading=\"lazy\" class=\"alignnone size-medium wp-image-62292\" src=\"http:\/\/www.filindeblogg.nu\/wp-content\/uploads\/2015\/02\/0266-300x225.jpg\" alt=\"026\" width=\"300\" height=\"225\" srcset=\"http:\/\/www.filindeblogg.nu\/wp-content\/uploads\/2015\/02\/0266-300x225.jpg 300w, http:\/\/www.filindeblogg.nu\/wp-content\/uploads\/2015\/02\/0266.jpg 600w\" sizes=\"(max-width: 300px) 100vw, 300px\" \/><\/p>\n<p>Och &#8221;<strong><em>Medel\u00e5lders plus&#8221;<\/em><\/strong>! <img loading=\"lazy\" class=\"alignnone size-medium wp-image-62294\" src=\"http:\/\/www.filindeblogg.nu\/wp-content\/uploads\/2015\/02\/0253-297x300.jpg\" alt=\"025\" width=\"297\" height=\"300\" srcset=\"http:\/\/www.filindeblogg.nu\/wp-content\/uploads\/2015\/02\/0253-297x300.jpg 297w, http:\/\/www.filindeblogg.nu\/wp-content\/uploads\/2015\/02\/0253-144x144.jpg 144w, http:\/\/www.filindeblogg.nu\/wp-content\/uploads\/2015\/02\/0253.jpg 432w\" sizes=\"(max-width: 297px) 100vw, 297px\" \/><\/p>\n<p>Ja, visst l\u00e4ngtar vi Nordbor efter solen och ig\u00e5r fann bloggaren detta v\u00e5rtecken! \ud83d\ude42 S\u00e5 lugn! Sol, v\u00e4rme och v\u00e5r kommer!<\/p>\n<p><img loading=\"lazy\" class=\"aligncenter size-medium wp-image-62295\" src=\"http:\/\/www.filindeblogg.nu\/wp-content\/uploads\/2015\/02\/Sn\u00f6droppar-14-febr-2015-225x300.jpg\" alt=\"Sn\u00f6droppar 14 febr 2015\" width=\"225\" height=\"300\" srcset=\"http:\/\/www.filindeblogg.nu\/wp-content\/uploads\/2015\/02\/Sn\u00f6droppar-14-febr-2015-225x300.jpg 225w, http:\/\/www.filindeblogg.nu\/wp-content\/uploads\/2015\/02\/Sn\u00f6droppar-14-febr-2015.jpg 450w\" sizes=\"(max-width: 225px) 100vw, 225px\" \/><\/p>\n","protected":false},"excerpt":{"rendered":"<p>Idag blir det m\u00e5ndagsklipp fr\u00e5n s\u00f6ndagens DN! \u00a0 Knut St\u00e5hlberg, utrikeskorrespondent i Paris har avlidit. DN skriver om en duktig journalist som ocks\u00e5 blev enormt folkk\u00e4r. Knut St\u00e5hlberg var en av bloggarens favoriter ocks\u00e5. H\u00c4R kan du l\u00e4sa hela kr\u00f6nikan om &#8221;R\u00f6sten fr\u00e5n Paris&#8221;. Knut St\u00e5hlberg blev 95 \u00e5r gammal. Lite annan kultur ocks\u00e5. N\u00e4r [&hellip;]<\/p>\n","protected":false},"author":1,"featured_media":0,"comment_status":"open","ping_status":"open","sticky":false,"template":"","format":"standard","meta":[],"categories":[126,100,152,132,101,179],"tags":[],"_links":{"self":[{"href":"http:\/\/www.filindeblogg.nu\/index.php?rest_route=\/wp\/v2\/posts\/62283"}],"collection":[{"href":"http:\/\/www.filindeblogg.nu\/index.php?rest_route=\/wp\/v2\/posts"}],"about":[{"href":"http:\/\/www.filindeblogg.nu\/index.php?rest_route=\/wp\/v2\/types\/post"}],"author":[{"embeddable":true,"href":"http:\/\/www.filindeblogg.nu\/index.php?rest_route=\/wp\/v2\/users\/1"}],"replies":[{"embeddable":true,"href":"http:\/\/www.filindeblogg.nu\/index.php?rest_route=%2Fwp%2Fv2%2Fcomments&post=62283"}],"version-history":[{"count":4,"href":"http:\/\/www.filindeblogg.nu\/index.php?rest_route=\/wp\/v2\/posts\/62283\/revisions"}],"predecessor-version":[{"id":62299,"href":"http:\/\/www.filindeblogg.nu\/index.php?rest_route=\/wp\/v2\/posts\/62283\/revisions\/62299"}],"wp:attachment":[{"href":"http:\/\/www.filindeblogg.nu\/index.php?rest_route=%2Fwp%2Fv2%2Fmedia&parent=62283"}],"wp:term":[{"taxonomy":"category","embeddable":true,"href":"http:\/\/www.filindeblogg.nu\/index.php?rest_route=%2Fwp%2Fv2%2Fcategories&post=62283"},{"taxonomy":"post_tag","embeddable":true,"href":"http:\/\/www.filindeblogg.nu\/index.php?rest_route=%2Fwp%2Fv2%2Ftags&post=62283"}],"curies":[{"name":"wp","href":"https:\/\/api.w.org\/{rel}","templated":true}]}}