{"id":62077,"date":"2015-02-06T14:16:07","date_gmt":"2015-02-06T13:16:07","guid":{"rendered":"http:\/\/www.filindeblogg.nu\/?p=62077"},"modified":"2015-02-06T14:16:07","modified_gmt":"2015-02-06T13:16:07","slug":"soliga-nyheter","status":"publish","type":"post","link":"http:\/\/www.filindeblogg.nu\/?p=62077","title":{"rendered":"Soliga nyheter"},"content":{"rendered":"<p><img loading=\"lazy\" class=\"alignnone size-full wp-image-62078\" src=\"http:\/\/www.filindeblogg.nu\/wp-content\/uploads\/2015\/02\/Glad-sol.jpg\" alt=\"Glad sol\" width=\"137\" height=\"116\" \/>Ser ni solen idag!? Underbart!!<br \/>\nSolsken &#8211; vilken h\u00e4rligt solig nyhet!<\/p>\n<p><img loading=\"lazy\" class=\"alignnone  wp-image-62078\" src=\"http:\/\/www.filindeblogg.nu\/wp-content\/uploads\/2015\/02\/Glad-sol.jpg\" alt=\"Glad sol\" width=\"47\" height=\"40\" \/>\u00a0En annan solskensnyhet &#8211; i alla f\u00f6r bloggaren &#8211; \u00e4r n\u00e4r <strong>Tony<\/strong> p\u00e5 <a href=\"http:\/\/www.ltlast.se\/\" target=\"_blank\"><strong>LT Last &amp; Gr\u00e4v<\/strong> <\/a>ringer och fr\u00e5gar om han ska plocka ner de farliga istapparna p\u00e5 huset! <img loading=\"lazy\" class=\"alignnone size-medium wp-image-62079\" src=\"http:\/\/www.filindeblogg.nu\/wp-content\/uploads\/2015\/02\/Farlig-tapp-225x300.jpg\" alt=\"Farlig tapp\" width=\"225\" height=\"300\" \/> S\u00c5 bussigt och sj\u00e4lvklart svarar man JA p\u00e5 den fr\u00e5gan! \ud83d\ude42<\/p>\n<p><img loading=\"lazy\" class=\"alignnone  wp-image-62081\" src=\"http:\/\/www.filindeblogg.nu\/wp-content\/uploads\/2015\/02\/Glad-sol1.jpg\" alt=\"Glad sol\" width=\"59\" height=\"50\" \/>\u00a0Soliga nyheter, upplever bloggaren detta som ocks\u00e5: <img loading=\"lazy\" class=\"alignnone size-medium wp-image-62080\" src=\"http:\/\/www.filindeblogg.nu\/wp-content\/uploads\/2015\/02\/0093-300x225.jpg\" alt=\"009\" width=\"300\" height=\"225\" srcset=\"http:\/\/www.filindeblogg.nu\/wp-content\/uploads\/2015\/02\/0093-300x225.jpg 300w, http:\/\/www.filindeblogg.nu\/wp-content\/uploads\/2015\/02\/0093.jpg 600w\" sizes=\"(max-width: 300px) 100vw, 300px\" \/><\/p>\n<p>Ett reportage ur f\u00f6rra s\u00f6ndagens<strong> DN<\/strong>: <img loading=\"lazy\" class=\"alignnone size-medium wp-image-62082\" src=\"http:\/\/www.filindeblogg.nu\/wp-content\/uploads\/2015\/02\/0083-300x225.jpg\" alt=\"008\" width=\"300\" height=\"225\" srcset=\"http:\/\/www.filindeblogg.nu\/wp-content\/uploads\/2015\/02\/0083-300x225.jpg 300w, http:\/\/www.filindeblogg.nu\/wp-content\/uploads\/2015\/02\/0083.jpg 600w\" sizes=\"(max-width: 300px) 100vw, 300px\" \/> S\u00e5 h\u00e4r l\u00e4ser bloggaren om projektet med kortare arbetstid p\u00e5 <strong>Svartedalens \u00e4ldreboende i G\u00f6teborg<\/strong>, citat:<\/p>\n<p><em>&#8221;F\u00f6rs\u00f6ket i G\u00f6teborg har drivits fram av stadens r\u00f6dgr\u00f6na majoritet. Avsikten \u00e4r att f\u00e5 ett underlag f\u00f6r beslut om sextimmarsdag kan vara en framtid p\u00e5 kommunens arbetsplatser.&#8221;<\/em><\/p>\n<p>L\u00e5ter mycket klokt och intressant, tycker bloggaren! <img loading=\"lazy\" class=\"alignnone  wp-image-62081\" src=\"http:\/\/www.filindeblogg.nu\/wp-content\/uploads\/2015\/02\/Glad-sol1.jpg\" alt=\"Glad sol\" width=\"59\" height=\"50\" \/><\/p>\n<p>En av de anst\u00e4llda inom \u00e4ldreboendet s\u00e4ger s\u00e5 h\u00e4r, citat: <em>&#8221;Det \u00e4r sv\u00e5rt att skapa nya jobb. D\u00e5 m\u00e5ste vi dela p\u00e5 dem som finns och l\u00e5ta fler komma in p\u00e5 arbetsmarknaden.&#8221;<\/em><\/p>\n<p><img loading=\"lazy\" class=\"alignnone size-full wp-image-62083\" src=\"http:\/\/www.filindeblogg.nu\/wp-content\/uploads\/2015\/02\/Stressad-kvinna.jpg\" alt=\"Stressad kvinna\" width=\"149\" height=\"99\" \/> Bloggaren vet en del om arbete, tid och h\u00e4lsa. Hur till exempel kvinnor med sm\u00e5barn g\u00e5r ner i arbetstid till 75% men jobbar lika mycket fast p\u00e5 kortare tid och med mindre l\u00f6n&#8230; Och vad det f\u00f6r med sig p\u00e5 sikt&#8230;<img loading=\"lazy\" class=\"alignnone size-full wp-image-62084\" src=\"http:\/\/www.filindeblogg.nu\/wp-content\/uploads\/2015\/02\/Utbr\u00e4nd-kvinna.jpg\" alt=\"Utbr\u00e4nd kvinna\" width=\"98\" height=\"72\" \/><\/p>\n<p>Det m\u00e5ste vara mycket mer effektivt att dela p\u00e5 jobben &#8211; det ger rimligare arbetssituation, mer fritid och skapar fler jobb! <img loading=\"lazy\" class=\"alignnone size-full wp-image-62085\" src=\"http:\/\/www.filindeblogg.nu\/wp-content\/uploads\/2015\/02\/Tv\u00e5-kvinnor-delar-jobb.jpg\" alt=\"Tv\u00e5 kvinnor delar jobb\" width=\"150\" height=\"100\" \/><\/p>\n<p>Ist\u00e4llet f\u00f6r att en person jobbar 8 timmar &#8211; 08.00 &#8211; 16.00 &#8211;<br \/>\ns\u00e5 kan tv\u00e5 personer dela p\u00e5 jobbet och person 1 jobbar till exempel 07.00 &#8211; 13.00 och person 2 &#8211; 13.00 &#8211; 18.00. <img loading=\"lazy\" class=\"alignnone size-full wp-image-62086\" src=\"http:\/\/www.filindeblogg.nu\/wp-content\/uploads\/2015\/02\/Tvillingar-jobbar.jpg\" alt=\"Tvillingar jobbar\" width=\"114\" height=\"86\" \/><\/p>\n<p><img loading=\"lazy\" class=\"alignnone size-full wp-image-62087\" src=\"http:\/\/www.filindeblogg.nu\/wp-content\/uploads\/2015\/02\/G\u00e5-in-i-v\u00e4ggen.jpg\" alt=\"G\u00e5 in i v\u00e4ggen\" width=\"87\" height=\"124\" \/> Genom att dela p\u00e5 jobb minskar risken f\u00f6r att &#8221;g\u00e5 in i v\u00e4ggen&#8221; &#8211; med f\u00f6rlorad kompetens och personliga tragedier som f\u00f6ljd. <img loading=\"lazy\" class=\"alignnone size-full wp-image-62088\" src=\"http:\/\/www.filindeblogg.nu\/wp-content\/uploads\/2015\/02\/Utbr\u00e4nd-man.jpg\" alt=\"Utbr\u00e4nd man\" width=\"130\" height=\"87\" \/><\/p>\n<p>Bloggaren tror att \u00e4ven om de anst\u00e4llda f\u00e5r beh\u00e5lla sin 8-timmarsl\u00f6n fast de arbetar bara 6 timmar kommer det att vara l\u00e5ngsiktigt l\u00f6nsamt. F\u00f6r s\u00e5v\u00e4l f\u00f6retag som f\u00f6r anst\u00e4lldas h\u00e4lsa.<\/p>\n<p>En riktigt solig nyhet som bloggaren hoppas f\u00e5 se mer av! <img loading=\"lazy\" class=\"alignnone size-full wp-image-62081\" src=\"http:\/\/www.filindeblogg.nu\/wp-content\/uploads\/2015\/02\/Glad-sol1.jpg\" alt=\"Glad sol\" width=\"137\" height=\"116\" \/><\/p>\n<p>Artikeln i<strong> DN<\/strong> kan du l\u00e4sa <a href=\"http:\/\/www.dn.se\/ekonomi\/jobb-karriar\/de-ska-jobba-mindre-men-med-samma-lon\/\" target=\"_blank\"><strong>H\u00c4R<\/strong> <\/a>p\u00e5 n\u00e4tet!<\/p>\n<p><img loading=\"lazy\" class=\"alignnone  wp-image-62089\" src=\"http:\/\/www.filindeblogg.nu\/wp-content\/uploads\/2015\/02\/0034-300x225.jpg\" alt=\"003\" width=\"223\" height=\"167\" srcset=\"http:\/\/www.filindeblogg.nu\/wp-content\/uploads\/2015\/02\/0034-300x225.jpg 300w, http:\/\/www.filindeblogg.nu\/wp-content\/uploads\/2015\/02\/0034.jpg 600w\" sizes=\"(max-width: 223px) 100vw, 223px\" \/> Himlen h\u00e4r om dagen. Det kan vara vackert fast det inte \u00e4r soligt!<\/p>\n<p>En som g\u00e4rna ser mer av <img loading=\"lazy\" class=\"alignnone size-full wp-image-62081\" src=\"http:\/\/www.filindeblogg.nu\/wp-content\/uploads\/2015\/02\/Glad-sol1.jpg\" alt=\"Glad sol\" width=\"137\" height=\"116\" \/>\u00e4r <strong>Vilda Wilma<\/strong> som \u00e4r rej\u00e4lt tr\u00f6tt p\u00e5 vinter, sn\u00f6 och kyla! Hon vill helst rusa in s\u00e5 fort hon kommit ut! <img loading=\"lazy\" class=\"alignnone size-medium wp-image-62090\" src=\"http:\/\/www.filindeblogg.nu\/wp-content\/uploads\/2015\/02\/0141-225x300.jpg\" alt=\"014\" width=\"225\" height=\"300\" srcset=\"http:\/\/www.filindeblogg.nu\/wp-content\/uploads\/2015\/02\/0141-225x300.jpg 225w, http:\/\/www.filindeblogg.nu\/wp-content\/uploads\/2015\/02\/0141.jpg 450w\" sizes=\"(max-width: 225px) 100vw, 225px\" \/> Bloggaren f\u00f6rst\u00e5r henne helt&#8230;<\/p>\n<p>Njut fredagsmys! Imorgon \u00e4r det l\u00f6rdag och <strong>Vintermarknad i Arboga!<\/strong> <img loading=\"lazy\" class=\"alignnone  wp-image-62091\" src=\"http:\/\/www.filindeblogg.nu\/wp-content\/uploads\/2015\/02\/Tomas-Bolander-med-son-p\u00e5-f\u00f6rra-\u00e5rets-vintermarknad-i-Arboga-Foto-BblAT-300x200.jpg\" alt=\"Tomas Bolander med son p\u00e5 f\u00f6rra \u00e5rets vintermarknad i Arboga Foto BblAT\" width=\"210\" height=\"140\" srcset=\"http:\/\/www.filindeblogg.nu\/wp-content\/uploads\/2015\/02\/Tomas-Bolander-med-son-p\u00e5-f\u00f6rra-\u00e5rets-vintermarknad-i-Arboga-Foto-BblAT-300x200.jpg 300w, http:\/\/www.filindeblogg.nu\/wp-content\/uploads\/2015\/02\/Tomas-Bolander-med-son-p\u00e5-f\u00f6rra-\u00e5rets-vintermarknad-i-Arboga-Foto-BblAT.jpg 860w\" sizes=\"(max-width: 210px) 100vw, 210px\" \/> Fotot \u00e4r taget fr\u00e5n <a href=\"http:\/\/bblat.se\/nyheter\/arboga\/1.2829318-vintermarknad-i-ny-regi\" target=\"_blank\"><strong>Bbl\/AT<\/strong><\/a> och visar<strong> Tomas Bolander<\/strong> med sonen <strong>Oskar<\/strong> p\u00e5 f\u00f6rra \u00e5rets vintermarknad.<br \/>\nMarknaden h\u00e5ller \u00f6ppet fr\u00e5n klockan 08.00 till klockan 15.00 imorgon l\u00f6rdag, skriver <a href=\"http:\/\/www.arboga.se\/evenemangskalender\/9439\/?mode=share\" target=\"_blank\"><strong>Arboga kommun<\/strong> <\/a>som h\u00e4nvisar till <strong>Arbogakarnevalen<\/strong> som tagit \u00f6ver som arrang\u00f6r.<\/p>\n<p>Sol p\u00e5 er alla! \ud83d\ude42 <img loading=\"lazy\" class=\"alignnone size-full wp-image-62081\" src=\"http:\/\/www.filindeblogg.nu\/wp-content\/uploads\/2015\/02\/Glad-sol1.jpg\" alt=\"Glad sol\" width=\"137\" height=\"116\" \/><\/p>\n<p><img loading=\"lazy\" class=\"aligncenter size-medium wp-image-62092\" src=\"http:\/\/www.filindeblogg.nu\/wp-content\/uploads\/2015\/02\/0111-300x225.jpg\" alt=\"011\" width=\"300\" height=\"225\" srcset=\"http:\/\/www.filindeblogg.nu\/wp-content\/uploads\/2015\/02\/0111-300x225.jpg 300w, http:\/\/www.filindeblogg.nu\/wp-content\/uploads\/2015\/02\/0111.jpg 600w\" sizes=\"(max-width: 300px) 100vw, 300px\" \/><\/p>\n<p>&nbsp;<\/p>\n","protected":false},"excerpt":{"rendered":"<p>Ser ni solen idag!? Underbart!! Solsken &#8211; vilken h\u00e4rligt solig nyhet! \u00a0En annan solskensnyhet &#8211; i alla f\u00f6r bloggaren &#8211; \u00e4r n\u00e4r Tony p\u00e5 LT Last &amp; Gr\u00e4v ringer och fr\u00e5gar om han ska plocka ner de farliga istapparna p\u00e5 huset! S\u00c5 bussigt och sj\u00e4lvklart svarar man JA p\u00e5 den fr\u00e5gan! \ud83d\ude42 \u00a0Soliga nyheter, upplever [&hellip;]<\/p>\n","protected":false},"author":1,"featured_media":0,"comment_status":"open","ping_status":"open","sticky":false,"template":"","format":"standard","meta":[],"categories":[127,41,174,100,101,179],"tags":[],"_links":{"self":[{"href":"http:\/\/www.filindeblogg.nu\/index.php?rest_route=\/wp\/v2\/posts\/62077"}],"collection":[{"href":"http:\/\/www.filindeblogg.nu\/index.php?rest_route=\/wp\/v2\/posts"}],"about":[{"href":"http:\/\/www.filindeblogg.nu\/index.php?rest_route=\/wp\/v2\/types\/post"}],"author":[{"embeddable":true,"href":"http:\/\/www.filindeblogg.nu\/index.php?rest_route=\/wp\/v2\/users\/1"}],"replies":[{"embeddable":true,"href":"http:\/\/www.filindeblogg.nu\/index.php?rest_route=%2Fwp%2Fv2%2Fcomments&post=62077"}],"version-history":[{"count":8,"href":"http:\/\/www.filindeblogg.nu\/index.php?rest_route=\/wp\/v2\/posts\/62077\/revisions"}],"predecessor-version":[{"id":62100,"href":"http:\/\/www.filindeblogg.nu\/index.php?rest_route=\/wp\/v2\/posts\/62077\/revisions\/62100"}],"wp:attachment":[{"href":"http:\/\/www.filindeblogg.nu\/index.php?rest_route=%2Fwp%2Fv2%2Fmedia&parent=62077"}],"wp:term":[{"taxonomy":"category","embeddable":true,"href":"http:\/\/www.filindeblogg.nu\/index.php?rest_route=%2Fwp%2Fv2%2Fcategories&post=62077"},{"taxonomy":"post_tag","embeddable":true,"href":"http:\/\/www.filindeblogg.nu\/index.php?rest_route=%2Fwp%2Fv2%2Ftags&post=62077"}],"curies":[{"name":"wp","href":"https:\/\/api.w.org\/{rel}","templated":true}]}}