{"id":62034,"date":"2015-02-04T07:32:14","date_gmt":"2015-02-04T06:32:14","guid":{"rendered":"http:\/\/www.filindeblogg.nu\/?p=62034"},"modified":"2015-02-04T07:44:45","modified_gmt":"2015-02-04T06:44:45","slug":"varsta-vintern","status":"publish","type":"post","link":"http:\/\/www.filindeblogg.nu\/?p=62034","title":{"rendered":"V\u00e4rsta vintern!"},"content":{"rendered":"<p><img loading=\"lazy\" class=\"alignnone  wp-image-62035\" src=\"http:\/\/www.filindeblogg.nu\/wp-content\/uploads\/2015\/02\/Nygatan-i-Arboga-2-febr-20151-300x225.jpg\" alt=\"Nygatan i Arboga 2 febr 2015\" width=\"179\" height=\"134\" srcset=\"http:\/\/www.filindeblogg.nu\/wp-content\/uploads\/2015\/02\/Nygatan-i-Arboga-2-febr-20151-300x225.jpg 300w, http:\/\/www.filindeblogg.nu\/wp-content\/uploads\/2015\/02\/Nygatan-i-Arboga-2-febr-20151.jpg 600w\" sizes=\"(max-width: 179px) 100vw, 179px\" \/> Bloggen fr\u00e5n ig\u00e5r &#8211; <strong>Nygatan<\/strong>, centralt i <strong>Arboga<\/strong>. Nu har vi v\u00e4rsta vintern!<\/p>\n<p>S\u00e5 h\u00e4r s\u00e5g det ut i andra delar av stan.<\/p>\n<p><strong>Borgaregatan<\/strong>:\u00a0<img loading=\"lazy\" class=\"alignnone size-medium wp-image-62037\" src=\"http:\/\/www.filindeblogg.nu\/wp-content\/uploads\/2015\/02\/0011-300x185.jpg\" alt=\"001\" width=\"300\" height=\"185\" srcset=\"http:\/\/www.filindeblogg.nu\/wp-content\/uploads\/2015\/02\/0011-300x185.jpg 300w, http:\/\/www.filindeblogg.nu\/wp-content\/uploads\/2015\/02\/0011.jpg 600w\" sizes=\"(max-width: 300px) 100vw, 300px\" \/> L\u00e4ngst bort blockerar en sopbil v\u00e4gen s\u00e5 det \u00e4r bara att ta en omv\u00e4g &#8211; <strong>Belitzgatan<\/strong>: <img loading=\"lazy\" class=\"alignnone size-medium wp-image-62038\" src=\"http:\/\/www.filindeblogg.nu\/wp-content\/uploads\/2015\/02\/Belitzgatan-300x225.jpg\" alt=\"Belitzgatan\" width=\"300\" height=\"225\" srcset=\"http:\/\/www.filindeblogg.nu\/wp-content\/uploads\/2015\/02\/Belitzgatan-300x225.jpg 300w, http:\/\/www.filindeblogg.nu\/wp-content\/uploads\/2015\/02\/Belitzgatan.jpg 600w\" sizes=\"(max-width: 300px) 100vw, 300px\" \/> Ser r\u00e4tt sv\u00e5rframkomligt ut h\u00e4r ocks\u00e5&#8230;<\/p>\n<p>Men det gick. <img loading=\"lazy\" class=\"alignnone size-medium wp-image-62048\" src=\"http:\/\/www.filindeblogg.nu\/wp-content\/uploads\/2015\/02\/0262-300x225.jpg\" alt=\"026\" width=\"300\" height=\"225\" srcset=\"http:\/\/www.filindeblogg.nu\/wp-content\/uploads\/2015\/02\/0262-300x225.jpg 300w, http:\/\/www.filindeblogg.nu\/wp-content\/uploads\/2015\/02\/0262.jpg 600w\" sizes=\"(max-width: 300px) 100vw, 300px\" \/><\/p>\n<p><strong>Kungs\u00f6rsv\u00e4gen<\/strong>: <img loading=\"lazy\" class=\"alignnone size-medium wp-image-62040\" src=\"http:\/\/www.filindeblogg.nu\/wp-content\/uploads\/2015\/02\/004-300x196.jpg\" alt=\"004\" width=\"300\" height=\"196\" srcset=\"http:\/\/www.filindeblogg.nu\/wp-content\/uploads\/2015\/02\/004-300x196.jpg 300w, http:\/\/www.filindeblogg.nu\/wp-content\/uploads\/2015\/02\/004.jpg 600w\" sizes=\"(max-width: 300px) 100vw, 300px\" \/><\/p>\n<p>Att ta av in p\u00e5 <strong>Str\u00f6mbergersgatan<\/strong> verkar inte vara en bra id\u00e9&#8230; <img loading=\"lazy\" class=\"alignnone size-medium wp-image-62039\" src=\"http:\/\/www.filindeblogg.nu\/wp-content\/uploads\/2015\/02\/0051-300x225.jpg\" alt=\"005\" width=\"300\" height=\"225\" srcset=\"http:\/\/www.filindeblogg.nu\/wp-content\/uploads\/2015\/02\/0051-300x225.jpg 300w, http:\/\/www.filindeblogg.nu\/wp-content\/uploads\/2015\/02\/0051.jpg 600w\" sizes=\"(max-width: 300px) 100vw, 300px\" \/><\/p>\n<p>Vi v\u00e4ljer <strong>Engvallsgatan<\/strong>: <img loading=\"lazy\" class=\"alignnone size-medium wp-image-62041\" src=\"http:\/\/www.filindeblogg.nu\/wp-content\/uploads\/2015\/02\/0081-300x207.jpg\" alt=\"008\" width=\"300\" height=\"207\" srcset=\"http:\/\/www.filindeblogg.nu\/wp-content\/uploads\/2015\/02\/0081-300x207.jpg 300w, http:\/\/www.filindeblogg.nu\/wp-content\/uploads\/2015\/02\/0081.jpg 600w\" sizes=\"(max-width: 300px) 100vw, 300px\" \/> Vilka sn\u00f6h\u00f6gar!!<\/p>\n<p><img loading=\"lazy\" class=\"alignnone size-medium wp-image-62042\" src=\"http:\/\/www.filindeblogg.nu\/wp-content\/uploads\/2015\/02\/0092-225x300.jpg\" alt=\"009\" width=\"225\" height=\"300\" srcset=\"http:\/\/www.filindeblogg.nu\/wp-content\/uploads\/2015\/02\/0092-225x300.jpg 225w, http:\/\/www.filindeblogg.nu\/wp-content\/uploads\/2015\/02\/0092.jpg 450w\" sizes=\"(max-width: 225px) 100vw, 225px\" \/> K\u00e4nns n\u00e4stan lite vanskligt att parkera bilen&#8230; <img loading=\"lazy\" class=\"alignnone size-medium wp-image-62044\" src=\"http:\/\/www.filindeblogg.nu\/wp-content\/uploads\/2015\/02\/0101-300x225.jpg\" alt=\"010\" width=\"300\" height=\"225\" srcset=\"http:\/\/www.filindeblogg.nu\/wp-content\/uploads\/2015\/02\/0101-300x225.jpg 300w, http:\/\/www.filindeblogg.nu\/wp-content\/uploads\/2015\/02\/0101.jpg 600w\" sizes=\"(max-width: 300px) 100vw, 300px\" \/><\/p>\n<p>Framf\u00f6r f\u00f6r\u00e4ldrahemmet: <img loading=\"lazy\" class=\"alignnone  wp-image-62043\" src=\"http:\/\/www.filindeblogg.nu\/wp-content\/uploads\/2015\/02\/011-300x225.jpg\" alt=\"011\" width=\"245\" height=\"184\" srcset=\"http:\/\/www.filindeblogg.nu\/wp-content\/uploads\/2015\/02\/011-300x225.jpg 300w, http:\/\/www.filindeblogg.nu\/wp-content\/uploads\/2015\/02\/011.jpg 600w\" sizes=\"(max-width: 245px) 100vw, 245px\" \/> H\u00e4r \u00e4r det n\u00e4st intill om\u00f6jligt att ta sig in! <img loading=\"lazy\" class=\"alignnone size-medium wp-image-62045\" src=\"http:\/\/www.filindeblogg.nu\/wp-content\/uploads\/2015\/02\/012-225x300.jpg\" alt=\"012\" width=\"225\" height=\"300\" srcset=\"http:\/\/www.filindeblogg.nu\/wp-content\/uploads\/2015\/02\/012-225x300.jpg 225w, http:\/\/www.filindeblogg.nu\/wp-content\/uploads\/2015\/02\/012.jpg 450w\" sizes=\"(max-width: 225px) 100vw, 225px\" \/><\/p>\n<p>Vad g\u00f6r man d\u00e5!? Jo, man ringer <strong><a href=\"http:\/\/www.arboga.se\/omvardnad-socialt-stod\/hjalp-i-hemmet\/pensionarsservice\/\" target=\"_blank\">Pension\u00e4rsservice<\/a> p\u00e5<a href=\"http:\/\/www.arboga.se\/naringsliv-arbete\/arbetsmarknad\/arbetsmarknadsenheten\/ame-jobbcenter\/\" target=\"_blank\"> AME<\/a> i Arboga<\/strong>! \ud83d\ude42<\/p>\n<p>Inom en timma(!) fr\u00e5n det vi ringde s\u00e5g det ut s\u00e5 h\u00e4r ist\u00e4llet: <img loading=\"lazy\" class=\"alignnone size-medium wp-image-62046\" src=\"http:\/\/www.filindeblogg.nu\/wp-content\/uploads\/2015\/02\/0192-300x225.jpg\" alt=\"019\" width=\"300\" height=\"225\" srcset=\"http:\/\/www.filindeblogg.nu\/wp-content\/uploads\/2015\/02\/0192-300x225.jpg 300w, http:\/\/www.filindeblogg.nu\/wp-content\/uploads\/2015\/02\/0192.jpg 600w\" sizes=\"(max-width: 300px) 100vw, 300px\" \/> Skottat och sandat \u00e4nda in till huset! Till och med sn\u00f6plogen kom och tog allt just utanf\u00f6r v\u00e5rt hus! <img loading=\"lazy\" class=\"alignnone size-medium wp-image-62047\" src=\"http:\/\/www.filindeblogg.nu\/wp-content\/uploads\/2015\/02\/016-225x300.jpg\" alt=\"016\" width=\"225\" height=\"300\" srcset=\"http:\/\/www.filindeblogg.nu\/wp-content\/uploads\/2015\/02\/016-225x300.jpg 225w, http:\/\/www.filindeblogg.nu\/wp-content\/uploads\/2015\/02\/016.jpg 450w\" sizes=\"(max-width: 225px) 100vw, 225px\" \/> Rent och fint! <strong>Toppen! Suver\u00e4nt bra gjort alla p\u00e5 AME! TACK!<\/strong><\/p>\n<p>N\u00e4stan s\u00e5 vi tyckte lite synd om de \u00f6vriga p\u00e5 Borgaregatan&#8230; <img loading=\"lazy\" class=\"alignnone size-medium wp-image-62049\" src=\"http:\/\/www.filindeblogg.nu\/wp-content\/uploads\/2015\/02\/0201-300x225.jpg\" alt=\"020\" width=\"300\" height=\"225\" srcset=\"http:\/\/www.filindeblogg.nu\/wp-content\/uploads\/2015\/02\/0201-300x225.jpg 300w, http:\/\/www.filindeblogg.nu\/wp-content\/uploads\/2015\/02\/0201.jpg 600w\" sizes=\"(max-width: 300px) 100vw, 300px\" \/><\/p>\n<p>Inne i stan \u00e4r det inte mycket b\u00e4ttre &#8211; ja, det s\u00e5g ni ju ig\u00e5r &#8211; bilden f\u00f6rst i dagens blogg.<br \/>\n<strong>Kapellgatan<\/strong> i centrum: <img loading=\"lazy\" class=\"alignnone size-medium wp-image-62050\" src=\"http:\/\/www.filindeblogg.nu\/wp-content\/uploads\/2015\/02\/027-300x225.jpg\" alt=\"027\" width=\"300\" height=\"225\" srcset=\"http:\/\/www.filindeblogg.nu\/wp-content\/uploads\/2015\/02\/027-300x225.jpg 300w, http:\/\/www.filindeblogg.nu\/wp-content\/uploads\/2015\/02\/027.jpg 600w\" sizes=\"(max-width: 300px) 100vw, 300px\" \/> Det blir till att stanna eller v\u00e4lja annan v\u00e4g om man t\u00e4nkt sig ner till <strong>Stora Torget<\/strong>. En lastbil blockerar v\u00e4gen, ut\u00f6ver allt detta med sn\u00f6 d\u00e5&#8230; <img loading=\"lazy\" class=\"alignnone size-medium wp-image-62051\" src=\"http:\/\/www.filindeblogg.nu\/wp-content\/uploads\/2015\/02\/0291-300x225.jpg\" alt=\"029\" width=\"300\" height=\"225\" srcset=\"http:\/\/www.filindeblogg.nu\/wp-content\/uploads\/2015\/02\/0291-300x225.jpg 300w, http:\/\/www.filindeblogg.nu\/wp-content\/uploads\/2015\/02\/0291.jpg 600w\" sizes=\"(max-width: 300px) 100vw, 300px\" \/><\/p>\n<p>\u00c4ntligen hemma!\u00a0<img loading=\"lazy\" class=\"alignnone size-medium wp-image-62052\" src=\"http:\/\/www.filindeblogg.nu\/wp-content\/uploads\/2015\/02\/0311-300x225.jpg\" alt=\"031\" width=\"300\" height=\"225\" srcset=\"http:\/\/www.filindeblogg.nu\/wp-content\/uploads\/2015\/02\/0311-300x225.jpg 300w, http:\/\/www.filindeblogg.nu\/wp-content\/uploads\/2015\/02\/0311.jpg 600w\" sizes=\"(max-width: 300px) 100vw, 300px\" \/> H\u00e4r r\u00f6jer <a href=\"http:\/\/www.ltlast.se\/\" target=\"_blank\"><strong>LT Last &amp; Gr\u00e4v!<\/strong><\/a> \ud83d\ude42<\/p>\n<p>Ja, vilken vinter det \u00e4r!! Avslutar med en annan vintrig bild. \u00c4r fotot taget i<strong> S\u00e4lenfj\u00e4llen<\/strong> n\u00e5gonstans m\u00e5nntro? Inte alls &#8211; det \u00e4r toppen p\u00e5 <strong>Teknikbacken i Arboga!<\/strong> <img loading=\"lazy\" class=\"alignnone size-medium wp-image-62053\" src=\"http:\/\/www.filindeblogg.nu\/wp-content\/uploads\/2015\/02\/Teknikbacken-1-feb2-2015-300x231.jpg\" alt=\"Teknikbacken 1 feb2 2015\" width=\"300\" height=\"231\" srcset=\"http:\/\/www.filindeblogg.nu\/wp-content\/uploads\/2015\/02\/Teknikbacken-1-feb2-2015-300x231.jpg 300w, http:\/\/www.filindeblogg.nu\/wp-content\/uploads\/2015\/02\/Teknikbacken-1-feb2-2015.jpg 583w\" sizes=\"(max-width: 300px) 100vw, 300px\" \/><\/p>\n<p>Dags f\u00f6r andra aktiviteter! \ud83d\ude42 <img loading=\"lazy\" class=\"alignnone  wp-image-62054\" src=\"http:\/\/www.filindeblogg.nu\/wp-content\/uploads\/2015\/02\/Susanne-p\u00e5-R\u00f6da-Korset-26-jan-2015-225x300.jpg\" alt=\"Susanne p\u00e5 R\u00f6da Korset 26 jan 2015\" width=\"167\" height=\"223\" srcset=\"http:\/\/www.filindeblogg.nu\/wp-content\/uploads\/2015\/02\/Susanne-p\u00e5-R\u00f6da-Korset-26-jan-2015-225x300.jpg 225w, http:\/\/www.filindeblogg.nu\/wp-content\/uploads\/2015\/02\/Susanne-p\u00e5-R\u00f6da-Korset-26-jan-2015.jpg 450w\" sizes=\"(max-width: 167px) 100vw, 167px\" \/><\/p>\n<p>&nbsp;<\/p>\n","protected":false},"excerpt":{"rendered":"<p>Bloggen fr\u00e5n ig\u00e5r &#8211; Nygatan, centralt i Arboga. Nu har vi v\u00e4rsta vintern! S\u00e5 h\u00e4r s\u00e5g det ut i andra delar av stan. Borgaregatan:\u00a0 L\u00e4ngst bort blockerar en sopbil v\u00e4gen s\u00e5 det \u00e4r bara att ta en omv\u00e4g &#8211; Belitzgatan: Ser r\u00e4tt sv\u00e5rframkomligt ut h\u00e4r ocks\u00e5&#8230; Men det gick. Kungs\u00f6rsv\u00e4gen: Att ta av in p\u00e5 [&hellip;]<\/p>\n","protected":false},"author":1,"featured_media":0,"comment_status":"open","ping_status":"open","sticky":false,"template":"","format":"standard","meta":[],"categories":[127,177,100,101,179],"tags":[],"_links":{"self":[{"href":"http:\/\/www.filindeblogg.nu\/index.php?rest_route=\/wp\/v2\/posts\/62034"}],"collection":[{"href":"http:\/\/www.filindeblogg.nu\/index.php?rest_route=\/wp\/v2\/posts"}],"about":[{"href":"http:\/\/www.filindeblogg.nu\/index.php?rest_route=\/wp\/v2\/types\/post"}],"author":[{"embeddable":true,"href":"http:\/\/www.filindeblogg.nu\/index.php?rest_route=\/wp\/v2\/users\/1"}],"replies":[{"embeddable":true,"href":"http:\/\/www.filindeblogg.nu\/index.php?rest_route=%2Fwp%2Fv2%2Fcomments&post=62034"}],"version-history":[{"count":5,"href":"http:\/\/www.filindeblogg.nu\/index.php?rest_route=\/wp\/v2\/posts\/62034\/revisions"}],"predecessor-version":[{"id":62059,"href":"http:\/\/www.filindeblogg.nu\/index.php?rest_route=\/wp\/v2\/posts\/62034\/revisions\/62059"}],"wp:attachment":[{"href":"http:\/\/www.filindeblogg.nu\/index.php?rest_route=%2Fwp%2Fv2%2Fmedia&parent=62034"}],"wp:term":[{"taxonomy":"category","embeddable":true,"href":"http:\/\/www.filindeblogg.nu\/index.php?rest_route=%2Fwp%2Fv2%2Fcategories&post=62034"},{"taxonomy":"post_tag","embeddable":true,"href":"http:\/\/www.filindeblogg.nu\/index.php?rest_route=%2Fwp%2Fv2%2Ftags&post=62034"}],"curies":[{"name":"wp","href":"https:\/\/api.w.org\/{rel}","templated":true}]}}