{"id":620,"date":"2007-12-04T08:46:21","date_gmt":"2007-12-04T07:46:21","guid":{"rendered":"http:\/\/www.filindeblogg.nu\/?p=620"},"modified":"2009-06-05T04:42:36","modified_gmt":"2009-06-05T03:42:36","slug":"utsatta-barn-an-mer-utsatta","status":"publish","type":"post","link":"http:\/\/www.filindeblogg.nu\/?p=620","title":{"rendered":"UTSATTA BARN \u00c4N MER UTSATTA!"},"content":{"rendered":"<h1>Specialskola anm\u00e4ls f\u00f6r brister<\/h1>\n<p id=\"CityTimeStamp\"><img loading=\"lazy\" src=\"http:\/\/www.na.se\/_img\/gfx\/navyplopp.gif\" alt=\"\" width=\"8\" height=\"8\" \/> <strong>ALLM\u00c4NT<\/strong>\/<strong class=\"na_green\">\u00d6REBRO<\/strong> <span style=\"color: navy\">Publicerad: 2007-12-04 06:20<\/span><\/p>\n<p id=\"Introduction\"><a href=\"http:\/\/www.alltombarn.se\/aktuellt\/sannas-dotter-kidnappades-i-bilen-1.4037\"> Fem f\u00f6r\u00e4ldrar<\/a> och en l\u00e4rare har anm\u00e4lt en <a href=\"http:\/\/www.svd.se\/nyheter\/inrikes\/artikel_655705.svd\">specialskola <\/a>i <a href=\"http:\/\/www.dn.se\/DNet\/jsp\/polopoly.jsp?d=147&amp;a=721502\">\u00d6rebro<\/a> till <a href=\"http:\/\/sydsvenskan.se\/kropp\/article284512.ece\">Skolverket<\/a>.<br \/>\n<a href=\"http:\/\/hd.se\/svalov\/2007\/12\/04\/sju-elever-avstaengda-i-tvaa\/\"> Rektorn <\/a>medger att det har funnits brister, men tror ocks\u00e5 att f\u00f6r\u00e4ldrarna hade f\u00f6r h\u00f6ga f\u00f6rv\u00e4ntningar.<\/p>\n<p>Anm\u00e4lan g\u00e4ller Adolfsbergsskolans specialenhet, kallad Arken, skol\u00e5r 7- 9. D\u00e4r finns specialklasser f\u00f6r ungdomar med Aspergers syndrom och autism.<\/p>\n<p>L\u00e4s vidare p\u00e5 f\u00f6ljande l\u00e4nk:<\/p>\n<p><a href=\"http:\/\/www.na.se\/artikel.asp?intId=1256339\">www.na.se\/artikel.asp?intId=1256339<\/a><\/p>\n","protected":false},"excerpt":{"rendered":"<p>Specialskola anm\u00e4ls f\u00f6r brister ALLM\u00c4NT\/\u00d6REBRO Publicerad: 2007-12-04 06:20 Fem f\u00f6r\u00e4ldrar och en l\u00e4rare har anm\u00e4lt en specialskola i \u00d6rebro till Skolverket. Rektorn medger att det har funnits brister, men tror ocks\u00e5 att f\u00f6r\u00e4ldrarna hade f\u00f6r h\u00f6ga f\u00f6rv\u00e4ntningar. Anm\u00e4lan g\u00e4ller Adolfsbergsskolans specialenhet, kallad Arken, skol\u00e5r 7- 9. D\u00e4r finns specialklasser f\u00f6r ungdomar med Aspergers syndrom och [&hellip;]<\/p>\n","protected":false},"author":1,"featured_media":0,"comment_status":"open","ping_status":"open","sticky":false,"template":"","format":"standard","meta":[],"categories":[1,107],"tags":[],"_links":{"self":[{"href":"http:\/\/www.filindeblogg.nu\/index.php?rest_route=\/wp\/v2\/posts\/620"}],"collection":[{"href":"http:\/\/www.filindeblogg.nu\/index.php?rest_route=\/wp\/v2\/posts"}],"about":[{"href":"http:\/\/www.filindeblogg.nu\/index.php?rest_route=\/wp\/v2\/types\/post"}],"author":[{"embeddable":true,"href":"http:\/\/www.filindeblogg.nu\/index.php?rest_route=\/wp\/v2\/users\/1"}],"replies":[{"embeddable":true,"href":"http:\/\/www.filindeblogg.nu\/index.php?rest_route=%2Fwp%2Fv2%2Fcomments&post=620"}],"version-history":[{"count":1,"href":"http:\/\/www.filindeblogg.nu\/index.php?rest_route=\/wp\/v2\/posts\/620\/revisions"}],"predecessor-version":[{"id":6092,"href":"http:\/\/www.filindeblogg.nu\/index.php?rest_route=\/wp\/v2\/posts\/620\/revisions\/6092"}],"wp:attachment":[{"href":"http:\/\/www.filindeblogg.nu\/index.php?rest_route=%2Fwp%2Fv2%2Fmedia&parent=620"}],"wp:term":[{"taxonomy":"category","embeddable":true,"href":"http:\/\/www.filindeblogg.nu\/index.php?rest_route=%2Fwp%2Fv2%2Fcategories&post=620"},{"taxonomy":"post_tag","embeddable":true,"href":"http:\/\/www.filindeblogg.nu\/index.php?rest_route=%2Fwp%2Fv2%2Ftags&post=620"}],"curies":[{"name":"wp","href":"https:\/\/api.w.org\/{rel}","templated":true}]}}