{"id":61969,"date":"2015-02-02T10:11:07","date_gmt":"2015-02-02T09:11:07","guid":{"rendered":"http:\/\/www.filindeblogg.nu\/?p=61969"},"modified":"2015-02-02T10:11:07","modified_gmt":"2015-02-02T09:11:07","slug":"kyndelsmassodagen-pappas-dag","status":"publish","type":"post","link":"http:\/\/www.filindeblogg.nu\/?p=61969","title":{"rendered":"Kyndelsm\u00e4ssodagen &#8211; pappas dag"},"content":{"rendered":"<p><img loading=\"lazy\" class=\"alignnone size-full wp-image-61974\" src=\"http:\/\/www.filindeblogg.nu\/wp-content\/uploads\/2015\/02\/T\u00e4nda-ett-ljus.jpg\" alt=\"T\u00e4nda ett ljus\" width=\"124\" height=\"66\" \/> Idag blir det en personlig blogg. <img loading=\"lazy\" class=\"alignnone  wp-image-61998\" src=\"http:\/\/www.filindeblogg.nu\/wp-content\/uploads\/2015\/02\/072-300x225.jpg\" alt=\"072\" width=\"224\" height=\"168\" srcset=\"http:\/\/www.filindeblogg.nu\/wp-content\/uploads\/2015\/02\/072-300x225.jpg 300w, http:\/\/www.filindeblogg.nu\/wp-content\/uploads\/2015\/02\/072.jpg 600w\" sizes=\"(max-width: 224px) 100vw, 224px\" \/><\/p>\n<p>P\u00e5 mitt kontor st\u00e5r detta fotografi. <img loading=\"lazy\" class=\"alignnone size-medium wp-image-61970\" src=\"http:\/\/www.filindeblogg.nu\/wp-content\/uploads\/2015\/02\/0031-225x300.jpg\" alt=\"003\" width=\"225\" height=\"300\" srcset=\"http:\/\/www.filindeblogg.nu\/wp-content\/uploads\/2015\/02\/0031-225x300.jpg 225w, http:\/\/www.filindeblogg.nu\/wp-content\/uploads\/2015\/02\/0031.jpg 450w\" sizes=\"(max-width: 225px) 100vw, 225px\" \/> Pappa!<\/p>\n<p><img loading=\"lazy\" class=\"alignnone  wp-image-61971\" src=\"http:\/\/www.filindeblogg.nu\/wp-content\/uploads\/2015\/02\/002-225x300.jpg\" alt=\"002\" width=\"161\" height=\"215\" srcset=\"http:\/\/www.filindeblogg.nu\/wp-content\/uploads\/2015\/02\/002-225x300.jpg 225w, http:\/\/www.filindeblogg.nu\/wp-content\/uploads\/2015\/02\/002.jpg 450w\" sizes=\"(max-width: 161px) 100vw, 161px\" \/> Min pappa!<br \/>\nH\u00e4r som ung, 25 \u00e5r, i sitt f\u00f6rsta pass. <img loading=\"lazy\" class=\"alignnone size-full wp-image-61972\" src=\"http:\/\/www.filindeblogg.nu\/wp-content\/uploads\/2015\/02\/Pappa-G\u00f6te-25-\u00e5r.jpg\" alt=\"Pappa G\u00f6te 25 \u00e5r\" width=\"160\" height=\"160\" srcset=\"http:\/\/www.filindeblogg.nu\/wp-content\/uploads\/2015\/02\/Pappa-G\u00f6te-25-\u00e5r.jpg 160w, http:\/\/www.filindeblogg.nu\/wp-content\/uploads\/2015\/02\/Pappa-G\u00f6te-25-\u00e5r-150x150.jpg 150w, http:\/\/www.filindeblogg.nu\/wp-content\/uploads\/2015\/02\/Pappa-G\u00f6te-25-\u00e5r-144x144.jpg 144w\" sizes=\"(max-width: 160px) 100vw, 160px\" \/>\u00a0 Han skulle till <strong>Paris<\/strong> f\u00f6r att fira sin ingenj\u00f6rsexamen tillsammans med skolkamraterna.<\/p>\n<p>Och h\u00e4r &#8211; med mig &#8211; en g\u00e5ng f\u00f6r l\u00e4nge sen&#8230; <img loading=\"lazy\" class=\"alignnone size-medium wp-image-61973\" src=\"http:\/\/www.filindeblogg.nu\/wp-content\/uploads\/2015\/02\/Pappa-och-jag-300x219.jpg\" alt=\"Pappa och jag\" width=\"300\" height=\"219\" srcset=\"http:\/\/www.filindeblogg.nu\/wp-content\/uploads\/2015\/02\/Pappa-och-jag-300x219.jpg 300w, http:\/\/www.filindeblogg.nu\/wp-content\/uploads\/2015\/02\/Pappa-och-jag.jpg 600w\" sizes=\"(max-width: 300px) 100vw, 300px\" \/><\/p>\n<p><img loading=\"lazy\" class=\"alignnone  wp-image-61976\" src=\"http:\/\/www.filindeblogg.nu\/wp-content\/uploads\/2015\/02\/Istappar-st\u00f6rre-bild-Kopia-Som-t\u00e5rar-Kopia-251x300.jpg\" alt=\"Istappar st\u00f6rre bild - Kopia Som t\u00e5rar - Kopia\" width=\"145\" height=\"173\" srcset=\"http:\/\/www.filindeblogg.nu\/wp-content\/uploads\/2015\/02\/Istappar-st\u00f6rre-bild-Kopia-Som-t\u00e5rar-Kopia-251x300.jpg 251w, http:\/\/www.filindeblogg.nu\/wp-content\/uploads\/2015\/02\/Istappar-st\u00f6rre-bild-Kopia-Som-t\u00e5rar-Kopia.jpg 676w\" sizes=\"(max-width: 145px) 100vw, 145px\" \/> Istappar som t\u00e5rar denna Kyndelsm\u00e4ssodag. F\u00f6r min fina <strong>pappa G\u00f6te<\/strong> finns inte l\u00e4ngre i livet h\u00e4r p\u00e5 jorden.<br \/>\nEn bukett \u00e4r iordninggjord. <img loading=\"lazy\" class=\"alignnone  wp-image-61977\" src=\"http:\/\/www.filindeblogg.nu\/wp-content\/uploads\/2015\/02\/040-225x300.jpg\" alt=\"040\" width=\"168\" height=\"224\" srcset=\"http:\/\/www.filindeblogg.nu\/wp-content\/uploads\/2015\/02\/040-225x300.jpg 225w, http:\/\/www.filindeblogg.nu\/wp-content\/uploads\/2015\/02\/040.jpg 450w\" sizes=\"(max-width: 168px) 100vw, 168px\" \/> Och jag ger mig iv\u00e4g. <img loading=\"lazy\" class=\"alignnone  wp-image-61978\" src=\"http:\/\/www.filindeblogg.nu\/wp-content\/uploads\/2015\/02\/0032-300x200.jpg\" alt=\"003\" width=\"243\" height=\"162\" srcset=\"http:\/\/www.filindeblogg.nu\/wp-content\/uploads\/2015\/02\/0032-300x200.jpg 300w, http:\/\/www.filindeblogg.nu\/wp-content\/uploads\/2015\/02\/0032.jpg 600w\" sizes=\"(max-width: 243px) 100vw, 243px\" \/> Uppf\u00f6r Brattbergsbacken. <img loading=\"lazy\" class=\"alignnone  wp-image-61979\" src=\"http:\/\/www.filindeblogg.nu\/wp-content\/uploads\/2015\/02\/006-300x225.jpg\" alt=\"006\" width=\"243\" height=\"182\" srcset=\"http:\/\/www.filindeblogg.nu\/wp-content\/uploads\/2015\/02\/006-300x225.jpg 300w, http:\/\/www.filindeblogg.nu\/wp-content\/uploads\/2015\/02\/006.jpg 600w\" sizes=\"(max-width: 243px) 100vw, 243px\" \/> Det \u00e4r vackert ute. <img loading=\"lazy\" class=\"alignnone size-medium wp-image-61980\" src=\"http:\/\/www.filindeblogg.nu\/wp-content\/uploads\/2015\/02\/007-300x184.jpg\" alt=\"007\" width=\"300\" height=\"184\" srcset=\"http:\/\/www.filindeblogg.nu\/wp-content\/uploads\/2015\/02\/007-300x184.jpg 300w, http:\/\/www.filindeblogg.nu\/wp-content\/uploads\/2015\/02\/007.jpg 600w\" sizes=\"(max-width: 300px) 100vw, 300px\" \/> Tr\u00e4den \u00e4r frostigt vita och sn\u00f6tyngda. Jag tar av v\u00e4gen in mot <strong>Skogsborgskyrkog\u00e5rden<\/strong> ett par kilometer fr\u00e5n stan. <img loading=\"lazy\" class=\"alignnone size-medium wp-image-61981\" src=\"http:\/\/www.filindeblogg.nu\/wp-content\/uploads\/2015\/02\/009-300x210.jpg\" alt=\"009\" width=\"300\" height=\"210\" srcset=\"http:\/\/www.filindeblogg.nu\/wp-content\/uploads\/2015\/02\/009-300x210.jpg 300w, http:\/\/www.filindeblogg.nu\/wp-content\/uploads\/2015\/02\/009.jpg 600w\" sizes=\"(max-width: 300px) 100vw, 300px\" \/><\/p>\n<p>Snart framme. <img loading=\"lazy\" class=\"alignnone  wp-image-61983\" src=\"http:\/\/www.filindeblogg.nu\/wp-content\/uploads\/2015\/02\/0171-300x225.jpg\" alt=\"017\" width=\"217\" height=\"163\" srcset=\"http:\/\/www.filindeblogg.nu\/wp-content\/uploads\/2015\/02\/0171-300x225.jpg 300w, http:\/\/www.filindeblogg.nu\/wp-content\/uploads\/2015\/02\/0171.jpg 600w\" sizes=\"(max-width: 217px) 100vw, 217px\" \/> V\u00e4gen in till kyrkog\u00e5rden \u00e4r plogad. <img loading=\"lazy\" class=\"alignnone size-medium wp-image-61984\" src=\"http:\/\/www.filindeblogg.nu\/wp-content\/uploads\/2015\/02\/0191-300x225.jpg\" alt=\"019\" width=\"300\" height=\"225\" srcset=\"http:\/\/www.filindeblogg.nu\/wp-content\/uploads\/2015\/02\/0191-300x225.jpg 300w, http:\/\/www.filindeblogg.nu\/wp-content\/uploads\/2015\/02\/0191.jpg 600w\" sizes=\"(max-width: 300px) 100vw, 300px\" \/><\/p>\n<p>G\u00e5ngv\u00e4gen f\u00e5r jag dock pulsa fram. <img loading=\"lazy\" class=\"alignnone size-medium wp-image-61985\" src=\"http:\/\/www.filindeblogg.nu\/wp-content\/uploads\/2015\/02\/020-300x225.jpg\" alt=\"020\" width=\"300\" height=\"225\" srcset=\"http:\/\/www.filindeblogg.nu\/wp-content\/uploads\/2015\/02\/020-300x225.jpg 300w, http:\/\/www.filindeblogg.nu\/wp-content\/uploads\/2015\/02\/020.jpg 640w\" sizes=\"(max-width: 300px) 100vw, 300px\" \/> Men vad g\u00f6r det n\u00e4r det \u00e4r s\u00e5 otroligt vackert p\u00e5 kyrkog\u00e5rden. <img loading=\"lazy\" class=\"alignnone size-medium wp-image-61986\" src=\"http:\/\/www.filindeblogg.nu\/wp-content\/uploads\/2015\/02\/021-300x225.jpg\" alt=\"021\" width=\"300\" height=\"225\" srcset=\"http:\/\/www.filindeblogg.nu\/wp-content\/uploads\/2015\/02\/021-300x225.jpg 300w, http:\/\/www.filindeblogg.nu\/wp-content\/uploads\/2015\/02\/021.jpg 600w\" sizes=\"(max-width: 300px) 100vw, 300px\" \/><\/p>\n<p><img loading=\"lazy\" class=\"alignnone size-medium wp-image-61987\" src=\"http:\/\/www.filindeblogg.nu\/wp-content\/uploads\/2015\/02\/022-300x225.jpg\" alt=\"022\" width=\"300\" height=\"225\" srcset=\"http:\/\/www.filindeblogg.nu\/wp-content\/uploads\/2015\/02\/022-300x225.jpg 300w, http:\/\/www.filindeblogg.nu\/wp-content\/uploads\/2015\/02\/022.jpg 600w\" sizes=\"(max-width: 300px) 100vw, 300px\" \/> S\u00e5 vackert \u00e4ven om det bara bli svartvitt. Jag t\u00e4nker inte ens p\u00e5 att solen inte lyser. <img loading=\"lazy\" class=\"alignnone size-medium wp-image-61989\" src=\"http:\/\/www.filindeblogg.nu\/wp-content\/uploads\/2015\/02\/0241-300x235.jpg\" alt=\"024\" width=\"300\" height=\"235\" srcset=\"http:\/\/www.filindeblogg.nu\/wp-content\/uploads\/2015\/02\/0241-300x235.jpg 300w, http:\/\/www.filindeblogg.nu\/wp-content\/uploads\/2015\/02\/0241.jpg 573w\" sizes=\"(max-width: 300px) 100vw, 300px\" \/><\/p>\n<p>Och d\u00e4r! D\u00e4r borta under tr\u00e4det ser jag gravstenen. <img loading=\"lazy\" class=\"alignnone size-medium wp-image-61990\" src=\"http:\/\/www.filindeblogg.nu\/wp-content\/uploads\/2015\/02\/025-300x225.jpg\" alt=\"025\" width=\"300\" height=\"225\" srcset=\"http:\/\/www.filindeblogg.nu\/wp-content\/uploads\/2015\/02\/025-300x225.jpg 300w, http:\/\/www.filindeblogg.nu\/wp-content\/uploads\/2015\/02\/025.jpg 600w\" sizes=\"(max-width: 300px) 100vw, 300px\" \/> Den sticker upp lite grann under all sn\u00f6. <img loading=\"lazy\" class=\"alignnone size-medium wp-image-61991\" src=\"http:\/\/www.filindeblogg.nu\/wp-content\/uploads\/2015\/02\/0261-300x225.jpg\" alt=\"026\" width=\"300\" height=\"225\" srcset=\"http:\/\/www.filindeblogg.nu\/wp-content\/uploads\/2015\/02\/0261-300x225.jpg 300w, http:\/\/www.filindeblogg.nu\/wp-content\/uploads\/2015\/02\/0261.jpg 600w\" sizes=\"(max-width: 300px) 100vw, 300px\" \/><\/p>\n<p><img loading=\"lazy\" class=\"alignnone size-medium wp-image-61992\" src=\"http:\/\/www.filindeblogg.nu\/wp-content\/uploads\/2015\/02\/029-300x225.jpg\" alt=\"029\" width=\"300\" height=\"225\" srcset=\"http:\/\/www.filindeblogg.nu\/wp-content\/uploads\/2015\/02\/029-300x225.jpg 300w, http:\/\/www.filindeblogg.nu\/wp-content\/uploads\/2015\/02\/029.jpg 600w\" sizes=\"(max-width: 300px) 100vw, 300px\" \/> Jag tar mig dit. <img loading=\"lazy\" class=\"alignnone size-medium wp-image-61993\" src=\"http:\/\/www.filindeblogg.nu\/wp-content\/uploads\/2015\/02\/0481-225x300.jpg\" alt=\"048\" width=\"225\" height=\"300\" srcset=\"http:\/\/www.filindeblogg.nu\/wp-content\/uploads\/2015\/02\/0481-225x300.jpg 225w, http:\/\/www.filindeblogg.nu\/wp-content\/uploads\/2015\/02\/0481.jpg 450w\" sizes=\"(max-width: 225px) 100vw, 225px\" \/> Pulsar fram i sn\u00f6n. Det \u00e4r djupt h\u00e4r!<\/p>\n<p><img loading=\"lazy\" class=\"alignnone size-medium wp-image-61994\" src=\"http:\/\/www.filindeblogg.nu\/wp-content\/uploads\/2015\/02\/035-300x225.jpg\" alt=\"035\" width=\"300\" height=\"225\" srcset=\"http:\/\/www.filindeblogg.nu\/wp-content\/uploads\/2015\/02\/035-300x225.jpg 300w, http:\/\/www.filindeblogg.nu\/wp-content\/uploads\/2015\/02\/035.jpg 600w\" sizes=\"(max-width: 300px) 100vw, 300px\" \/> Framme. Som tur \u00e4r har jag en borste med mig och kan borsta av sn\u00f6 fr\u00e5n stenen. <img loading=\"lazy\" class=\"alignnone size-medium wp-image-61995\" src=\"http:\/\/www.filindeblogg.nu\/wp-content\/uploads\/2015\/02\/036-300x225.jpg\" alt=\"036\" width=\"300\" height=\"225\" srcset=\"http:\/\/www.filindeblogg.nu\/wp-content\/uploads\/2015\/02\/036-300x225.jpg 300w, http:\/\/www.filindeblogg.nu\/wp-content\/uploads\/2015\/02\/036.jpg 600w\" sizes=\"(max-width: 300px) 100vw, 300px\" \/> <strong><em>* 2\/2 1927<\/em><\/strong> &#8211; st\u00e5r det p\u00e5 gravstenen. 2\/2 &#8211; det \u00e4r idag, Kyndelsm\u00e4ssodagen, pappas f\u00f6delsedag.<\/p>\n<p>Pappa skulle ha blivit 88 \u00e5r idag om han f\u00e5tt leva. <img loading=\"lazy\" class=\"alignnone size-medium wp-image-61996\" src=\"http:\/\/www.filindeblogg.nu\/wp-content\/uploads\/2015\/02\/0431-300x225.jpg\" alt=\"043\" width=\"300\" height=\"225\" srcset=\"http:\/\/www.filindeblogg.nu\/wp-content\/uploads\/2015\/02\/0431-300x225.jpg 300w, http:\/\/www.filindeblogg.nu\/wp-content\/uploads\/2015\/02\/0431.jpg 600w\" sizes=\"(max-width: 300px) 100vw, 300px\" \/> Blommorna p\u00e5 plats och jag t\u00e4nder tv\u00e5 ljus. Ett fr\u00e5n mamma och ett fr\u00e5n mig. Grattis lilla pappa. Vila i frid. Vi t\u00e4nker alltid p\u00e5 dig. <img loading=\"lazy\" class=\"alignnone size-full wp-image-61997\" src=\"http:\/\/www.filindeblogg.nu\/wp-content\/uploads\/2015\/02\/Hj\u00e4rta-och-ljus1.jpg\" alt=\"Hj\u00e4rta och ljus\" width=\"106\" height=\"80\" \/><\/p>\n<p><img loading=\"lazy\" class=\"alignnone size-medium wp-image-61999\" src=\"http:\/\/www.filindeblogg.nu\/wp-content\/uploads\/2015\/02\/054-225x300.jpg\" alt=\"054\" width=\"225\" height=\"300\" srcset=\"http:\/\/www.filindeblogg.nu\/wp-content\/uploads\/2015\/02\/054-225x300.jpg 225w, http:\/\/www.filindeblogg.nu\/wp-content\/uploads\/2015\/02\/054.jpg 450w\" sizes=\"(max-width: 225px) 100vw, 225px\" \/> D\u00e4r vilar han&#8230;<\/p>\n<p>Jag tar mig tillbaka hem. <img loading=\"lazy\" class=\"alignnone size-medium wp-image-62000\" src=\"http:\/\/www.filindeblogg.nu\/wp-content\/uploads\/2015\/02\/057-300x225.jpg\" alt=\"057\" width=\"300\" height=\"225\" srcset=\"http:\/\/www.filindeblogg.nu\/wp-content\/uploads\/2015\/02\/057-300x225.jpg 300w, http:\/\/www.filindeblogg.nu\/wp-content\/uploads\/2015\/02\/057.jpg 600w\" sizes=\"(max-width: 300px) 100vw, 300px\" \/> Kyrkog\u00e5rden \u00e4r vacker och stillsam. Vilsam, sk\u00f6n f\u00f6r tankar. <img loading=\"lazy\" class=\"alignnone size-medium wp-image-62001\" src=\"http:\/\/www.filindeblogg.nu\/wp-content\/uploads\/2015\/02\/058-300x225.jpg\" alt=\"058\" width=\"300\" height=\"225\" srcset=\"http:\/\/www.filindeblogg.nu\/wp-content\/uploads\/2015\/02\/058-300x225.jpg 300w, http:\/\/www.filindeblogg.nu\/wp-content\/uploads\/2015\/02\/058.jpg 600w\" sizes=\"(max-width: 300px) 100vw, 300px\" \/><\/p>\n<p>Det blir fler ljus p\u00e5 graven idag. <img loading=\"lazy\" class=\"alignnone  wp-image-62002\" src=\"http:\/\/www.filindeblogg.nu\/wp-content\/uploads\/2015\/02\/005-300x225.jpg\" alt=\"005\" width=\"199\" height=\"149\" srcset=\"http:\/\/www.filindeblogg.nu\/wp-content\/uploads\/2015\/02\/005-300x225.jpg 300w, http:\/\/www.filindeblogg.nu\/wp-content\/uploads\/2015\/02\/005.jpg 600w\" sizes=\"(max-width: 199px) 100vw, 199px\" \/> Jag ska strax \u00e5ka igen. Flaggan gick inte att hissa f\u00f6r flaggst\u00e5ngslinan hade frusit fast. <img loading=\"lazy\" class=\"alignnone  wp-image-62003\" src=\"http:\/\/www.filindeblogg.nu\/wp-content\/uploads\/2015\/02\/073-225x300.jpg\" alt=\"073\" width=\"174\" height=\"232\" srcset=\"http:\/\/www.filindeblogg.nu\/wp-content\/uploads\/2015\/02\/073-225x300.jpg 225w, http:\/\/www.filindeblogg.nu\/wp-content\/uploads\/2015\/02\/073.jpg 450w\" sizes=\"(max-width: 174px) 100vw, 174px\" \/> Men bordsflaggan st\u00e5r p\u00e5 k\u00f6ksbordet. <img loading=\"lazy\" class=\"alignnone  wp-image-62004\" src=\"http:\/\/www.filindeblogg.nu\/wp-content\/uploads\/2015\/02\/074-300x225.jpg\" alt=\"074\" width=\"233\" height=\"175\" srcset=\"http:\/\/www.filindeblogg.nu\/wp-content\/uploads\/2015\/02\/074-300x225.jpg 300w, http:\/\/www.filindeblogg.nu\/wp-content\/uploads\/2015\/02\/074.jpg 600w\" sizes=\"(max-width: 233px) 100vw, 233px\" \/><\/p>\n<p style=\"text-align: center;\">Alla mina tankar hos pappa idag. Vi ses igen &#8211; \u00e4lskar dig.<\/p>\n<p><img loading=\"lazy\" class=\"aligncenter size-full wp-image-62005\" src=\"http:\/\/www.filindeblogg.nu\/wp-content\/uploads\/2015\/02\/Ett-ljus-f\u00f6r-pappa.jpg\" alt=\"Ett ljus f\u00f6r pappa\" width=\"125\" height=\"83\" \/><\/p>\n","protected":false},"excerpt":{"rendered":"<p>Idag blir det en personlig blogg. P\u00e5 mitt kontor st\u00e5r detta fotografi. Pappa! Min pappa! H\u00e4r som ung, 25 \u00e5r, i sitt f\u00f6rsta pass. \u00a0 Han skulle till Paris f\u00f6r att fira sin ingenj\u00f6rsexamen tillsammans med skolkamraterna. Och h\u00e4r &#8211; med mig &#8211; en g\u00e5ng f\u00f6r l\u00e4nge sen&#8230; Istappar som t\u00e5rar denna Kyndelsm\u00e4ssodag. F\u00f6r min [&hellip;]<\/p>\n","protected":false},"author":1,"featured_media":0,"comment_status":"open","ping_status":"open","sticky":false,"template":"","format":"standard","meta":[],"categories":[127,161,100,132,101],"tags":[],"_links":{"self":[{"href":"http:\/\/www.filindeblogg.nu\/index.php?rest_route=\/wp\/v2\/posts\/61969"}],"collection":[{"href":"http:\/\/www.filindeblogg.nu\/index.php?rest_route=\/wp\/v2\/posts"}],"about":[{"href":"http:\/\/www.filindeblogg.nu\/index.php?rest_route=\/wp\/v2\/types\/post"}],"author":[{"embeddable":true,"href":"http:\/\/www.filindeblogg.nu\/index.php?rest_route=\/wp\/v2\/users\/1"}],"replies":[{"embeddable":true,"href":"http:\/\/www.filindeblogg.nu\/index.php?rest_route=%2Fwp%2Fv2%2Fcomments&post=61969"}],"version-history":[{"count":1,"href":"http:\/\/www.filindeblogg.nu\/index.php?rest_route=\/wp\/v2\/posts\/61969\/revisions"}],"predecessor-version":[{"id":62006,"href":"http:\/\/www.filindeblogg.nu\/index.php?rest_route=\/wp\/v2\/posts\/61969\/revisions\/62006"}],"wp:attachment":[{"href":"http:\/\/www.filindeblogg.nu\/index.php?rest_route=%2Fwp%2Fv2%2Fmedia&parent=61969"}],"wp:term":[{"taxonomy":"category","embeddable":true,"href":"http:\/\/www.filindeblogg.nu\/index.php?rest_route=%2Fwp%2Fv2%2Fcategories&post=61969"},{"taxonomy":"post_tag","embeddable":true,"href":"http:\/\/www.filindeblogg.nu\/index.php?rest_route=%2Fwp%2Fv2%2Ftags&post=61969"}],"curies":[{"name":"wp","href":"https:\/\/api.w.org\/{rel}","templated":true}]}}