{"id":61944,"date":"2015-02-01T08:34:36","date_gmt":"2015-02-01T07:34:36","guid":{"rendered":"http:\/\/www.filindeblogg.nu\/?p=61944"},"modified":"2015-02-01T08:41:26","modified_gmt":"2015-02-01T07:41:26","slug":"predikan-1-februari-2015","status":"publish","type":"post","link":"http:\/\/www.filindeblogg.nu\/?p=61944","title":{"rendered":"Predikan 1 februari 2015"},"content":{"rendered":"<p><img loading=\"lazy\" class=\"alignnone size-medium wp-image-61945\" src=\"http:\/\/www.filindeblogg.nu\/wp-content\/uploads\/2015\/02\/023-225x300.jpg\" alt=\"023\" width=\"225\" height=\"300\" srcset=\"http:\/\/www.filindeblogg.nu\/wp-content\/uploads\/2015\/02\/023-225x300.jpg 225w, http:\/\/www.filindeblogg.nu\/wp-content\/uploads\/2015\/02\/023.jpg 450w\" sizes=\"(max-width: 225px) 100vw, 225px\" \/> Ny m\u00e5nad! Februari \u00e4r h\u00e4r! \ud83d\ude42<\/p>\n<p>Dags att v\u00e4nda blad. Bloggaren \u00e4lskar kalendrar s\u00e5 det blir ett antal att v\u00e4nda p\u00e5.<br \/>\nEn av kalendrarna fr\u00e5n <strong>Aidensfield\/Goathland!!<\/strong> <img loading=\"lazy\" class=\"alignnone size-medium wp-image-61946\" src=\"http:\/\/www.filindeblogg.nu\/wp-content\/uploads\/2015\/02\/032-225x300.jpg\" alt=\"032\" width=\"225\" height=\"300\" srcset=\"http:\/\/www.filindeblogg.nu\/wp-content\/uploads\/2015\/02\/032-225x300.jpg 225w, http:\/\/www.filindeblogg.nu\/wp-content\/uploads\/2015\/02\/032.jpg 450w\" sizes=\"(max-width: 225px) 100vw, 225px\" \/> Sen den personliga almanackan &#8211; <strong>Lindekalender!<\/strong> \ud83d\ude42 <img loading=\"lazy\" class=\"alignnone size-medium wp-image-61947\" src=\"http:\/\/www.filindeblogg.nu\/wp-content\/uploads\/2015\/02\/026-225x300.jpg\" alt=\"026\" width=\"225\" height=\"300\" srcset=\"http:\/\/www.filindeblogg.nu\/wp-content\/uploads\/2015\/02\/026-225x300.jpg 225w, http:\/\/www.filindeblogg.nu\/wp-content\/uploads\/2015\/02\/026.jpg 450w\" sizes=\"(max-width: 225px) 100vw, 225px\" \/> Lika mycket sn\u00f6 i februari f\u00f6rra \u00e5ret, som synes! Bilden \u00e4r fr\u00e5n <strong>Glasbl\u00e5sarg\u00e5rden i Arboga<\/strong> n\u00e4r vi skulle bes\u00f6ka vintermarknaden.<\/p>\n<p>En almanacka fr\u00e5n <strong>Skottland<\/strong> m\u00e5ste f\u00f6rst\u00e5s ink\u00f6pas vid bes\u00f6ket i maj f\u00f6rra \u00e5ret! <img loading=\"lazy\" class=\"alignnone size-medium wp-image-61948\" src=\"http:\/\/www.filindeblogg.nu\/wp-content\/uploads\/2015\/02\/031-300x219.jpg\" alt=\"031\" width=\"300\" height=\"219\" srcset=\"http:\/\/www.filindeblogg.nu\/wp-content\/uploads\/2015\/02\/031-300x219.jpg 300w, http:\/\/www.filindeblogg.nu\/wp-content\/uploads\/2015\/02\/031.jpg 600w\" sizes=\"(max-width: 300px) 100vw, 300px\" \/> <strong>Edinburgh.<\/strong><\/p>\n<p>S\u00e5 en av flera kattkalendrar d\u00e4r beh\u00e5llningen g\u00e5r till katthem &#8211; h\u00e4r <strong><em>&#8221;Underbara heml\u00f6sa \u00e4lskade katter&#8221;<\/em><\/strong>. <img loading=\"lazy\" class=\"alignnone size-medium wp-image-61949\" src=\"http:\/\/www.filindeblogg.nu\/wp-content\/uploads\/2015\/02\/033-225x300.jpg\" alt=\"033\" width=\"225\" height=\"300\" srcset=\"http:\/\/www.filindeblogg.nu\/wp-content\/uploads\/2015\/02\/033-225x300.jpg 225w, http:\/\/www.filindeblogg.nu\/wp-content\/uploads\/2015\/02\/033.jpg 450w\" sizes=\"(max-width: 225px) 100vw, 225px\" \/> N\u00e5s <a href=\"https:\/\/www.facebook.com\/pages\/Underbara-Heml%C3%B6sa-%C3%84lskade-Katter\/224190531063954\" target=\"_blank\"><strong>H\u00c4R<\/strong> <\/a>p\u00e5 <strong>Facebook!<\/strong><\/p>\n<p>Och vad g\u00f6r man en tidig morgon i februari i Arboga? <img loading=\"lazy\" class=\"alignnone size-medium wp-image-61950\" src=\"http:\/\/www.filindeblogg.nu\/wp-content\/uploads\/2015\/02\/003-225x300.jpg\" alt=\"003\" width=\"225\" height=\"300\" srcset=\"http:\/\/www.filindeblogg.nu\/wp-content\/uploads\/2015\/02\/003-225x300.jpg 225w, http:\/\/www.filindeblogg.nu\/wp-content\/uploads\/2015\/02\/003.jpg 450w\" sizes=\"(max-width: 225px) 100vw, 225px\" \/><\/p>\n<p>Jo, man tar sig an sn\u00f6n! <img loading=\"lazy\" class=\"alignnone size-medium wp-image-61951\" src=\"http:\/\/www.filindeblogg.nu\/wp-content\/uploads\/2015\/02\/034-300x225.jpg\" alt=\"034\" width=\"300\" height=\"225\" srcset=\"http:\/\/www.filindeblogg.nu\/wp-content\/uploads\/2015\/02\/034-300x225.jpg 300w, http:\/\/www.filindeblogg.nu\/wp-content\/uploads\/2015\/02\/034.jpg 600w\" sizes=\"(max-width: 300px) 100vw, 300px\" \/><\/p>\n<p>Mycket tung bl\u00f6tsn\u00f6 har fallit i natt. <img loading=\"lazy\" class=\"alignnone size-medium wp-image-61952\" src=\"http:\/\/www.filindeblogg.nu\/wp-content\/uploads\/2015\/02\/039-300x225.jpg\" alt=\"039\" width=\"300\" height=\"225\" srcset=\"http:\/\/www.filindeblogg.nu\/wp-content\/uploads\/2015\/02\/039-300x225.jpg 300w, http:\/\/www.filindeblogg.nu\/wp-content\/uploads\/2015\/02\/039.jpg 600w\" sizes=\"(max-width: 300px) 100vw, 300px\" \/> Som tur var fick bloggaren k\u00e4rt s\u00e4llskap vid sn\u00f6r\u00f6jningen av katten <strong>Felix!<\/strong>\u00a0 <img loading=\"lazy\" class=\"alignnone size-medium wp-image-61953\" src=\"http:\/\/www.filindeblogg.nu\/wp-content\/uploads\/2015\/02\/048-300x225.jpg\" alt=\"048\" width=\"300\" height=\"225\" srcset=\"http:\/\/www.filindeblogg.nu\/wp-content\/uploads\/2015\/02\/048-300x225.jpg 300w, http:\/\/www.filindeblogg.nu\/wp-content\/uploads\/2015\/02\/048.jpg 600w\" sizes=\"(max-width: 300px) 100vw, 300px\" \/> Svansen i topp &#8211; s\u00e5 lite kul \u00e4r det allt med sn\u00f6 \u00e4ven f\u00f6r en liten katt. Och om matte \u00e4r ute ocks\u00e5 f\u00f6rst\u00e5s&#8230; \ud83d\ude09<\/p>\n<p><img loading=\"lazy\" class=\"alignnone size-medium wp-image-61954\" src=\"http:\/\/www.filindeblogg.nu\/wp-content\/uploads\/2015\/02\/041-300x225.jpg\" alt=\"041\" width=\"300\" height=\"225\" srcset=\"http:\/\/www.filindeblogg.nu\/wp-content\/uploads\/2015\/02\/041-300x225.jpg 300w, http:\/\/www.filindeblogg.nu\/wp-content\/uploads\/2015\/02\/041.jpg 600w\" sizes=\"(max-width: 300px) 100vw, 300px\" \/> Snart klart &#8211; Felix v\u00e4ntar p\u00e5 trappan.<br \/>\n<img loading=\"lazy\" class=\"alignnone size-medium wp-image-61955\" src=\"http:\/\/www.filindeblogg.nu\/wp-content\/uploads\/2015\/02\/042-225x300.jpg\" alt=\"042\" width=\"225\" height=\"300\" srcset=\"http:\/\/www.filindeblogg.nu\/wp-content\/uploads\/2015\/02\/042-225x300.jpg 225w, http:\/\/www.filindeblogg.nu\/wp-content\/uploads\/2015\/02\/042.jpg 450w\" sizes=\"(max-width: 225px) 100vw, 225px\" \/> Visst \u00e4r det vackert ute! Visst ska det vara sn\u00f6 n\u00e4r det \u00e4r vinter! Inte barmark och slask!<br \/>\nOch det kunde ha varit v\u00e4rre \u00e4n hemma hos bloggaren!! S\u00e5 h\u00e4r s\u00e5g det ut idag p\u00e5 morgonen i <strong>Skellefte\u00e5<\/strong> hos v\u00e4nnerna <strong>Carola och Tommy!<\/strong> <img loading=\"lazy\" class=\"alignnone size-medium wp-image-61967\" src=\"http:\/\/www.filindeblogg.nu\/wp-content\/uploads\/2015\/02\/Skellefte\u00e5-1-febr-2015-225x300.jpg\" alt=\"Skellefte\u00e5 1 febr 2015\" width=\"225\" height=\"300\" srcset=\"http:\/\/www.filindeblogg.nu\/wp-content\/uploads\/2015\/02\/Skellefte\u00e5-1-febr-2015-225x300.jpg 225w, http:\/\/www.filindeblogg.nu\/wp-content\/uploads\/2015\/02\/Skellefte\u00e5-1-febr-2015.jpg 720w\" sizes=\"(max-width: 225px) 100vw, 225px\" \/> Vackert men mycket att g\u00f6ra&#8230; -8 och bl\u00e5sigt, rapporterar Carola.<\/p>\n<p>T\u00e4nk p\u00e5 ryggen n\u00e4r du skottar! <a href=\"http:\/\/www.sahlgrenska.se\/sv\/SU\/Aktuellt\/Battre-vetande\/Skotta-ratt-for-att-slippa-ryggskott\/\" target=\"_blank\"><strong>H\u00c4R<\/strong><\/a> p\u00e5 <strong>Sahlgrenska universitetssjukhusets<\/strong> hemsida f\u00e5r du tips om att skotta p\u00e5 r\u00e4tt s\u00e4tt!<br \/>\nDet f\u00e5r bli budskapet i s\u00f6ndagens predikan &#8211; var r\u00e4dd om dig i sn\u00f6n!<\/p>\n<p><img loading=\"lazy\" class=\"aligncenter size-medium wp-image-61956\" src=\"http:\/\/www.filindeblogg.nu\/wp-content\/uploads\/2015\/02\/043-300x225.jpg\" alt=\"043\" width=\"300\" height=\"225\" srcset=\"http:\/\/www.filindeblogg.nu\/wp-content\/uploads\/2015\/02\/043-300x225.jpg 300w, http:\/\/www.filindeblogg.nu\/wp-content\/uploads\/2015\/02\/043.jpg 600w\" sizes=\"(max-width: 300px) 100vw, 300px\" \/><\/p>\n<p><img loading=\"lazy\" class=\"alignnone  wp-image-61957\" src=\"http:\/\/www.filindeblogg.nu\/wp-content\/uploads\/2015\/02\/014-225x300.jpg\" alt=\"014\" width=\"199\" height=\"265\" srcset=\"http:\/\/www.filindeblogg.nu\/wp-content\/uploads\/2015\/02\/014-225x300.jpg 225w, http:\/\/www.filindeblogg.nu\/wp-content\/uploads\/2015\/02\/014.jpg 450w\" sizes=\"(max-width: 199px) 100vw, 199px\" \/> Inne st\u00e5r julgranen kvar fast vi hunnit till 1 februari! F\u00f6r inte kan man kasta ut en s\u00e5 fin gran! <img loading=\"lazy\" class=\"alignnone size-medium wp-image-61958\" src=\"http:\/\/www.filindeblogg.nu\/wp-content\/uploads\/2015\/02\/013-225x300.jpg\" alt=\"013\" width=\"225\" height=\"300\" srcset=\"http:\/\/www.filindeblogg.nu\/wp-content\/uploads\/2015\/02\/013-225x300.jpg 225w, http:\/\/www.filindeblogg.nu\/wp-content\/uploads\/2015\/02\/013.jpg 450w\" sizes=\"(max-width: 225px) 100vw, 225px\" \/> Se s\u00e5 m\u00e5nga gr\u00f6na skott!<br \/>\nHos bloggaren varar julen \u00e4nda fram till p\u00e5ska!! \ud83d\ude09<\/p>\n<p><img loading=\"lazy\" class=\"aligncenter size-medium wp-image-61959\" src=\"http:\/\/www.filindeblogg.nu\/wp-content\/uploads\/2015\/02\/019-225x300.jpg\" alt=\"019\" width=\"225\" height=\"300\" srcset=\"http:\/\/www.filindeblogg.nu\/wp-content\/uploads\/2015\/02\/019-225x300.jpg 225w, http:\/\/www.filindeblogg.nu\/wp-content\/uploads\/2015\/02\/019.jpg 450w\" sizes=\"(max-width: 225px) 100vw, 225px\" \/><\/p>\n<p>&nbsp;<\/p>\n","protected":false},"excerpt":{"rendered":"<p>Ny m\u00e5nad! Februari \u00e4r h\u00e4r! \ud83d\ude42 Dags att v\u00e4nda blad. Bloggaren \u00e4lskar kalendrar s\u00e5 det blir ett antal att v\u00e4nda p\u00e5. En av kalendrarna fr\u00e5n Aidensfield\/Goathland!! Sen den personliga almanackan &#8211; Lindekalender! \ud83d\ude42 Lika mycket sn\u00f6 i februari f\u00f6rra \u00e5ret, som synes! Bilden \u00e4r fr\u00e5n Glasbl\u00e5sarg\u00e5rden i Arboga n\u00e4r vi skulle bes\u00f6ka vintermarknaden. En almanacka [&hellip;]<\/p>\n","protected":false},"author":1,"featured_media":0,"comment_status":"open","ping_status":"open","sticky":false,"template":"","format":"standard","meta":[],"categories":[127,41,137,100,145,132,101,179],"tags":[],"_links":{"self":[{"href":"http:\/\/www.filindeblogg.nu\/index.php?rest_route=\/wp\/v2\/posts\/61944"}],"collection":[{"href":"http:\/\/www.filindeblogg.nu\/index.php?rest_route=\/wp\/v2\/posts"}],"about":[{"href":"http:\/\/www.filindeblogg.nu\/index.php?rest_route=\/wp\/v2\/types\/post"}],"author":[{"embeddable":true,"href":"http:\/\/www.filindeblogg.nu\/index.php?rest_route=\/wp\/v2\/users\/1"}],"replies":[{"embeddable":true,"href":"http:\/\/www.filindeblogg.nu\/index.php?rest_route=%2Fwp%2Fv2%2Fcomments&post=61944"}],"version-history":[{"count":8,"href":"http:\/\/www.filindeblogg.nu\/index.php?rest_route=\/wp\/v2\/posts\/61944\/revisions"}],"predecessor-version":[{"id":61968,"href":"http:\/\/www.filindeblogg.nu\/index.php?rest_route=\/wp\/v2\/posts\/61944\/revisions\/61968"}],"wp:attachment":[{"href":"http:\/\/www.filindeblogg.nu\/index.php?rest_route=%2Fwp%2Fv2%2Fmedia&parent=61944"}],"wp:term":[{"taxonomy":"category","embeddable":true,"href":"http:\/\/www.filindeblogg.nu\/index.php?rest_route=%2Fwp%2Fv2%2Fcategories&post=61944"},{"taxonomy":"post_tag","embeddable":true,"href":"http:\/\/www.filindeblogg.nu\/index.php?rest_route=%2Fwp%2Fv2%2Ftags&post=61944"}],"curies":[{"name":"wp","href":"https:\/\/api.w.org\/{rel}","templated":true}]}}