{"id":61919,"date":"2015-01-31T12:38:46","date_gmt":"2015-01-31T11:38:46","guid":{"rendered":"http:\/\/www.filindeblogg.nu\/?p=61919"},"modified":"2015-01-31T12:38:46","modified_gmt":"2015-01-31T11:38:46","slug":"pa-tur-i-arboga","status":"publish","type":"post","link":"http:\/\/www.filindeblogg.nu\/?p=61919","title":{"rendered":"P\u00e5 tur i Arboga&#8230;"},"content":{"rendered":"<p><img loading=\"lazy\" class=\"alignnone  wp-image-61920\" src=\"http:\/\/www.filindeblogg.nu\/wp-content\/uploads\/2015\/01\/0067-225x300.jpg\" alt=\"006\" width=\"152\" height=\"203\" srcset=\"http:\/\/www.filindeblogg.nu\/wp-content\/uploads\/2015\/01\/0067-225x300.jpg 225w, http:\/\/www.filindeblogg.nu\/wp-content\/uploads\/2015\/01\/0067.jpg 450w\" sizes=\"(max-width: 152px) 100vw, 152px\" \/> Vilken vinter vi har! P\u00e5 morgonen hade det kommit mycket sn\u00f6 igen!<\/p>\n<p>Och det sn\u00f6ar mest hela tiden. <img loading=\"lazy\" class=\"alignnone size-medium wp-image-61921\" src=\"http:\/\/www.filindeblogg.nu\/wp-content\/uploads\/2015\/01\/0155-300x225.jpg\" alt=\"015\" width=\"300\" height=\"225\" srcset=\"http:\/\/www.filindeblogg.nu\/wp-content\/uploads\/2015\/01\/0155-300x225.jpg 300w, http:\/\/www.filindeblogg.nu\/wp-content\/uploads\/2015\/01\/0155.jpg 600w\" sizes=\"(max-width: 300px) 100vw, 300px\" \/> Bl\u00e5 gryning! Visst \u00e4r det n\u00e5got visst med detta bl\u00e5 ljus som infinner sig vid gryningen men ocks\u00e5 n\u00e4r skymningen faller.<\/p>\n<p><img loading=\"lazy\" class=\"alignnone size-medium wp-image-61933\" src=\"http:\/\/www.filindeblogg.nu\/wp-content\/uploads\/2015\/01\/Vinter-igen-31-jan-2015-225x300.jpg\" alt=\"Vinter igen 31 jan 2015\" width=\"225\" height=\"300\" srcset=\"http:\/\/www.filindeblogg.nu\/wp-content\/uploads\/2015\/01\/Vinter-igen-31-jan-2015-225x300.jpg 225w, http:\/\/www.filindeblogg.nu\/wp-content\/uploads\/2015\/01\/Vinter-igen-31-jan-2015.jpg 640w\" sizes=\"(max-width: 225px) 100vw, 225px\" \/>\u00a0Efter att ha skottat beh\u00f6vde bloggaren handla lite. Det var\u00a0 inte helt enkelt att ratta bilen idag. <img loading=\"lazy\" class=\"alignnone size-medium wp-image-61922\" src=\"http:\/\/www.filindeblogg.nu\/wp-content\/uploads\/2015\/01\/0162-300x225.jpg\" alt=\"016\" width=\"300\" height=\"225\" srcset=\"http:\/\/www.filindeblogg.nu\/wp-content\/uploads\/2015\/01\/0162-300x225.jpg 300w, http:\/\/www.filindeblogg.nu\/wp-content\/uploads\/2015\/01\/0162.jpg 600w\" sizes=\"(max-width: 300px) 100vw, 300px\" \/> Sn\u00f6plogarna k\u00f6rde f\u00f6r fullt.<br \/>\nH\u00e4r p\u00e5<strong> Centrumleden<\/strong>.<\/p>\n<p>Lite r\u00f6rigt och sv\u00e5rt att f\u00e5 plats&#8230;\u00a0<img loading=\"lazy\" class=\"alignnone  wp-image-61941\" src=\"http:\/\/www.filindeblogg.nu\/wp-content\/uploads\/2015\/01\/0212-300x225.jpg\" alt=\"021\" width=\"240\" height=\"180\" srcset=\"http:\/\/www.filindeblogg.nu\/wp-content\/uploads\/2015\/01\/0212-300x225.jpg 300w, http:\/\/www.filindeblogg.nu\/wp-content\/uploads\/2015\/01\/0212.jpg 600w\" sizes=\"(max-width: 240px) 100vw, 240px\" \/><br \/>\n<img loading=\"lazy\" class=\"alignnone size-medium wp-image-61924\" src=\"http:\/\/www.filindeblogg.nu\/wp-content\/uploads\/2015\/01\/023-300x225.jpg\" alt=\"023\" width=\"300\" height=\"225\" srcset=\"http:\/\/www.filindeblogg.nu\/wp-content\/uploads\/2015\/01\/023-300x225.jpg 300w, http:\/\/www.filindeblogg.nu\/wp-content\/uploads\/2015\/01\/023.jpg 600w\" sizes=\"(max-width: 300px) 100vw, 300px\" \/> En av bilarna sv\u00e4nger in p\u00e5 <strong>Vallgatan<\/strong> intill <strong>Stureskolan.<\/strong><\/p>\n<p>Runt en sv\u00e4ng kring stan och s\u00e5 hem\u00e5t igen &#8211; h\u00e4r p\u00e5 den \u00e4nnu inte plogade <strong>Herrg\u00e5rdsgatan.<\/strong> <img loading=\"lazy\" class=\"alignnone size-medium wp-image-61926\" src=\"http:\/\/www.filindeblogg.nu\/wp-content\/uploads\/2015\/01\/0242-300x186.jpg\" alt=\"024\" width=\"300\" height=\"186\" srcset=\"http:\/\/www.filindeblogg.nu\/wp-content\/uploads\/2015\/01\/0242-300x186.jpg 300w, http:\/\/www.filindeblogg.nu\/wp-content\/uploads\/2015\/01\/0242.jpg 600w\" sizes=\"(max-width: 300px) 100vw, 300px\" \/><br \/>\nVidare upp mot stan &#8211; <strong>Sankt Nicolai Kyrka<\/strong> syns l\u00e4ngst bort. <img loading=\"lazy\" class=\"alignnone size-medium wp-image-61927\" src=\"http:\/\/www.filindeblogg.nu\/wp-content\/uploads\/2015\/01\/0252-300x202.jpg\" alt=\"025\" width=\"300\" height=\"202\" srcset=\"http:\/\/www.filindeblogg.nu\/wp-content\/uploads\/2015\/01\/0252-300x202.jpg 300w, http:\/\/www.filindeblogg.nu\/wp-content\/uploads\/2015\/01\/0252.jpg 600w\" sizes=\"(max-width: 300px) 100vw, 300px\" \/><\/p>\n<p>\u00d6ver <strong>Herrg\u00e5rdsbron! <img loading=\"lazy\" class=\"alignnone size-medium wp-image-61928\" src=\"http:\/\/www.filindeblogg.nu\/wp-content\/uploads\/2015\/01\/0261-300x229.jpg\" alt=\"026\" width=\"300\" height=\"229\" srcset=\"http:\/\/www.filindeblogg.nu\/wp-content\/uploads\/2015\/01\/0261-300x229.jpg 300w, http:\/\/www.filindeblogg.nu\/wp-content\/uploads\/2015\/01\/0261.jpg 587w\" sizes=\"(max-width: 300px) 100vw, 300px\" \/><\/strong><\/p>\n<p>In p\u00e5<strong> Stureleden<\/strong>. \u00a0 <img loading=\"lazy\" class=\"alignnone size-medium wp-image-61929\" src=\"http:\/\/www.filindeblogg.nu\/wp-content\/uploads\/2015\/01\/029-300x225.jpg\" alt=\"029\" width=\"300\" height=\"225\" srcset=\"http:\/\/www.filindeblogg.nu\/wp-content\/uploads\/2015\/01\/029-300x225.jpg 300w, http:\/\/www.filindeblogg.nu\/wp-content\/uploads\/2015\/01\/029.jpg 600w\" sizes=\"(max-width: 300px) 100vw, 300px\" \/> Tr\u00e4den in p\u00e5 g\u00e5rden \u00e4r n\u00e4stan lika fina som om\u00a0 v\u00e5ren men d\u00e5 \u00e4r det vita p\u00e5 grenarna k\u00f6rsb\u00e4rsblom!<\/p>\n<p>Upp p\u00e5 <strong>Sturegatan<\/strong>. <img loading=\"lazy\" class=\"alignnone size-medium wp-image-61930\" src=\"http:\/\/www.filindeblogg.nu\/wp-content\/uploads\/2015\/01\/0301-300x211.jpg\" alt=\"030\" width=\"300\" height=\"211\" srcset=\"http:\/\/www.filindeblogg.nu\/wp-content\/uploads\/2015\/01\/0301-300x211.jpg 300w, http:\/\/www.filindeblogg.nu\/wp-content\/uploads\/2015\/01\/0301.jpg 600w\" sizes=\"(max-width: 300px) 100vw, 300px\" \/> <strong>Kinarestaurangen<\/strong> p\u00e5 v\u00e4nster sida och till h\u00f6ger ligger <strong>Stureparken<\/strong>. L\u00e4ngre upp till h\u00f6ger skymtar <strong>Glasm\u00e4starvillan &#8211; \u00d6stra Nygatan 2 B<\/strong>.<\/p>\n<p><img loading=\"lazy\" class=\"alignnone size-medium wp-image-61931\" src=\"http:\/\/www.filindeblogg.nu\/wp-content\/uploads\/2015\/01\/032-300x176.jpg\" alt=\"032\" width=\"300\" height=\"176\" srcset=\"http:\/\/www.filindeblogg.nu\/wp-content\/uploads\/2015\/01\/032-300x176.jpg 300w, http:\/\/www.filindeblogg.nu\/wp-content\/uploads\/2015\/01\/032.jpg 600w\" sizes=\"(max-width: 300px) 100vw, 300px\" \/> In p\u00e5 <strong>Glasbl\u00e5sarg\u00e5rden<\/strong>. <a href=\"http:\/\/www.ltlast.se\/\" target=\"_blank\"><strong>LT Last &amp; Gr\u00e4v<\/strong><\/a> har gjort ett bra jobb \u00e4ven idag! <img loading=\"lazy\" class=\"alignnone size-medium wp-image-61932\" src=\"http:\/\/www.filindeblogg.nu\/wp-content\/uploads\/2015\/01\/0331-300x225.jpg\" alt=\"033\" width=\"300\" height=\"225\" srcset=\"http:\/\/www.filindeblogg.nu\/wp-content\/uploads\/2015\/01\/0331-300x225.jpg 300w, http:\/\/www.filindeblogg.nu\/wp-content\/uploads\/2015\/01\/0331.jpg 600w\" sizes=\"(max-width: 300px) 100vw, 300px\" \/> Plogat och sandat och klockan \u00e4r \u00e4nnu inte 9! Toppen!<\/p>\n<p>Men nu k\u00e4nns det inte som om man vill g\u00e5 ut n\u00e5got mer idag. Precis s\u00e5 t\u00e4nker katterna ocks\u00e5! <img loading=\"lazy\" class=\"alignnone size-medium wp-image-61934\" src=\"http:\/\/www.filindeblogg.nu\/wp-content\/uploads\/2015\/01\/0411-300x225.jpg\" alt=\"041\" width=\"300\" height=\"225\" srcset=\"http:\/\/www.filindeblogg.nu\/wp-content\/uploads\/2015\/01\/0411-300x225.jpg 300w, http:\/\/www.filindeblogg.nu\/wp-content\/uploads\/2015\/01\/0411.jpg 600w\" sizes=\"(max-width: 300px) 100vw, 300px\" \/> Ligga och slumra \u00e4r mycket mysigare.<\/p>\n<p>G\u00e4\u00e4\u00e4sp &#8211; d\u00e4r v\u00e4cktes <strong>Wilma<\/strong>! <img loading=\"lazy\" class=\"alignnone size-medium wp-image-61935\" src=\"http:\/\/www.filindeblogg.nu\/wp-content\/uploads\/2015\/01\/0451-300x225.jpg\" alt=\"045\" width=\"300\" height=\"225\" srcset=\"http:\/\/www.filindeblogg.nu\/wp-content\/uploads\/2015\/01\/0451-300x225.jpg 300w, http:\/\/www.filindeblogg.nu\/wp-content\/uploads\/2015\/01\/0451.jpg 600w\" sizes=\"(max-width: 300px) 100vw, 300px\" \/> Medan <strong>Felix<\/strong> sover vidare. <img loading=\"lazy\" class=\"alignnone  wp-image-61936\" src=\"http:\/\/www.filindeblogg.nu\/wp-content\/uploads\/2015\/01\/045-Kopia-219x300.jpg\" alt=\"045 - Kopia\" width=\"176\" height=\"241\" srcset=\"http:\/\/www.filindeblogg.nu\/wp-content\/uploads\/2015\/01\/045-Kopia-219x300.jpg 219w, http:\/\/www.filindeblogg.nu\/wp-content\/uploads\/2015\/01\/045-Kopia.jpg 313w\" sizes=\"(max-width: 176px) 100vw, 176px\" \/><\/p>\n<p>Sj\u00e4lv kryper bloggaren ner i ett varmt, sk\u00f6nt bad! \ud83d\ude42 <img loading=\"lazy\" class=\"alignnone size-medium wp-image-61937\" src=\"http:\/\/www.filindeblogg.nu\/wp-content\/uploads\/2015\/01\/0491-300x225.jpg\" alt=\"049\" width=\"300\" height=\"225\" srcset=\"http:\/\/www.filindeblogg.nu\/wp-content\/uploads\/2015\/01\/0491-300x225.jpg 300w, http:\/\/www.filindeblogg.nu\/wp-content\/uploads\/2015\/01\/0491.jpg 600w\" sizes=\"(max-width: 300px) 100vw, 300px\" \/><\/p>\n<p>Sen blir det nog ryggl\u00e4ge en stund &#8211; siesta med Felix! \ud83d\ude42<\/p>\n<p style=\"text-align: center;\">Underbart med katter!<\/p>\n<p style=\"text-align: center;\"><img loading=\"lazy\" class=\"aligncenter size-medium wp-image-61938\" src=\"http:\/\/www.filindeblogg.nu\/wp-content\/uploads\/2015\/01\/0522-300x225.jpg\" alt=\"052\" width=\"300\" height=\"225\" srcset=\"http:\/\/www.filindeblogg.nu\/wp-content\/uploads\/2015\/01\/0522-300x225.jpg 300w, http:\/\/www.filindeblogg.nu\/wp-content\/uploads\/2015\/01\/0522.jpg 600w\" sizes=\"(max-width: 300px) 100vw, 300px\" \/><\/p>\n<p>&nbsp;<\/p>\n<p>&nbsp;<\/p>\n<p>&nbsp;<\/p>\n","protected":false},"excerpt":{"rendered":"<p>Vilken vinter vi har! P\u00e5 morgonen hade det kommit mycket sn\u00f6 igen! Och det sn\u00f6ar mest hela tiden. Bl\u00e5 gryning! Visst \u00e4r det n\u00e5got visst med detta bl\u00e5 ljus som infinner sig vid gryningen men ocks\u00e5 n\u00e4r skymningen faller. \u00a0Efter att ha skottat beh\u00f6vde bloggaren handla lite. Det var\u00a0 inte helt enkelt att ratta bilen [&hellip;]<\/p>\n","protected":false},"author":1,"featured_media":0,"comment_status":"open","ping_status":"open","sticky":false,"template":"","format":"standard","meta":[],"categories":[127,41,177,181,100,132,101,153,179],"tags":[],"_links":{"self":[{"href":"http:\/\/www.filindeblogg.nu\/index.php?rest_route=\/wp\/v2\/posts\/61919"}],"collection":[{"href":"http:\/\/www.filindeblogg.nu\/index.php?rest_route=\/wp\/v2\/posts"}],"about":[{"href":"http:\/\/www.filindeblogg.nu\/index.php?rest_route=\/wp\/v2\/types\/post"}],"author":[{"embeddable":true,"href":"http:\/\/www.filindeblogg.nu\/index.php?rest_route=\/wp\/v2\/users\/1"}],"replies":[{"embeddable":true,"href":"http:\/\/www.filindeblogg.nu\/index.php?rest_route=%2Fwp%2Fv2%2Fcomments&post=61919"}],"version-history":[{"count":4,"href":"http:\/\/www.filindeblogg.nu\/index.php?rest_route=\/wp\/v2\/posts\/61919\/revisions"}],"predecessor-version":[{"id":61943,"href":"http:\/\/www.filindeblogg.nu\/index.php?rest_route=\/wp\/v2\/posts\/61919\/revisions\/61943"}],"wp:attachment":[{"href":"http:\/\/www.filindeblogg.nu\/index.php?rest_route=%2Fwp%2Fv2%2Fmedia&parent=61919"}],"wp:term":[{"taxonomy":"category","embeddable":true,"href":"http:\/\/www.filindeblogg.nu\/index.php?rest_route=%2Fwp%2Fv2%2Fcategories&post=61919"},{"taxonomy":"post_tag","embeddable":true,"href":"http:\/\/www.filindeblogg.nu\/index.php?rest_route=%2Fwp%2Fv2%2Ftags&post=61919"}],"curies":[{"name":"wp","href":"https:\/\/api.w.org\/{rel}","templated":true}]}}