{"id":61854,"date":"2015-01-27T08:39:45","date_gmt":"2015-01-27T07:39:45","guid":{"rendered":"http:\/\/www.filindeblogg.nu\/?p=61854"},"modified":"2015-01-27T11:47:44","modified_gmt":"2015-01-27T10:47:44","slug":"oseriost-bblat","status":"publish","type":"post","link":"http:\/\/www.filindeblogg.nu\/?p=61854","title":{"rendered":"Oseri\u00f6st Bbl\/AT!"},"content":{"rendered":"<p><img loading=\"lazy\" class=\"alignnone size-medium wp-image-61855\" src=\"http:\/\/www.filindeblogg.nu\/wp-content\/uploads\/2015\/01\/0133-225x300.jpg\" alt=\"013\" width=\"225\" height=\"300\" srcset=\"http:\/\/www.filindeblogg.nu\/wp-content\/uploads\/2015\/01\/0133-225x300.jpg 225w, http:\/\/www.filindeblogg.nu\/wp-content\/uploads\/2015\/01\/0133.jpg 450w\" sizes=\"(max-width: 225px) 100vw, 225px\" \/> Vad vill <a href=\"http:\/\/bblat.se\/nyheter\/nyheter\/1.2813223-varg-bet-ihjal-hund-igen\" target=\"_blank\"><strong>Bbl\/AT<\/strong> <\/a>med en s\u00e5dan h\u00e4r artikel??<br \/>\nF\u00f6rstasidan och braskande, svarta rubriker med texten <strong><em>&#8221;De f\u00f6rlorade sin v\u00e4n i en ny attack&#8221;<\/em><\/strong><a href=\"http:\/\/vlt.se\/nyheter\/skinnskatteberg\/1.2813504-vargar-angrep-hund-under-promenad\" target=\"_blank\">.<\/a><\/p>\n<p>Det m\u00e4rkliga \u00e4r att den som b\u00e4r ansvaret f\u00f6r &#8221;v\u00e4nnens&#8221; d\u00f6d finns med p\u00e5 fotot &#8211; \u00e4garen!! Tidningen insinuerar dock felaktigt vem som b\u00e4r skulden &#8211; och det \u00e4r som vanligt vargen! \ud83d\ude41\u00a0 <img loading=\"lazy\" class=\"alignnone size-full wp-image-61856\" src=\"http:\/\/www.filindeblogg.nu\/wp-content\/uploads\/2015\/01\/VARGTJUT2.jpg\" alt=\"VARGTJUT\" width=\"101\" height=\"125\" \/><\/p>\n<p><img loading=\"lazy\" class=\"alignnone size-medium wp-image-61857\" src=\"http:\/\/www.filindeblogg.nu\/wp-content\/uploads\/2015\/01\/0143-300x225.jpg\" alt=\"014\" width=\"300\" height=\"225\" srcset=\"http:\/\/www.filindeblogg.nu\/wp-content\/uploads\/2015\/01\/0143-300x225.jpg 300w, http:\/\/www.filindeblogg.nu\/wp-content\/uploads\/2015\/01\/0143.jpg 600w\" sizes=\"(max-width: 300px) 100vw, 300px\" \/>\u00a0<strong>HUR kan en hund\u00e4gare sl\u00e4ppa l\u00f6s sin hund i skogar d\u00e4r det finns varg!?<\/strong> Fullst\u00e4ndigt ansvarsl\u00f6st! \u00c4nnu v\u00e4rre blir det n\u00e4r \u00e4garen helt sonika sen skyller allt p\u00e5 vargen!<\/p>\n<p><img loading=\"lazy\" class=\"alignnone size-medium wp-image-61859\" src=\"http:\/\/www.filindeblogg.nu\/wp-content\/uploads\/2015\/01\/0153-300x225.jpg\" alt=\"015\" width=\"300\" height=\"225\" srcset=\"http:\/\/www.filindeblogg.nu\/wp-content\/uploads\/2015\/01\/0153-300x225.jpg 300w, http:\/\/www.filindeblogg.nu\/wp-content\/uploads\/2015\/01\/0153.jpg 600w\" sizes=\"(max-width: 300px) 100vw, 300px\" \/>\u00a0Pinsamt och skamligt av en lokaltidning att h\u00e4nga p\u00e5 och genom anspelningar skuldbel\u00e4gga ett vilt djur i sin r\u00e4tta milj\u00f6 och inte ta upp tamdjurs\u00e4gares ansvar!<\/p>\n<p>Och det \u00e4r inte f\u00f6rsta g\u00e5ngen! <img loading=\"lazy\" class=\"alignnone size-medium wp-image-61858\" src=\"http:\/\/www.filindeblogg.nu\/wp-content\/uploads\/2015\/01\/016-225x300.jpg\" alt=\"016\" width=\"225\" height=\"300\" srcset=\"http:\/\/www.filindeblogg.nu\/wp-content\/uploads\/2015\/01\/016-225x300.jpg 225w, http:\/\/www.filindeblogg.nu\/wp-content\/uploads\/2015\/01\/016.jpg 450w\" sizes=\"(max-width: 225px) 100vw, 225px\" \/> Den g\u00e5ngen var det en jakthund(!) som sl\u00e4pptes l\u00f6s i vargskogen!! Ingen antydan d\u00e5 heller fr\u00e5n tidningens sida om \u00e4garens brist p\u00e5 ansvar!!<\/p>\n<p><img loading=\"lazy\" class=\"alignnone size-full wp-image-61860\" src=\"http:\/\/www.filindeblogg.nu\/wp-content\/uploads\/2015\/01\/Ylande-varg3.jpg\" alt=\"Ylande varg\" width=\"138\" height=\"86\" \/> Tar vi alla ansvar f\u00f6r varandra &#8211; och lever med respekt &#8211; d\u00e5 beh\u00f6ver inte n\u00e5got s\u00e5dan h\u00e4r ske!<\/p>\n<p>N\u00e4r bloggaren var liten bodde vi n\u00e4ra en stor v\u00e4g. Vi hade en \u00e4lskad katt. Den blev p\u00e5k\u00f6rd p\u00e5 den stora v\u00e4gen. Mor skaffade en ny katt men n\u00e4r den ocks\u00e5 blev p\u00e5k\u00f6rd best\u00e4mde mamma sig f\u00f6r att vi inte skulle ha fler katter. <strong>Hon kom ALDRIG p\u00e5 tanken att f\u00f6rbjuda bilar att k\u00f6ra p\u00e5 v\u00e4gen!!<\/strong><\/p>\n<p>Bor man vid en stor v\u00e4g m\u00e5ste man inse risken med bilar och trafik! Bor man n\u00e4ra naturen &#8211; m\u00e5ste man f\u00f6rst\u00e5 naturen och djuren d\u00e4r! Kunskap, ansvar och respekt! D\u00e5 kan vi alla leva i samf\u00f6rst\u00e5nd och harmoni!<\/p>\n<p><img loading=\"lazy\" class=\"alignnone size-full wp-image-61862\" src=\"http:\/\/www.filindeblogg.nu\/wp-content\/uploads\/2015\/01\/Vr\u00e5lsur1.jpg\" alt=\"Vr\u00e5lsur\" width=\"79\" height=\"79\" \/>\u00a0<strong>Sk\u00e4rpning B\u00e4rgslagsbladet\/Arboga Tidning!<\/strong> Mer sakliga artiklar i forts\u00e4ttningen och g\u00e5 inte vargj\u00e4garnas \u00e4renden!!<\/p>\n<p><img loading=\"lazy\" class=\"aligncenter size-full wp-image-61861\" src=\"http:\/\/www.filindeblogg.nu\/wp-content\/uploads\/2015\/01\/Respekt-2.jpg\" alt=\"Respekt 2\" width=\"140\" height=\"37\" \/><\/p>\n<p>&nbsp;<\/p>\n","protected":false},"excerpt":{"rendered":"<p>Vad vill Bbl\/AT med en s\u00e5dan h\u00e4r artikel?? F\u00f6rstasidan och braskande, svarta rubriker med texten &#8221;De f\u00f6rlorade sin v\u00e4n i en ny attack&#8221;. Det m\u00e4rkliga \u00e4r att den som b\u00e4r ansvaret f\u00f6r &#8221;v\u00e4nnens&#8221; d\u00f6d finns med p\u00e5 fotot &#8211; \u00e4garen!! Tidningen insinuerar dock felaktigt vem som b\u00e4r skulden &#8211; och det \u00e4r som vanligt vargen! [&hellip;]<\/p>\n","protected":false},"author":1,"featured_media":0,"comment_status":"open","ping_status":"open","sticky":false,"template":"","format":"standard","meta":[],"categories":[156,100,145,101,116,150],"tags":[],"_links":{"self":[{"href":"http:\/\/www.filindeblogg.nu\/index.php?rest_route=\/wp\/v2\/posts\/61854"}],"collection":[{"href":"http:\/\/www.filindeblogg.nu\/index.php?rest_route=\/wp\/v2\/posts"}],"about":[{"href":"http:\/\/www.filindeblogg.nu\/index.php?rest_route=\/wp\/v2\/types\/post"}],"author":[{"embeddable":true,"href":"http:\/\/www.filindeblogg.nu\/index.php?rest_route=\/wp\/v2\/users\/1"}],"replies":[{"embeddable":true,"href":"http:\/\/www.filindeblogg.nu\/index.php?rest_route=%2Fwp%2Fv2%2Fcomments&post=61854"}],"version-history":[{"count":10,"href":"http:\/\/www.filindeblogg.nu\/index.php?rest_route=\/wp\/v2\/posts\/61854\/revisions"}],"predecessor-version":[{"id":61872,"href":"http:\/\/www.filindeblogg.nu\/index.php?rest_route=\/wp\/v2\/posts\/61854\/revisions\/61872"}],"wp:attachment":[{"href":"http:\/\/www.filindeblogg.nu\/index.php?rest_route=%2Fwp%2Fv2%2Fmedia&parent=61854"}],"wp:term":[{"taxonomy":"category","embeddable":true,"href":"http:\/\/www.filindeblogg.nu\/index.php?rest_route=%2Fwp%2Fv2%2Fcategories&post=61854"},{"taxonomy":"post_tag","embeddable":true,"href":"http:\/\/www.filindeblogg.nu\/index.php?rest_route=%2Fwp%2Fv2%2Ftags&post=61854"}],"curies":[{"name":"wp","href":"https:\/\/api.w.org\/{rel}","templated":true}]}}