{"id":61671,"date":"2015-01-21T09:53:01","date_gmt":"2015-01-21T08:53:01","guid":{"rendered":"http:\/\/www.filindeblogg.nu\/?p=61671"},"modified":"2015-01-21T09:53:01","modified_gmt":"2015-01-21T08:53:01","slug":"markligheter-i-vart-land","status":"publish","type":"post","link":"http:\/\/www.filindeblogg.nu\/?p=61671","title":{"rendered":"M\u00e4rkligheter i v\u00e5rt land"},"content":{"rendered":"<p><img loading=\"lazy\" class=\"alignnone size-full wp-image-61672\" src=\"http:\/\/www.filindeblogg.nu\/wp-content\/uploads\/2015\/01\/P-f\u00f6rbud.jpg\" alt=\"P f\u00f6rbud\" width=\"111\" height=\"111\" \/> Mycket m\u00e4rkligt kan man f\u00e5 vara med om i v\u00e5rt land!<\/p>\n<p>M\u00e4rkliga parkeringar \u00e4r en s\u00e5dan sak&#8230; <img loading=\"lazy\" class=\"alignnone  wp-image-61673\" src=\"http:\/\/www.filindeblogg.nu\/wp-content\/uploads\/2015\/01\/0045-300x225.jpg\" alt=\"004\" width=\"204\" height=\"153\" srcset=\"http:\/\/www.filindeblogg.nu\/wp-content\/uploads\/2015\/01\/0045-300x225.jpg 300w, http:\/\/www.filindeblogg.nu\/wp-content\/uploads\/2015\/01\/0045.jpg 600w\" sizes=\"(max-width: 204px) 100vw, 204px\" \/><\/p>\n<p><img loading=\"lazy\" class=\"alignnone  wp-image-61674\" src=\"http:\/\/www.filindeblogg.nu\/wp-content\/uploads\/2015\/01\/0032-300x225.jpg\" alt=\"003\" width=\"212\" height=\"159\" srcset=\"http:\/\/www.filindeblogg.nu\/wp-content\/uploads\/2015\/01\/0032-300x225.jpg 300w, http:\/\/www.filindeblogg.nu\/wp-content\/uploads\/2015\/01\/0032.jpg 600w\" sizes=\"(max-width: 212px) 100vw, 212px\" \/> Kreativt av en person hungrig p\u00e5 kinamat??<\/p>\n<p>Eller bara idiotisk felparkering!! <img loading=\"lazy\" class=\"alignnone size-medium wp-image-61675\" src=\"http:\/\/www.filindeblogg.nu\/wp-content\/uploads\/2015\/01\/0053-300x225.jpg\" alt=\"005\" width=\"300\" height=\"225\" srcset=\"http:\/\/www.filindeblogg.nu\/wp-content\/uploads\/2015\/01\/0053-300x225.jpg 300w, http:\/\/www.filindeblogg.nu\/wp-content\/uploads\/2015\/01\/0053.jpg 600w\" sizes=\"(max-width: 300px) 100vw, 300px\" \/><\/p>\n<p>Jo, det lutar nog \u00e5t det sistn\u00e4mnda n\u00e4r man dessutom genom<a href=\"http:\/\/www.transportstyrelsen.se\/sv\/Vag\/Fordon\/Fordons-agaruppgift\/\" target=\"_blank\"><strong> Transportstyrelsen<\/strong> <\/a>f\u00e5r veta att fordonet \u00e4r avst\u00e4llt&#8230; (!)<img loading=\"lazy\" class=\"alignnone size-medium wp-image-61676\" src=\"http:\/\/www.filindeblogg.nu\/wp-content\/uploads\/2015\/01\/0073-300x225.jpg\" alt=\"007\" width=\"300\" height=\"225\" srcset=\"http:\/\/www.filindeblogg.nu\/wp-content\/uploads\/2015\/01\/0073-300x225.jpg 300w, http:\/\/www.filindeblogg.nu\/wp-content\/uploads\/2015\/01\/0073.jpg 600w\" sizes=\"(max-width: 300px) 100vw, 300px\" \/><\/p>\n<p><img loading=\"lazy\" class=\"alignnone size-full wp-image-61682\" src=\"http:\/\/www.filindeblogg.nu\/wp-content\/uploads\/2015\/01\/Varg-som-ylar-1.jpg\" alt=\"Varg som ylar 1\" width=\"83\" height=\"119\" \/>\u00a0Annat m\u00e4rkligt f\u00f6r att inte s\u00e4ga idiotisk som g\u00f6r bloggaren sur &#8211; <img loading=\"lazy\" class=\"alignnone size-full wp-image-61678\" src=\"http:\/\/www.filindeblogg.nu\/wp-content\/uploads\/2015\/01\/Vr\u00e5lsur.jpg\" alt=\"Vr\u00e5lsur\" width=\"79\" height=\"79\" \/> eller snarare RASANDE \u00e4r vargjakten! <img loading=\"lazy\" class=\"alignnone size-full wp-image-61677\" src=\"http:\/\/www.filindeblogg.nu\/wp-content\/uploads\/2015\/01\/ARG-smiley.jpg\" alt=\"ARG smiley\" width=\"116\" height=\"116\" \/><\/p>\n<p><img loading=\"lazy\" class=\"alignnone  wp-image-61695\" src=\"http:\/\/www.filindeblogg.nu\/wp-content\/uploads\/2015\/01\/D\u00f6da-vargar-300x168.jpg\" alt=\"D\u00f6da vargar\" width=\"225\" height=\"126\" srcset=\"http:\/\/www.filindeblogg.nu\/wp-content\/uploads\/2015\/01\/D\u00f6da-vargar-300x168.jpg 300w, http:\/\/www.filindeblogg.nu\/wp-content\/uploads\/2015\/01\/D\u00f6da-vargar.jpg 612w\" sizes=\"(max-width: 225px) 100vw, 225px\" \/>\u00a0HUR kan en liten grupp med s\u00e4rintresse f\u00e5r styra Sveriges flora och fauna!?\u00a0<img loading=\"lazy\" class=\"alignnone size-full wp-image-61683\" src=\"http:\/\/www.filindeblogg.nu\/wp-content\/uploads\/2015\/01\/Arg-j\u00e4gare.jpg\" alt=\"Arg j\u00e4gare\" width=\"122\" height=\"129\" \/> HUR kan denna grupp skjutgalna varghatare f\u00e5 m\u00f6jlighet att haussa upp befolkningen med skr\u00e4mselpropaganda om en n\u00e4stan utrotad art som vargen!?\u00a0<img loading=\"lazy\" class=\"alignnone size-full wp-image-61684\" src=\"http:\/\/www.filindeblogg.nu\/wp-content\/uploads\/2015\/01\/Junselevargen-flyr.jpg\" alt=\"Junselevargen flyr\" width=\"128\" height=\"71\" \/><br \/>\nHUR kan de till\u00e5tas skr\u00e4mma upp folk s\u00e5 att de snart inte v\u00e5gar promenera utanf\u00f6r d\u00f6rren \u00e4n mindre ta en skogspromenad<a href=\"http:\/\/www.aftonbladet.se\/ledare\/ledarkronika\/evafranchell\/article20172967.ab\" target=\"_blank\">!<\/a>! SKANDAL!<br \/>\n<strong>Att en liten grupp dikterar andras tillvaro kallas diktatur<a href=\"http:\/\/sverigesradio.se\/sida\/artikel.aspx?programid=83&amp;artikel=6071712\" target=\"_blank\">!<\/a>!<\/strong><\/p>\n<p>Nu m\u00e5ste det bli slut p\u00e5 det h\u00e4r<a href=\"http:\/\/www.dn.se\/nyheter\/sverige\/vargjagare-fotograferades\/\" target=\"_blank\">!<\/a>! <img loading=\"lazy\" class=\"alignnone size-full wp-image-61679\" src=\"http:\/\/www.filindeblogg.nu\/wp-content\/uploads\/2015\/01\/Ilskna-till.jpg\" alt=\"Ilskna till\" width=\"111\" height=\"104\" \/><\/p>\n<p>Det handlar om <img loading=\"lazy\" class=\"alignnone size-full wp-image-61686\" src=\"http:\/\/www.filindeblogg.nu\/wp-content\/uploads\/2015\/01\/Makt1.jpg\" alt=\"Makt\" width=\"111\" height=\"90\" \/> och om dumhet!! <img loading=\"lazy\" class=\"alignnone size-full wp-image-61687\" src=\"http:\/\/www.filindeblogg.nu\/wp-content\/uploads\/2015\/01\/DUMHET.jpg\" alt=\"DUMHET\" width=\"110\" height=\"124\" \/><\/p>\n<p><img loading=\"lazy\" class=\"alignnone size-full wp-image-61688\" src=\"http:\/\/www.filindeblogg.nu\/wp-content\/uploads\/2015\/01\/Sluta-g\u00f6r-dumma-m\u00e4nniskor-ber\u00f6mda.jpg\" alt=\"Sluta g\u00f6r dumma m\u00e4nniskor ber\u00f6mda\" width=\"73\" height=\"83\" \/> &#8211; och g\u00f6r n\u00e5got \u00e5t det!! Sluta blunda! <img loading=\"lazy\" class=\"alignnone size-full wp-image-61689\" src=\"http:\/\/www.filindeblogg.nu\/wp-content\/uploads\/2015\/01\/Inte-se-inte-h\u00f6ra-inte-tala.jpg\" alt=\"Inte se inte h\u00f6ra inte tala\" width=\"101\" height=\"125\" \/> Agera!!<\/p>\n<p><a href=\"http:\/\/www.rovdjur.se\/\" target=\"_blank\"><strong>H\u00c4R<\/strong><\/a> agerar du tillsammans med <strong>Svenska Rovdjursf\u00f6reningen!<\/strong> <a href=\"http:\/\/www.nordulv.org\/\" target=\"_blank\"><strong>H\u00c4R<\/strong><\/a> engagerar du dig med F\u00f6reningen <strong>Nordulv!<\/strong> <img loading=\"lazy\" class=\"alignnone size-medium wp-image-61693\" src=\"http:\/\/www.filindeblogg.nu\/wp-content\/uploads\/2015\/01\/Varg-Rovdjursf\u00f6reningen-300x127.jpg\" alt=\"Varg Rovdjursf\u00f6reningen\" width=\"300\" height=\"127\" srcset=\"http:\/\/www.filindeblogg.nu\/wp-content\/uploads\/2015\/01\/Varg-Rovdjursf\u00f6reningen-300x127.jpg 300w, http:\/\/www.filindeblogg.nu\/wp-content\/uploads\/2015\/01\/Varg-Rovdjursf\u00f6reningen.jpg 440w\" sizes=\"(max-width: 300px) 100vw, 300px\" \/><\/p>\n<p><a href=\"http:\/\/www.regeringen.se\/\" target=\"_blank\"><strong>H\u00c4R<\/strong> <\/a>\u00e4r en l\u00e4nk till <strong>Regeringens<\/strong> hemsida d\u00e4r adresser och telefonnummer finns! Bloggaren skickar idag iv\u00e4g tv\u00e5 brev! Det m\u00e5ste bli slut p\u00e5 m\u00e4rkligheter av hotfullt slag!! <img loading=\"lazy\" class=\"aligncenter size-medium wp-image-61690\" src=\"http:\/\/www.filindeblogg.nu\/wp-content\/uploads\/2015\/01\/0086-280x300.jpg\" alt=\"008\" width=\"280\" height=\"300\" srcset=\"http:\/\/www.filindeblogg.nu\/wp-content\/uploads\/2015\/01\/0086-280x300.jpg 280w, http:\/\/www.filindeblogg.nu\/wp-content\/uploads\/2015\/01\/0086.jpg 450w\" sizes=\"(max-width: 280px) 100vw, 280px\" \/><\/p>\n<p>&nbsp;<\/p>\n<p>&nbsp;<\/p>\n<p>&nbsp;<\/p>\n<p>&nbsp;<\/p>\n","protected":false},"excerpt":{"rendered":"<p>Mycket m\u00e4rkligt kan man f\u00e5 vara med om i v\u00e5rt land! M\u00e4rkliga parkeringar \u00e4r en s\u00e5dan sak&#8230; Kreativt av en person hungrig p\u00e5 kinamat?? Eller bara idiotisk felparkering!! Jo, det lutar nog \u00e5t det sistn\u00e4mnda n\u00e4r man dessutom genom Transportstyrelsen f\u00e5r veta att fordonet \u00e4r avst\u00e4llt&#8230; (!) \u00a0Annat m\u00e4rkligt f\u00f6r att inte s\u00e4ga idiotisk som [&hellip;]<\/p>\n","protected":false},"author":1,"featured_media":0,"comment_status":"open","ping_status":"open","sticky":false,"template":"","format":"standard","meta":[],"categories":[127,156,100,119,101,116,150],"tags":[],"_links":{"self":[{"href":"http:\/\/www.filindeblogg.nu\/index.php?rest_route=\/wp\/v2\/posts\/61671"}],"collection":[{"href":"http:\/\/www.filindeblogg.nu\/index.php?rest_route=\/wp\/v2\/posts"}],"about":[{"href":"http:\/\/www.filindeblogg.nu\/index.php?rest_route=\/wp\/v2\/types\/post"}],"author":[{"embeddable":true,"href":"http:\/\/www.filindeblogg.nu\/index.php?rest_route=\/wp\/v2\/users\/1"}],"replies":[{"embeddable":true,"href":"http:\/\/www.filindeblogg.nu\/index.php?rest_route=%2Fwp%2Fv2%2Fcomments&post=61671"}],"version-history":[{"count":4,"href":"http:\/\/www.filindeblogg.nu\/index.php?rest_route=\/wp\/v2\/posts\/61671\/revisions"}],"predecessor-version":[{"id":61696,"href":"http:\/\/www.filindeblogg.nu\/index.php?rest_route=\/wp\/v2\/posts\/61671\/revisions\/61696"}],"wp:attachment":[{"href":"http:\/\/www.filindeblogg.nu\/index.php?rest_route=%2Fwp%2Fv2%2Fmedia&parent=61671"}],"wp:term":[{"taxonomy":"category","embeddable":true,"href":"http:\/\/www.filindeblogg.nu\/index.php?rest_route=%2Fwp%2Fv2%2Fcategories&post=61671"},{"taxonomy":"post_tag","embeddable":true,"href":"http:\/\/www.filindeblogg.nu\/index.php?rest_route=%2Fwp%2Fv2%2Ftags&post=61671"}],"curies":[{"name":"wp","href":"https:\/\/api.w.org\/{rel}","templated":true}]}}