{"id":61642,"date":"2015-01-19T06:59:12","date_gmt":"2015-01-19T05:59:12","guid":{"rendered":"http:\/\/www.filindeblogg.nu\/?p=61642"},"modified":"2015-01-19T06:59:12","modified_gmt":"2015-01-19T05:59:12","slug":"lite-matnyttigt-och-lite-hemskt","status":"publish","type":"post","link":"http:\/\/www.filindeblogg.nu\/?p=61642","title":{"rendered":"Lite matnyttigt och lite hemskt&#8230;"},"content":{"rendered":"<p><img loading=\"lazy\" class=\"alignnone size-full wp-image-61643\" src=\"http:\/\/www.filindeblogg.nu\/wp-content\/uploads\/2015\/01\/Snabb-smiley.jpg\" alt=\"Snabb smiley\" width=\"141\" height=\"113\" \/> Idag blir det snabbt och kort!<br \/>\nBloggaren har annat f\u00f6r sig. <img loading=\"lazy\" class=\"alignnone size-full wp-image-61644\" src=\"http:\/\/www.filindeblogg.nu\/wp-content\/uploads\/2015\/01\/R\u00f6da-korset.jpg\" alt=\"R\u00f6da korset\" width=\"134\" height=\"89\" \/><\/p>\n<p>Matnyttigt blir det kort och koncist! Frukost! <img loading=\"lazy\" class=\"alignnone size-medium wp-image-61645\" src=\"http:\/\/www.filindeblogg.nu\/wp-content\/uploads\/2015\/01\/Macka-300x225.jpg\" alt=\"Macka\" width=\"300\" height=\"225\" srcset=\"http:\/\/www.filindeblogg.nu\/wp-content\/uploads\/2015\/01\/Macka-300x225.jpg 300w, http:\/\/www.filindeblogg.nu\/wp-content\/uploads\/2015\/01\/Macka.jpg 600w\" sizes=\"(max-width: 300px) 100vw, 300px\" \/> Grov macka fr\u00e5n <strong><a href=\"http:\/\/www.finskahembageriet.se\/\" target=\"_blank\">Finska Hembageriet<\/a> i Eskilstuna<\/strong> och p\u00e5 den sm\u00e5 spenatblad underst, sen <a href=\"http:\/\/www.arbogapastej.se\/\" target=\"_blank\"><strong>Arbogapastej<\/strong><\/a>, <a href=\"http:\/\/www.bjornekulla.se\/product\/gammaldags-krispig-gurka-580-g\/\" target=\"_blank\"><strong>Bj\u00f6rnekullas<\/strong><\/a> goda krispiga inlagda gurka och s\u00e5 \u00f6verst ost av <strong>Grev\u00e9typ<\/strong>!<\/p>\n<p>Vill man sen mysa till det lite, som bloggaren gjorde i helgen, och dessutom vara lite smart &#8211; s\u00e5 tar man risgrynsgr\u00f6t ena dagen och g\u00f6r en saffranspannkaka p\u00e5 resterna den andra! <img loading=\"lazy\" class=\"alignnone size-medium wp-image-61646\" src=\"http:\/\/www.filindeblogg.nu\/wp-content\/uploads\/2015\/01\/0012-300x225.jpg\" alt=\"001\" width=\"300\" height=\"225\" srcset=\"http:\/\/www.filindeblogg.nu\/wp-content\/uploads\/2015\/01\/0012-300x225.jpg 300w, http:\/\/www.filindeblogg.nu\/wp-content\/uploads\/2015\/01\/0012.jpg 600w\" sizes=\"(max-width: 300px) 100vw, 300px\" \/> Utm\u00e4rkt recept finns hos<strong> ICA<\/strong> &#8211; klicka <a href=\"http:\/\/www.ica.se\/recept\/saffranspannkaka-4396\/\" target=\"_blank\"><strong>H\u00c4R!<\/strong><\/a><\/p>\n<p>Sen kan man \u00e5ka iv\u00e4g och bjuda en v\u00e4n p\u00e5 kakan! <img loading=\"lazy\" class=\"alignnone size-medium wp-image-61647\" src=\"http:\/\/www.filindeblogg.nu\/wp-content\/uploads\/2015\/01\/0022-225x300.jpg\" alt=\"002\" width=\"225\" height=\"300\" srcset=\"http:\/\/www.filindeblogg.nu\/wp-content\/uploads\/2015\/01\/0022-225x300.jpg 225w, http:\/\/www.filindeblogg.nu\/wp-content\/uploads\/2015\/01\/0022.jpg 450w\" sizes=\"(max-width: 225px) 100vw, 225px\" \/> I bloggarens fall blev det modern som f\u00f6r\u00e4rades saffranspannkaka med vispad gr\u00e4dde och ekologisk jordgubbssylt. \ud83d\ude42<\/p>\n<p>Har man tur kan man ta sig n\u00e5got v\u00e4rmande p\u00e5 kv\u00e4llen n\u00e4r januarivindarna bl\u00e5ser sn\u00e5lt! <img loading=\"lazy\" class=\"alignnone size-medium wp-image-61648\" src=\"http:\/\/www.filindeblogg.nu\/wp-content\/uploads\/2015\/01\/0122-225x300.jpg\" alt=\"012\" width=\"225\" height=\"300\" srcset=\"http:\/\/www.filindeblogg.nu\/wp-content\/uploads\/2015\/01\/0122-225x300.jpg 225w, http:\/\/www.filindeblogg.nu\/wp-content\/uploads\/2015\/01\/0122.jpg 450w\" sizes=\"(max-width: 225px) 100vw, 225px\" \/> Antingen v\u00e4ljer man <span class=\"st\"><b>Gl\u00fchwein<\/b><\/span> (julklapp fr\u00e5n broder <strong>Mats<\/strong> med familj) eller s\u00e5 blir det n\u00e5got starkare &#8211; souveniren fr\u00e5n <strong>Edinburgh<\/strong>:<a href=\"http:\/\/www.auchentoshan.com\/\" target=\"_blank\"><strong> Auchentoshan<\/strong><\/a>! \ud83d\ude00<\/p>\n<p>Lite hemskheter var tyv\u00e4rr utlovat ocks\u00e5&#8230; \ud83d\ude41 Den h\u00e4r bilden s\u00e5g bloggaren i g\u00e5rdagens <strong>DN<\/strong>! <img loading=\"lazy\" class=\"alignnone size-medium wp-image-61649\" src=\"http:\/\/www.filindeblogg.nu\/wp-content\/uploads\/2015\/01\/0083-300x225.jpg\" alt=\"008\" width=\"300\" height=\"225\" srcset=\"http:\/\/www.filindeblogg.nu\/wp-content\/uploads\/2015\/01\/0083-300x225.jpg 300w, http:\/\/www.filindeblogg.nu\/wp-content\/uploads\/2015\/01\/0083.jpg 600w\" sizes=\"(max-width: 300px) 100vw, 300px\" \/> En stackars h\u00e4st tvingas g\u00e5 genom eld! \ud83d\ude41<br \/>\nDen h\u00e4pnadsv\u00e4ckande bildtexten lyder s\u00e5 h\u00e4r: <img loading=\"lazy\" class=\"alignnone size-medium wp-image-61650\" src=\"http:\/\/www.filindeblogg.nu\/wp-content\/uploads\/2015\/01\/0091-300x206.jpg\" alt=\"009\" width=\"300\" height=\"206\" srcset=\"http:\/\/www.filindeblogg.nu\/wp-content\/uploads\/2015\/01\/0091-300x206.jpg 300w, http:\/\/www.filindeblogg.nu\/wp-content\/uploads\/2015\/01\/0091.jpg 573w\" sizes=\"(max-width: 300px) 100vw, 300px\" \/> <em>&#8221;Ett religi\u00f6st eldprov. Ryttaren \u00f6vertygar (l\u00e4s: tvingar, bloggarens anm.) sin h\u00e4st att rida genom ett b\u00e5l som anlagts p\u00e5 gatan i byn <strong>Alosno<\/strong> i sydv\u00e4stra <strong>Spanien.<\/strong> Ceremonin h\u00e5lls f\u00f6r att hedra <strong>Sankt Antonio<\/strong>, djurens beskyddare.&#8221;<\/em> !!!<br \/>\nSpanien &#8211; detta och s\u00e5 tjurf\u00e4ktning&#8230; Say no more&#8230;.<\/p>\n<p>Avslutar bloggen med en strip ur g\u00e5rdagens DN. Bloggaren tycker att den \u00e4r v\u00e4ldigt bra.<strong> Bard<\/strong> tecknade.<\/p>\n<p><img loading=\"lazy\" class=\"aligncenter size-medium wp-image-61651\" src=\"http:\/\/www.filindeblogg.nu\/wp-content\/uploads\/2015\/01\/BARD-18-jan-2015-i-DN-300x239.jpg\" alt=\"BARD 18 jan 2015 i DN\" width=\"300\" height=\"239\" srcset=\"http:\/\/www.filindeblogg.nu\/wp-content\/uploads\/2015\/01\/BARD-18-jan-2015-i-DN-300x239.jpg 300w, http:\/\/www.filindeblogg.nu\/wp-content\/uploads\/2015\/01\/BARD-18-jan-2015-i-DN.jpg 528w\" sizes=\"(max-width: 300px) 100vw, 300px\" \/><\/p>\n<p>&nbsp;<\/p>\n","protected":false},"excerpt":{"rendered":"<p>Idag blir det snabbt och kort! Bloggaren har annat f\u00f6r sig. Matnyttigt blir det kort och koncist! Frukost! Grov macka fr\u00e5n Finska Hembageriet i Eskilstuna och p\u00e5 den sm\u00e5 spenatblad underst, sen Arbogapastej, Bj\u00f6rnekullas goda krispiga inlagda gurka och s\u00e5 \u00f6verst ost av Grev\u00e9typ! Vill man sen mysa till det lite, som bloggaren gjorde i [&hellip;]<\/p>\n","protected":false},"author":1,"featured_media":0,"comment_status":"open","ping_status":"open","sticky":false,"template":"","format":"standard","meta":[],"categories":[100,158,168,101],"tags":[],"_links":{"self":[{"href":"http:\/\/www.filindeblogg.nu\/index.php?rest_route=\/wp\/v2\/posts\/61642"}],"collection":[{"href":"http:\/\/www.filindeblogg.nu\/index.php?rest_route=\/wp\/v2\/posts"}],"about":[{"href":"http:\/\/www.filindeblogg.nu\/index.php?rest_route=\/wp\/v2\/types\/post"}],"author":[{"embeddable":true,"href":"http:\/\/www.filindeblogg.nu\/index.php?rest_route=\/wp\/v2\/users\/1"}],"replies":[{"embeddable":true,"href":"http:\/\/www.filindeblogg.nu\/index.php?rest_route=%2Fwp%2Fv2%2Fcomments&post=61642"}],"version-history":[{"count":2,"href":"http:\/\/www.filindeblogg.nu\/index.php?rest_route=\/wp\/v2\/posts\/61642\/revisions"}],"predecessor-version":[{"id":61653,"href":"http:\/\/www.filindeblogg.nu\/index.php?rest_route=\/wp\/v2\/posts\/61642\/revisions\/61653"}],"wp:attachment":[{"href":"http:\/\/www.filindeblogg.nu\/index.php?rest_route=%2Fwp%2Fv2%2Fmedia&parent=61642"}],"wp:term":[{"taxonomy":"category","embeddable":true,"href":"http:\/\/www.filindeblogg.nu\/index.php?rest_route=%2Fwp%2Fv2%2Fcategories&post=61642"},{"taxonomy":"post_tag","embeddable":true,"href":"http:\/\/www.filindeblogg.nu\/index.php?rest_route=%2Fwp%2Fv2%2Ftags&post=61642"}],"curies":[{"name":"wp","href":"https:\/\/api.w.org\/{rel}","templated":true}]}}