{"id":61624,"date":"2015-01-18T14:29:38","date_gmt":"2015-01-18T13:29:38","guid":{"rendered":"http:\/\/www.filindeblogg.nu\/?p=61624"},"modified":"2015-01-18T14:33:19","modified_gmt":"2015-01-18T13:33:19","slug":"canis-lupus-ta-den-dar-om-rodluvan-och-vargen","status":"publish","type":"post","link":"http:\/\/www.filindeblogg.nu\/?p=61624","title":{"rendered":"Canis lupus. Dra den d\u00e4r om R\u00f6dluvan och vargen ocks\u00e5&#8230;"},"content":{"rendered":"<p><img loading=\"lazy\" class=\"alignnone size-medium wp-image-61625\" src=\"http:\/\/www.filindeblogg.nu\/wp-content\/uploads\/2015\/01\/0131-225x300.jpg\" alt=\"013\" width=\"225\" height=\"300\" srcset=\"http:\/\/www.filindeblogg.nu\/wp-content\/uploads\/2015\/01\/0131-225x300.jpg 225w, http:\/\/www.filindeblogg.nu\/wp-content\/uploads\/2015\/01\/0131.jpg 600w\" sizes=\"(max-width: 225px) 100vw, 225px\" \/> <strong>Varg (Canis lupus)<\/strong> &#8211; foto fr\u00e5n <strong>Wikipedia<\/strong><a href=\"http:\/\/www.svd.se\/nyheter\/inrikes\/atta-vargar-skjutna-forsta-jaktdagen_4257127.svd\" target=\"_blank\">. <\/a>Citat Wikipedia<a href=\"http:\/\/vlt.se\/nyheter\/omvarlden\/1.2799360-klart-for-vargjakt-efter-domslut\" target=\"_blank\">:<\/a> <em>&#8221;Status i Sverige: Starkt hotad&#8221;<\/em>.<br \/>\nL\u00e4s mera <a href=\"http:\/\/sv.wikipedia.org\/wiki\/Varg\" target=\"_blank\"><strong>H\u00c4R!<\/strong><\/a><\/p>\n<p>N\u00e4r bilder s\u00e4ger mer \u00e4n ord&#8230; <img loading=\"lazy\" class=\"alignnone size-medium wp-image-61634\" src=\"http:\/\/www.filindeblogg.nu\/wp-content\/uploads\/2015\/01\/pict5569-300x221.jpg\" alt=\"pict5569\" width=\"300\" height=\"221\" srcset=\"http:\/\/www.filindeblogg.nu\/wp-content\/uploads\/2015\/01\/pict5569-300x221.jpg 300w, http:\/\/www.filindeblogg.nu\/wp-content\/uploads\/2015\/01\/pict5569.jpg 461w\" sizes=\"(max-width: 300px) 100vw, 300px\" \/><\/p>\n<p>Kolm\u00e5rdens Djurpark<a href=\"http:\/\/www.aftonbladet.se\/nyheter\/article20166156.ab\" target=\"_blank\">.<\/a> <img loading=\"lazy\" class=\"alignnone size-medium wp-image-61635\" src=\"http:\/\/www.filindeblogg.nu\/wp-content\/uploads\/2015\/01\/pict5570-300x221.jpg\" alt=\"pict5570\" width=\"300\" height=\"221\" srcset=\"http:\/\/www.filindeblogg.nu\/wp-content\/uploads\/2015\/01\/pict5570-300x221.jpg 300w, http:\/\/www.filindeblogg.nu\/wp-content\/uploads\/2015\/01\/pict5570.jpg 640w\" sizes=\"(max-width: 300px) 100vw, 300px\" \/><\/p>\n<p>Vargh\u00e4gnet<a href=\"www.dalademokraten.se\/opinion\/ledare\/vargjakten-ett-blodigt-art-egoistiskt-skadespel\" target=\"_blank\">.<\/a> <img loading=\"lazy\" class=\"alignnone size-full wp-image-61626\" src=\"http:\/\/www.filindeblogg.nu\/wp-content\/uploads\/2015\/01\/Varg-och-Susanne-300x225-2.jpg\" alt=\"Varg-och-Susanne-300x225 2\" width=\"300\" height=\"225\" \/><\/p>\n<p><img loading=\"lazy\" class=\"alignnone size-medium wp-image-61627\" src=\"http:\/\/www.filindeblogg.nu\/wp-content\/uploads\/2015\/01\/pict5564-J\u00e4ttefin-bild-L-och-varg-OK-300x221.jpg\" alt=\"pict5564 J\u00e4ttefin bild L och varg OK\" width=\"300\" height=\"221\" srcset=\"http:\/\/www.filindeblogg.nu\/wp-content\/uploads\/2015\/01\/pict5564-J\u00e4ttefin-bild-L-och-varg-OK-300x221.jpg 300w, http:\/\/www.filindeblogg.nu\/wp-content\/uploads\/2015\/01\/pict5564-J\u00e4ttefin-bild-L-och-varg-OK.jpg 461w\" sizes=\"(max-width: 300px) 100vw, 300px\" \/> F\u00f6r tio \u00e5r sedan<a href=\"http:\/\/www.expressen.se\/gt\/foreningen-rasar-mot-vargjakten-for-fa\/\" target=\"_blank\">.<\/a> <img loading=\"lazy\" class=\"alignnone size-medium wp-image-61628\" src=\"http:\/\/www.filindeblogg.nu\/wp-content\/uploads\/2015\/01\/Varg-och-L-OK1-300x221.jpg\" alt=\"Varg och L OK1\" width=\"300\" height=\"221\" srcset=\"http:\/\/www.filindeblogg.nu\/wp-content\/uploads\/2015\/01\/Varg-och-L-OK1-300x221.jpg 300w, http:\/\/www.filindeblogg.nu\/wp-content\/uploads\/2015\/01\/Varg-och-L-OK1.jpg 461w\" sizes=\"(max-width: 300px) 100vw, 300px\" \/><\/p>\n<p><img loading=\"lazy\" class=\"alignnone size-medium wp-image-61629\" src=\"http:\/\/www.filindeblogg.nu\/wp-content\/uploads\/2015\/01\/0043-300x225.jpg\" alt=\"004\" width=\"300\" height=\"225\" srcset=\"http:\/\/www.filindeblogg.nu\/wp-content\/uploads\/2015\/01\/0043-300x225.jpg 300w, http:\/\/www.filindeblogg.nu\/wp-content\/uploads\/2015\/01\/0043.jpg 800w\" sizes=\"(max-width: 300px) 100vw, 300px\" \/> Fyllt i<a href=\"http:\/\/na.se\/nyheter\/lanet\/1.2799362-gront-ljus-for-vargjakten\" target=\"_blank\">.<\/a><\/p>\n<p>Postat<a href=\"http:\/\/www.nwt.se\/varmland\/article1726289.ece\" target=\"_blank\">.<\/a> <img loading=\"lazy\" class=\"alignnone size-medium wp-image-61630\" src=\"http:\/\/www.filindeblogg.nu\/wp-content\/uploads\/2015\/01\/0102-300x225.jpg\" alt=\"010\" width=\"300\" height=\"225\" srcset=\"http:\/\/www.filindeblogg.nu\/wp-content\/uploads\/2015\/01\/0102-300x225.jpg 300w, http:\/\/www.filindeblogg.nu\/wp-content\/uploads\/2015\/01\/0102.jpg 600w\" sizes=\"(max-width: 300px) 100vw, 300px\" \/><\/p>\n<p><a href=\"http:\/\/www.rovdjur.se\/\" target=\"_blank\"><strong>H\u00c4R<\/strong><\/a> &#8211; <strong>Svenska Rovdjursf\u00f6reningen\u00a0\u00a0 <img loading=\"lazy\" class=\"alignnone size-full wp-image-61631\" src=\"http:\/\/www.filindeblogg.nu\/wp-content\/uploads\/2015\/01\/V\u00e5ra-Rovdjur-Tidning.jpg\" alt=\"V\u00e5ra Rovdjur Tidning\" width=\"175\" height=\"247\" \/><\/strong><\/p>\n<p><a href=\"http:\/\/www.nordulv.org\/\" target=\"_blank\"><strong>H\u00c4R<\/strong><\/a> &#8211;<strong> F\u00f6reningen Nordulv\u00a0\u00a0\u00a0 <img loading=\"lazy\" class=\"alignnone size-medium wp-image-61632\" src=\"http:\/\/www.filindeblogg.nu\/wp-content\/uploads\/2015\/01\/bli_medlem-Nordulv1-300x82.png\" alt=\"bli_medlem Nordulv\" width=\"300\" height=\"82\" srcset=\"http:\/\/www.filindeblogg.nu\/wp-content\/uploads\/2015\/01\/bli_medlem-Nordulv1-300x82.png 300w, http:\/\/www.filindeblogg.nu\/wp-content\/uploads\/2015\/01\/bli_medlem-Nordulv1.png 580w\" sizes=\"(max-width: 300px) 100vw, 300px\" \/><\/strong><\/p>\n<p><img loading=\"lazy\" class=\"aligncenter size-full wp-image-61636\" src=\"http:\/\/www.filindeblogg.nu\/wp-content\/uploads\/2015\/01\/R\u00f6dluvan-och-vargen.jpg\" alt=\"R\u00f6dluvan och vargen\" width=\"269\" height=\"188\" \/><\/p>\n<p>&nbsp;<\/p>\n<p><img loading=\"lazy\" class=\"aligncenter size-full wp-image-61633\" src=\"http:\/\/www.filindeblogg.nu\/wp-content\/uploads\/2015\/01\/T\u00e4nda-ett-ljus-f\u00f6r-vargen.jpg\" alt=\"T\u00e4nda ett ljus f\u00f6r vargen\" width=\"125\" height=\"83\" \/><\/p>\n<p>&nbsp;<\/p>\n","protected":false},"excerpt":{"rendered":"<p>Varg (Canis lupus) &#8211; foto fr\u00e5n Wikipedia. Citat Wikipedia: &#8221;Status i Sverige: Starkt hotad&#8221;. L\u00e4s mera H\u00c4R! N\u00e4r bilder s\u00e4ger mer \u00e4n ord&#8230; Kolm\u00e5rdens Djurpark. Vargh\u00e4gnet. F\u00f6r tio \u00e5r sedan. Fyllt i. Postat. H\u00c4R &#8211; Svenska Rovdjursf\u00f6reningen\u00a0\u00a0 H\u00c4R &#8211; F\u00f6reningen Nordulv\u00a0\u00a0\u00a0 &nbsp; &nbsp;<\/p>\n","protected":false},"author":1,"featured_media":0,"comment_status":"open","ping_status":"open","sticky":false,"template":"","format":"standard","meta":[],"categories":[100,145,132,101,116,150],"tags":[],"_links":{"self":[{"href":"http:\/\/www.filindeblogg.nu\/index.php?rest_route=\/wp\/v2\/posts\/61624"}],"collection":[{"href":"http:\/\/www.filindeblogg.nu\/index.php?rest_route=\/wp\/v2\/posts"}],"about":[{"href":"http:\/\/www.filindeblogg.nu\/index.php?rest_route=\/wp\/v2\/types\/post"}],"author":[{"embeddable":true,"href":"http:\/\/www.filindeblogg.nu\/index.php?rest_route=\/wp\/v2\/users\/1"}],"replies":[{"embeddable":true,"href":"http:\/\/www.filindeblogg.nu\/index.php?rest_route=%2Fwp%2Fv2%2Fcomments&post=61624"}],"version-history":[{"count":5,"href":"http:\/\/www.filindeblogg.nu\/index.php?rest_route=\/wp\/v2\/posts\/61624\/revisions"}],"predecessor-version":[{"id":61641,"href":"http:\/\/www.filindeblogg.nu\/index.php?rest_route=\/wp\/v2\/posts\/61624\/revisions\/61641"}],"wp:attachment":[{"href":"http:\/\/www.filindeblogg.nu\/index.php?rest_route=%2Fwp%2Fv2%2Fmedia&parent=61624"}],"wp:term":[{"taxonomy":"category","embeddable":true,"href":"http:\/\/www.filindeblogg.nu\/index.php?rest_route=%2Fwp%2Fv2%2Fcategories&post=61624"},{"taxonomy":"post_tag","embeddable":true,"href":"http:\/\/www.filindeblogg.nu\/index.php?rest_route=%2Fwp%2Fv2%2Ftags&post=61624"}],"curies":[{"name":"wp","href":"https:\/\/api.w.org\/{rel}","templated":true}]}}