{"id":61540,"date":"2015-01-15T14:13:14","date_gmt":"2015-01-15T13:13:14","guid":{"rendered":"http:\/\/www.filindeblogg.nu\/?p=61540"},"modified":"2015-01-15T14:14:16","modified_gmt":"2015-01-15T13:14:16","slug":"klippt-och-skuret","status":"publish","type":"post","link":"http:\/\/www.filindeblogg.nu\/?p=61540","title":{"rendered":"Klippt och skuret! Om vargar och seniorhuliganer bland annat!"},"content":{"rendered":"<p><img loading=\"lazy\" class=\"alignnone size-full wp-image-61541\" src=\"http:\/\/www.filindeblogg.nu\/wp-content\/uploads\/2015\/01\/SAX.jpg\" alt=\"SAX\" width=\"150\" height=\"150\" srcset=\"http:\/\/www.filindeblogg.nu\/wp-content\/uploads\/2015\/01\/SAX.jpg 150w, http:\/\/www.filindeblogg.nu\/wp-content\/uploads\/2015\/01\/SAX-144x144.jpg 144w\" sizes=\"(max-width: 150px) 100vw, 150px\" \/>Idag blir det lite klipp ur lokaltidningarna!<\/p>\n<p>F\u00f6rst ut den h\u00e4r: <img loading=\"lazy\" class=\"alignnone size-medium wp-image-61542\" src=\"http:\/\/www.filindeblogg.nu\/wp-content\/uploads\/2015\/01\/0011-300x74.jpg\" alt=\"001\" width=\"300\" height=\"74\" srcset=\"http:\/\/www.filindeblogg.nu\/wp-content\/uploads\/2015\/01\/0011-300x74.jpg 300w, http:\/\/www.filindeblogg.nu\/wp-content\/uploads\/2015\/01\/0011.jpg 600w\" sizes=\"(max-width: 300px) 100vw, 300px\" \/> <a href=\"http:\/\/magazin24.se\/\" target=\"_blank\"><strong>Magazin24<\/strong> <\/a>hade sin logotype tecknad ig\u00e5r f\u00f6r att hedra de m\u00f6rdade tecknarna p\u00e5 tidningen <strong>Charlie Hebdo<\/strong>. <img loading=\"lazy\" class=\"alignnone  wp-image-61543\" src=\"http:\/\/www.filindeblogg.nu\/wp-content\/uploads\/2015\/01\/002-225x300.jpg\" alt=\"002\" width=\"145\" height=\"194\" srcset=\"http:\/\/www.filindeblogg.nu\/wp-content\/uploads\/2015\/01\/002-225x300.jpg 225w, http:\/\/www.filindeblogg.nu\/wp-content\/uploads\/2015\/01\/002.jpg 450w\" sizes=\"(max-width: 145px) 100vw, 145px\" \/><\/p>\n<p><img loading=\"lazy\" class=\"alignnone size-medium wp-image-61544\" src=\"http:\/\/www.filindeblogg.nu\/wp-content\/uploads\/2015\/01\/0052-300x136.jpg\" alt=\"005\" width=\"300\" height=\"136\" srcset=\"http:\/\/www.filindeblogg.nu\/wp-content\/uploads\/2015\/01\/0052-300x136.jpg 300w, http:\/\/www.filindeblogg.nu\/wp-content\/uploads\/2015\/01\/0052.jpg 600w\" sizes=\"(max-width: 300px) 100vw, 300px\" \/>\u00a0I <a href=\"http:\/\/bblat.se\/\" target=\"_blank\"><strong>Arboga Tidning<\/strong> <\/a>har det bland annat gn\u00e4llts p\u00e5 sn\u00f6r\u00f6jningen. <img loading=\"lazy\" class=\"alignnone  wp-image-61545\" src=\"http:\/\/www.filindeblogg.nu\/wp-content\/uploads\/2015\/01\/0042-225x300.jpg\" alt=\"004\" width=\"168\" height=\"224\" srcset=\"http:\/\/www.filindeblogg.nu\/wp-content\/uploads\/2015\/01\/0042-225x300.jpg 225w, http:\/\/www.filindeblogg.nu\/wp-content\/uploads\/2015\/01\/0042.jpg 450w\" sizes=\"(max-width: 168px) 100vw, 168px\" \/> Bloggaren tror dock att r\u00f6jningsarbetarna g\u00f6r precis s\u00e5 gott dom kan! Det \u00e4r extrem v\u00e4derlek just nu och det ser precis likadant ut p\u00e5 m\u00e5nga, m\u00e5nga st\u00e4llen i <strong>Sverige<\/strong> och inte bara i <strong>Arboga<\/strong>.<\/p>\n<p>D\u00e4remot kanske en och annan privat fastighets\u00e4gare b\u00f6r t\u00e4nka till. <img loading=\"lazy\" class=\"alignnone  wp-image-61546\" src=\"http:\/\/www.filindeblogg.nu\/wp-content\/uploads\/2015\/01\/0062-225x300.jpg\" alt=\"006\" width=\"166\" height=\"221\" srcset=\"http:\/\/www.filindeblogg.nu\/wp-content\/uploads\/2015\/01\/0062-225x300.jpg 225w, http:\/\/www.filindeblogg.nu\/wp-content\/uploads\/2015\/01\/0062.jpg 450w\" sizes=\"(max-width: 166px) 100vw, 166px\" \/> F\u00f6r s\u00e5v\u00e4l villa\u00e4gare som privata hyresv\u00e4rdar (bloggaren vet ett fastighetsbolag som \u00e4r n\u00e4ra granne&#8230;) g\u00e4ller f\u00f6ljande: <img loading=\"lazy\" class=\"alignnone size-medium wp-image-61547\" src=\"http:\/\/www.filindeblogg.nu\/wp-content\/uploads\/2015\/01\/007-300x225.jpg\" alt=\"007\" width=\"300\" height=\"225\" srcset=\"http:\/\/www.filindeblogg.nu\/wp-content\/uploads\/2015\/01\/007-300x225.jpg 300w, http:\/\/www.filindeblogg.nu\/wp-content\/uploads\/2015\/01\/007.jpg 600w\" sizes=\"(max-width: 300px) 100vw, 300px\" \/> Med b\u00f6ter kanske fastighets\u00e4garen intill slutar med oskicket att aldrig sn\u00f6r\u00f6ja sin trottoar! \ud83d\ude41<\/p>\n<p>Sen ska det pratas om vargar f\u00f6rst\u00e5s&#8230; <img loading=\"lazy\" class=\"alignnone size-medium wp-image-61548\" src=\"http:\/\/www.filindeblogg.nu\/wp-content\/uploads\/2015\/01\/009-300x118.jpg\" alt=\"009\" width=\"300\" height=\"118\" srcset=\"http:\/\/www.filindeblogg.nu\/wp-content\/uploads\/2015\/01\/009-300x118.jpg 300w, http:\/\/www.filindeblogg.nu\/wp-content\/uploads\/2015\/01\/009.jpg 600w\" sizes=\"(max-width: 300px) 100vw, 300px\" \/> Medan vargen <em>&#8221;skymtades&#8221;<\/em> i<strong> Bbl\/AT s<\/strong>\u00e5 gick den till attack i <strong>Magazin24<\/strong>&#8230; <img loading=\"lazy\" class=\"alignnone  wp-image-61549\" src=\"http:\/\/www.filindeblogg.nu\/wp-content\/uploads\/2015\/01\/Varg-M24-300x248.jpg\" alt=\"Varg M24\" width=\"224\" height=\"185\" srcset=\"http:\/\/www.filindeblogg.nu\/wp-content\/uploads\/2015\/01\/Varg-M24-300x248.jpg 300w, http:\/\/www.filindeblogg.nu\/wp-content\/uploads\/2015\/01\/Varg-M24.jpg 540w\" sizes=\"(max-width: 224px) 100vw, 224px\" \/><\/p>\n<p>S\u00c5 jobbigt med denna av vissa j\u00e4gare upphaussade vargr\u00e4dsla! Bloggaren \u00e4r s\u00e4ker p\u00e5 att det kan vara mycket farligare att m\u00f6ta en l\u00f6sspringande hund \u00e4n att ha lyckan att f\u00e5 se en livs levande varg! Arga hundar kan g\u00e5 till anfall<img loading=\"lazy\" class=\"alignnone size-full wp-image-61550\" src=\"http:\/\/www.filindeblogg.nu\/wp-content\/uploads\/2015\/01\/Arg-sch\u00e4fer.jpg\" alt=\"Arg sch\u00e4fer\" width=\"105\" height=\"146\" \/> medan vargen sticker s\u00e5 fort den k\u00e4nner lukten av en m\u00e4nniska! <img loading=\"lazy\" class=\"alignnone size-full wp-image-61551\" src=\"http:\/\/www.filindeblogg.nu\/wp-content\/uploads\/2015\/01\/Varg-springer-i-v\u00e4g.jpg\" alt=\"Varg springer i v\u00e4g\" width=\"130\" height=\"86\" \/><\/p>\n<p>G\u00e5 in <a href=\"http:\/\/www.rovdjur.se\/\" target=\"_blank\"><strong>H\u00c4R<\/strong> <\/a>f\u00f6r att <strong><em>&#8221;adoptera en vargvalp&#8221;<\/em><\/strong> via <strong>Svenska Rovdjursf\u00f6reningen<\/strong>! Det har bloggaren gjort nu! <img loading=\"lazy\" class=\"alignnone size-full wp-image-61554\" src=\"http:\/\/www.filindeblogg.nu\/wp-content\/uploads\/2015\/01\/VARGTJUT.jpg\" alt=\"VARGTJUT\" width=\"101\" height=\"125\" \/><img loading=\"lazy\" class=\"alignnone size-medium wp-image-61552\" src=\"http:\/\/www.filindeblogg.nu\/wp-content\/uploads\/2015\/01\/Adoptera-en-vargvalp-Rovdjursf\u00f6reningen-300x121.jpg\" alt=\"Adoptera en vargvalp Rovdjursf\u00f6reningen\" width=\"300\" height=\"121\" srcset=\"http:\/\/www.filindeblogg.nu\/wp-content\/uploads\/2015\/01\/Adoptera-en-vargvalp-Rovdjursf\u00f6reningen-300x121.jpg 300w, http:\/\/www.filindeblogg.nu\/wp-content\/uploads\/2015\/01\/Adoptera-en-vargvalp-Rovdjursf\u00f6reningen.jpg 460w\" sizes=\"(max-width: 300px) 100vw, 300px\" \/> (Foto Rovdjursf\u00f6reningen och Arbogatjejen L<strong>ina Ricklund<\/strong>)<\/p>\n<p><img loading=\"lazy\" class=\"alignnone size-medium wp-image-61553\" src=\"http:\/\/www.filindeblogg.nu\/wp-content\/uploads\/2015\/01\/bli_medlem-Nordulv-300x82.png\" alt=\"bli_medlem Nordulv\" width=\"300\" height=\"82\" srcset=\"http:\/\/www.filindeblogg.nu\/wp-content\/uploads\/2015\/01\/bli_medlem-Nordulv-300x82.png 300w, http:\/\/www.filindeblogg.nu\/wp-content\/uploads\/2015\/01\/bli_medlem-Nordulv.png 580w\" sizes=\"(max-width: 300px) 100vw, 300px\" \/> <strong>F\u00f6reningen Nordulv<\/strong> blir du medlem i <a href=\"http:\/\/www.nordulv.org\/\" target=\"_blank\"><strong>H\u00c4R!<\/strong><\/a><\/p>\n<p>Lokalbladen skriver ocks\u00e5 om den h\u00e4r beg\u00e5vade tjejen fr\u00e5n <strong>K\u00f6ping<\/strong> &#8211;<strong> Mikaela Loord<\/strong>! <img loading=\"lazy\" class=\"alignnone size-medium wp-image-61556\" src=\"http:\/\/www.filindeblogg.nu\/wp-content\/uploads\/2015\/01\/0101-225x300.jpg\" alt=\"010\" width=\"225\" height=\"300\" srcset=\"http:\/\/www.filindeblogg.nu\/wp-content\/uploads\/2015\/01\/0101-225x300.jpg 225w, http:\/\/www.filindeblogg.nu\/wp-content\/uploads\/2015\/01\/0101.jpg 450w\" sizes=\"(max-width: 225px) 100vw, 225px\" \/> L\u00e4s mera <a href=\"http:\/\/bblat.se\/nyheter\/koping\/1.2797385-mikaela-utvald-av-tommy-korberg\" target=\"_blank\"><strong>H\u00c4R<\/strong> <\/a>p\u00e5 <strong>Bbl\/AT!<\/strong><\/p>\n<p>Det h\u00e4r tyckte bloggaren var lite kul ocks\u00e5! N\u00e5got f\u00f6r en \u00f6vervintrad hippie kanske eller pension\u00e4r med barnasinnet kvar&#8230;<br \/>\n<strong>Studief\u00f6rbundet Vuxenskolan V\u00e4stmanland<\/strong> anordnar kurs i <strong><em>&#8221;Graffiti f\u00f6r seniorer&#8221;<\/em><\/strong>! <img loading=\"lazy\" class=\"alignnone size-medium wp-image-61557\" src=\"http:\/\/www.filindeblogg.nu\/wp-content\/uploads\/2015\/01\/Graffiti-f\u00f6r-vuxna-300x225.jpg\" alt=\"Graffiti f\u00f6r vuxna\" width=\"300\" height=\"225\" srcset=\"http:\/\/www.filindeblogg.nu\/wp-content\/uploads\/2015\/01\/Graffiti-f\u00f6r-vuxna-300x225.jpg 300w, http:\/\/www.filindeblogg.nu\/wp-content\/uploads\/2015\/01\/Graffiti-f\u00f6r-vuxna.jpg 600w\" sizes=\"(max-width: 300px) 100vw, 300px\" \/><br \/>\nJa, bara det sker under ordnade former s\u00e5 vi slipper se b\u00f6tf\u00e4llda seniorhuliganer s\u00e5 sm\u00e5ningom! \ud83d\ude00 <img loading=\"lazy\" class=\"alignnone size-full wp-image-61558\" src=\"http:\/\/www.filindeblogg.nu\/wp-content\/uploads\/2015\/01\/Klotter.jpg\" alt=\"Klotter\" width=\"137\" height=\"77\" \/><\/p>\n<p><strong>Tjugondag Knut<\/strong> i tisdags och julen dansades inte alls ut hemma hos bloggaren. Ljus- och hyacintmys kan man ha l\u00e4nge och julgranen f\u00e5r st\u00e5 kvar!<\/p>\n<p><img loading=\"lazy\" class=\"aligncenter size-medium wp-image-61559\" src=\"http:\/\/www.filindeblogg.nu\/wp-content\/uploads\/2015\/01\/003-300x225.jpg\" alt=\"003\" width=\"300\" height=\"225\" srcset=\"http:\/\/www.filindeblogg.nu\/wp-content\/uploads\/2015\/01\/003-300x225.jpg 300w, http:\/\/www.filindeblogg.nu\/wp-content\/uploads\/2015\/01\/003.jpg 600w\" sizes=\"(max-width: 300px) 100vw, 300px\" \/><\/p>\n","protected":false},"excerpt":{"rendered":"<p>Idag blir det lite klipp ur lokaltidningarna! F\u00f6rst ut den h\u00e4r: Magazin24 hade sin logotype tecknad ig\u00e5r f\u00f6r att hedra de m\u00f6rdade tecknarna p\u00e5 tidningen Charlie Hebdo. \u00a0I Arboga Tidning har det bland annat gn\u00e4llts p\u00e5 sn\u00f6r\u00f6jningen. Bloggaren tror dock att r\u00f6jningsarbetarna g\u00f6r precis s\u00e5 gott dom kan! Det \u00e4r extrem v\u00e4derlek just nu och [&hellip;]<\/p>\n","protected":false},"author":1,"featured_media":0,"comment_status":"open","ping_status":"open","sticky":false,"template":"","format":"standard","meta":[],"categories":[127,177,100,160,101,116,179,133],"tags":[],"_links":{"self":[{"href":"http:\/\/www.filindeblogg.nu\/index.php?rest_route=\/wp\/v2\/posts\/61540"}],"collection":[{"href":"http:\/\/www.filindeblogg.nu\/index.php?rest_route=\/wp\/v2\/posts"}],"about":[{"href":"http:\/\/www.filindeblogg.nu\/index.php?rest_route=\/wp\/v2\/types\/post"}],"author":[{"embeddable":true,"href":"http:\/\/www.filindeblogg.nu\/index.php?rest_route=\/wp\/v2\/users\/1"}],"replies":[{"embeddable":true,"href":"http:\/\/www.filindeblogg.nu\/index.php?rest_route=%2Fwp%2Fv2%2Fcomments&post=61540"}],"version-history":[{"count":3,"href":"http:\/\/www.filindeblogg.nu\/index.php?rest_route=\/wp\/v2\/posts\/61540\/revisions"}],"predecessor-version":[{"id":61562,"href":"http:\/\/www.filindeblogg.nu\/index.php?rest_route=\/wp\/v2\/posts\/61540\/revisions\/61562"}],"wp:attachment":[{"href":"http:\/\/www.filindeblogg.nu\/index.php?rest_route=%2Fwp%2Fv2%2Fmedia&parent=61540"}],"wp:term":[{"taxonomy":"category","embeddable":true,"href":"http:\/\/www.filindeblogg.nu\/index.php?rest_route=%2Fwp%2Fv2%2Fcategories&post=61540"},{"taxonomy":"post_tag","embeddable":true,"href":"http:\/\/www.filindeblogg.nu\/index.php?rest_route=%2Fwp%2Fv2%2Ftags&post=61540"}],"curies":[{"name":"wp","href":"https:\/\/api.w.org\/{rel}","templated":true}]}}