{"id":61508,"date":"2015-01-13T14:32:14","date_gmt":"2015-01-13T13:32:14","guid":{"rendered":"http:\/\/www.filindeblogg.nu\/?p=61508"},"modified":"2015-01-13T14:35:50","modified_gmt":"2015-01-13T13:35:50","slug":"tjugondag-knut-da-dansas-julen-ut-2","status":"publish","type":"post","link":"http:\/\/www.filindeblogg.nu\/?p=61508","title":{"rendered":"Tjugondag Knut &#8211; d\u00e5 dansas julen ut&#8230;"},"content":{"rendered":"<p><img loading=\"lazy\" class=\"alignnone size-medium wp-image-61509\" src=\"http:\/\/www.filindeblogg.nu\/wp-content\/uploads\/2015\/01\/0081-225x300.jpg\" alt=\"008\" width=\"225\" height=\"300\" srcset=\"http:\/\/www.filindeblogg.nu\/wp-content\/uploads\/2015\/01\/0081-225x300.jpg 225w, http:\/\/www.filindeblogg.nu\/wp-content\/uploads\/2015\/01\/0081.jpg 450w\" sizes=\"(max-width: 225px) 100vw, 225px\" \/> Vinter m\u00f6ter v\u00e5r! <strong>Tjugondag Knut<\/strong> idag och d\u00e5 ska julen dansas ut enligt traditionen.<\/p>\n<p>Fast inte hos bloggaren! <img loading=\"lazy\" class=\"alignnone size-medium wp-image-61510\" src=\"http:\/\/www.filindeblogg.nu\/wp-content\/uploads\/2015\/01\/0061-225x300.jpg\" alt=\"006\" width=\"225\" height=\"300\" srcset=\"http:\/\/www.filindeblogg.nu\/wp-content\/uploads\/2015\/01\/0061-225x300.jpg 225w, http:\/\/www.filindeblogg.nu\/wp-content\/uploads\/2015\/01\/0061.jpg 450w\" sizes=\"(max-width: 225px) 100vw, 225px\" \/><\/p>\n<p><img loading=\"lazy\" class=\"alignnone  wp-image-61511\" src=\"http:\/\/www.filindeblogg.nu\/wp-content\/uploads\/2015\/01\/0171-225x300.jpg\" alt=\"017\" width=\"176\" height=\"235\" srcset=\"http:\/\/www.filindeblogg.nu\/wp-content\/uploads\/2015\/01\/0171-225x300.jpg 225w, http:\/\/www.filindeblogg.nu\/wp-content\/uploads\/2015\/01\/0171.jpg 450w\" sizes=\"(max-width: 176px) 100vw, 176px\" \/> Hos oss blir julgranen kvar ett tag till! F\u00e4rsk och fin, nyhuggen var den n\u00e4r den kom till oss dagen f\u00f6re julafton. Lite speciell ocks\u00e5 med sina sm\u00e5 kottar. <img loading=\"lazy\" class=\"alignnone  wp-image-61512\" src=\"http:\/\/www.filindeblogg.nu\/wp-content\/uploads\/2015\/01\/021-300x225.jpg\" alt=\"021\" width=\"240\" height=\"180\" srcset=\"http:\/\/www.filindeblogg.nu\/wp-content\/uploads\/2015\/01\/021-300x225.jpg 300w, http:\/\/www.filindeblogg.nu\/wp-content\/uploads\/2015\/01\/021.jpg 600w\" sizes=\"(max-width: 240px) 100vw, 240px\" \/><\/p>\n<p>Dricker vatten g\u00f6r granen varje dag och snart tror bloggaren att granen kommer att f\u00e5 lika fina, gr\u00f6na skott som granen fick efter f\u00f6rra julen. <img loading=\"lazy\" class=\"alignnone  wp-image-61513\" src=\"http:\/\/www.filindeblogg.nu\/wp-content\/uploads\/2015\/01\/0181-225x300.jpg\" alt=\"018\" width=\"163\" height=\"217\" srcset=\"http:\/\/www.filindeblogg.nu\/wp-content\/uploads\/2015\/01\/0181-225x300.jpg 225w, http:\/\/www.filindeblogg.nu\/wp-content\/uploads\/2015\/01\/0181.jpg 450w\" sizes=\"(max-width: 163px) 100vw, 163px\" \/> Inte kan man sl\u00e4nga ut en s\u00e5dan fin gran!! Den f\u00e5r allt stanna kvar &#8211; om inte enda till <em>&#8221;p\u00e5ska&#8221;<\/em> &#8211; s\u00e5 <em>&#8221;d\u00e4remellan kommer fastan&#8221;<\/em> och d\u00e5 kan det kanske vara dags! \ud83d\ude09<\/p>\n<p><img loading=\"lazy\" class=\"aligncenter size-medium wp-image-61514\" src=\"http:\/\/www.filindeblogg.nu\/wp-content\/uploads\/2015\/01\/0051-225x300.jpg\" alt=\"005\" width=\"225\" height=\"300\" srcset=\"http:\/\/www.filindeblogg.nu\/wp-content\/uploads\/2015\/01\/0051-225x300.jpg 225w, http:\/\/www.filindeblogg.nu\/wp-content\/uploads\/2015\/01\/0051.jpg 450w\" sizes=\"(max-width: 225px) 100vw, 225px\" \/><\/p>\n<p><img loading=\"lazy\" class=\"alignnone size-full wp-image-61515\" src=\"http:\/\/www.filindeblogg.nu\/wp-content\/uploads\/2015\/01\/Halkvarning.jpg\" alt=\"Halkvarning\" width=\"150\" height=\"113\" \/>\u00a0Annat \u00e4n <strong>Knut<\/strong> att tala om idag \u00e4r V\u00c4DRET! Ett s\u00e5dan helvetes v\u00e4der vi f\u00e5tt, rent ut sagt! F\u00f6rst massor av sn\u00f6 med kaos p\u00e5 grund av det. Sen t\u00f6v\u00e4der och regn. D\u00e4refter fryser det p\u00e5 s\u00e5 att sn\u00f6r\u00f6jda v\u00e4gar blir som tv\u00e4ttbr\u00e4den och renplogade gator blir ishala! <img loading=\"lazy\" class=\"alignnone size-full wp-image-61516\" src=\"http:\/\/www.filindeblogg.nu\/wp-content\/uploads\/2015\/01\/Halka-p\u00e5-is.jpg\" alt=\"Halka p\u00e5 is\" width=\"116\" height=\"104\" \/><\/p>\n<p>S\u00e5 h\u00e4r s\u00e5g <strong>\u00d6stra Nygatan i Arboga<\/strong> ut imorse: <img loading=\"lazy\" class=\"alignnone size-medium wp-image-61517\" src=\"http:\/\/www.filindeblogg.nu\/wp-content\/uploads\/2015\/01\/0041-225x300.jpg\" alt=\"004\" width=\"225\" height=\"300\" srcset=\"http:\/\/www.filindeblogg.nu\/wp-content\/uploads\/2015\/01\/0041-225x300.jpg 225w, http:\/\/www.filindeblogg.nu\/wp-content\/uploads\/2015\/01\/0041.jpg 450w\" sizes=\"(max-width: 225px) 100vw, 225px\" \/> Glansis!<\/p>\n<p><img loading=\"lazy\" class=\"alignnone size-full wp-image-61518\" src=\"http:\/\/www.filindeblogg.nu\/wp-content\/uploads\/2015\/01\/Halka-p\u00e5-is-barn.jpg\" alt=\"Halka p\u00e5 is barn\" width=\"129\" height=\"108\" \/>Se upp n\u00e4r ni \u00e4r ute och g\u00e5r!! Bloggaren var ute p\u00e5 en mycket l\u00e5ngsam promenad idag och s\u00e5g flera halka och en person slog sig rej\u00e4lt n\u00e4r han f\u00f6ll handl\u00f6st! Som tur var br\u00f6t han ingenting.<\/p>\n<p><img loading=\"lazy\" class=\"alignnone size-full wp-image-61519\" src=\"http:\/\/www.filindeblogg.nu\/wp-content\/uploads\/2015\/01\/Gipsad-arm.jpg\" alt=\"Gipsad arm\" width=\"60\" height=\"115\" \/>Vad g\u00f6r man d\u00e5 om man inte vill riskera liv och lem och \u00e4nd\u00e5 inte beh\u00f6va stanna inomhus!?<\/p>\n<p>Broddar! <img loading=\"lazy\" class=\"alignnone size-full wp-image-61521\" src=\"http:\/\/www.filindeblogg.nu\/wp-content\/uploads\/2015\/01\/Broddar-gigantiska.jpg\" alt=\"Broddar gigantiska\" width=\"145\" height=\"145\" srcset=\"http:\/\/www.filindeblogg.nu\/wp-content\/uploads\/2015\/01\/Broddar-gigantiska.jpg 145w, http:\/\/www.filindeblogg.nu\/wp-content\/uploads\/2015\/01\/Broddar-gigantiska-144x144.jpg 144w\" sizes=\"(max-width: 145px) 100vw, 145px\" \/><\/p>\n<p>T\u00f6nt- och tantvarning ska ignoreras! Broddar kan g\u00f6ra att du slipper ben i paket! <img loading=\"lazy\" class=\"alignnone size-full wp-image-61520\" src=\"http:\/\/www.filindeblogg.nu\/wp-content\/uploads\/2015\/01\/Gipsat-ben.gif\" alt=\"Gipsat ben\" width=\"180\" height=\"149\" \/><\/p>\n<p><a href=\"http:\/\/www.test.se\/halkskyddbroddar\/\" target=\"_blank\"><strong>H\u00c4R<\/strong> <\/a>kan du l\u00e4sa en av de tester som finns av broddar eller halkskydd som de ocks\u00e5 kallas!<\/p>\n<p>Och <a href=\"http:\/\/www.apotea.se\/sok\/?q=Halkskydd\" target=\"_blank\"><strong>H\u00c4R<\/strong> <\/a>hittar du vad apoteket <strong>(Apotea.se)<\/strong> har att v\u00e4lja emellan! P\u00e5 denna sida kan du ocks\u00e5 best\u00e4lla \u00f6ver n\u00e4tet.<\/p>\n<p>Bloggaren har de h\u00e4r broddarna: <img loading=\"lazy\" class=\"alignnone size-full wp-image-61522\" src=\"http:\/\/www.filindeblogg.nu\/wp-content\/uploads\/2015\/01\/Tv\u00e4rstopp-Apotea.jpg\" alt=\"Tv\u00e4rstopp Apotea\" width=\"130\" height=\"92\" \/> <strong>&#8221;Tv\u00e4rstopp&#8221;<\/strong> kallas de och \u00e4r l\u00e4tta att montera p\u00e5 st\u00f6vel eller sko. Dock b\u00f6r man se upp med halka p\u00e5 fr\u00e4mre delen av foten om man b\u00e4r dessa. Finns p\u00e5<strong> Apotea.se<\/strong> f\u00f6r 179 kr.<\/p>\n<p><strong><img loading=\"lazy\" class=\"alignnone  wp-image-61525\" src=\"http:\/\/www.filindeblogg.nu\/wp-content\/uploads\/2015\/01\/Sn\u00f6kaos-M24-300x120.jpg\" alt=\"Sn\u00f6kaos M24\" width=\"233\" height=\"93\" srcset=\"http:\/\/www.filindeblogg.nu\/wp-content\/uploads\/2015\/01\/Sn\u00f6kaos-M24-300x120.jpg 300w, http:\/\/www.filindeblogg.nu\/wp-content\/uploads\/2015\/01\/Sn\u00f6kaos-M24.jpg 520w\" sizes=\"(max-width: 233px) 100vw, 233px\" \/>\u00a0Magazin24<\/strong> skrive<a href=\"http:\/\/magazin24.se\/nyheter\/vastmanland\/2015\/01\/12\/manga-har-halkat-kaos-pa-akuten\" target=\"_blank\"><strong>r H\u00c4R<\/strong><\/a> om <strong><em>&#8221;kaos p\u00e5 akuten&#8221;<\/em> <\/strong>p\u00e5 grund av olyckor i samband med halkan.<\/p>\n<p><a href=\"http:\/\/bblat.se\/nyheter\/koping\/1.2795754-sa-har-ar-halklaget-just-nu\" target=\"_blank\"><strong>H\u00c4R<\/strong> <\/a>ger <strong>B\u00e4rgslagsbladet\/Arboga Tidning<\/strong> dig <strong><em>&#8221;halkl\u00e4get just nu&#8221;<\/em><\/strong>! <img loading=\"lazy\" class=\"alignnone  wp-image-61527\" src=\"http:\/\/www.filindeblogg.nu\/wp-content\/uploads\/2015\/01\/Halkl\u00e4get-BblAT-300x168.jpg\" alt=\"Halkl\u00e4get BblAT\" width=\"237\" height=\"133\" srcset=\"http:\/\/www.filindeblogg.nu\/wp-content\/uploads\/2015\/01\/Halkl\u00e4get-BblAT-300x168.jpg 300w, http:\/\/www.filindeblogg.nu\/wp-content\/uploads\/2015\/01\/Halkl\u00e4get-BblAT.jpg 860w\" sizes=\"(max-width: 237px) 100vw, 237px\" \/><\/p>\n<p><img loading=\"lazy\" class=\"alignnone  wp-image-61528\" src=\"http:\/\/www.filindeblogg.nu\/wp-content\/uploads\/2015\/01\/Frakturakaos-i-l\u00e4net-NA-300x168.jpg\" alt=\"Frakturakaos i l\u00e4net NA\" width=\"218\" height=\"122\" srcset=\"http:\/\/www.filindeblogg.nu\/wp-content\/uploads\/2015\/01\/Frakturakaos-i-l\u00e4net-NA-300x168.jpg 300w, http:\/\/www.filindeblogg.nu\/wp-content\/uploads\/2015\/01\/Frakturakaos-i-l\u00e4net-NA.jpg 860w\" sizes=\"(max-width: 218px) 100vw, 218px\" \/>\u00a0P\u00e5 <strong>Nerikes Allehanda<\/strong> &#8211; <a href=\"http:\/\/na.se\/nyheter\/orebro\/1.2795554-frakturkaos-i-lanet-134-drabbade\" target=\"_blank\"><strong>H\u00c4R<\/strong><\/a> &#8211; rapporterar man om <strong><em>&#8221;frakturkaos&#8221;<\/em> <\/strong>bland annat p\u00e5 <strong>US\u00d6<\/strong>, <strong>\u00d6rebro. <\/strong>134 drabbade hittills och avdelningschef <strong>Emma Hagenfalk<\/strong> p\u00e5 US\u00d6 s\u00e4ger, citat:<strong><em> &#8221;\u2013 Det h\u00e4r \u00e4r det v\u00e4rsta vi har varit med om n\u00e5gonsin.&#8221;<\/em><\/strong><\/p>\n<p>Som om inte halkan vore nog s\u00e5 t\u00f6ar det i Arboga idag och under bloggarens saktf\u00e4rdiga promenad b\u00f6rjade det rasa ner sn\u00f6massor fr\u00e5n taken! <img loading=\"lazy\" class=\"alignnone size-medium wp-image-61524\" src=\"http:\/\/www.filindeblogg.nu\/wp-content\/uploads\/2015\/01\/0111-225x300.jpg\" alt=\"011\" width=\"225\" height=\"300\" srcset=\"http:\/\/www.filindeblogg.nu\/wp-content\/uploads\/2015\/01\/0111-225x300.jpg 225w, http:\/\/www.filindeblogg.nu\/wp-content\/uploads\/2015\/01\/0111.jpg 450w\" sizes=\"(max-width: 225px) 100vw, 225px\" \/><\/p>\n<p><img loading=\"lazy\" class=\"alignnone size-full wp-image-61533\" src=\"http:\/\/www.filindeblogg.nu\/wp-content\/uploads\/2015\/01\/Halka-igen.jpg\" alt=\"Halka igen\" width=\"88\" height=\"73\" \/>\u00a0Var r\u00e4dda om er idag och ta det f\u00f6rsiktigt med juldansen om granen ska plundras och adventsstakarna ska v\u00e4ck! \ud83d\ude42<\/p>\n<p><img loading=\"lazy\" class=\"aligncenter size-medium wp-image-61526\" src=\"http:\/\/www.filindeblogg.nu\/wp-content\/uploads\/2015\/01\/001-300x260.jpg\" alt=\"001\" width=\"300\" height=\"260\" srcset=\"http:\/\/www.filindeblogg.nu\/wp-content\/uploads\/2015\/01\/001-300x260.jpg 300w, http:\/\/www.filindeblogg.nu\/wp-content\/uploads\/2015\/01\/001.jpg 504w\" sizes=\"(max-width: 300px) 100vw, 300px\" \/><\/p>\n","protected":false},"excerpt":{"rendered":"<p>Vinter m\u00f6ter v\u00e5r! Tjugondag Knut idag och d\u00e5 ska julen dansas ut enligt traditionen. Fast inte hos bloggaren! Hos oss blir julgranen kvar ett tag till! F\u00e4rsk och fin, nyhuggen var den n\u00e4r den kom till oss dagen f\u00f6re julafton. Lite speciell ocks\u00e5 med sina sm\u00e5 kottar. Dricker vatten g\u00f6r granen varje dag och snart [&hellip;]<\/p>\n","protected":false},"author":1,"featured_media":0,"comment_status":"open","ping_status":"open","sticky":false,"template":"","format":"standard","meta":[],"categories":[127,177,178,100,170,101,179,124],"tags":[],"_links":{"self":[{"href":"http:\/\/www.filindeblogg.nu\/index.php?rest_route=\/wp\/v2\/posts\/61508"}],"collection":[{"href":"http:\/\/www.filindeblogg.nu\/index.php?rest_route=\/wp\/v2\/posts"}],"about":[{"href":"http:\/\/www.filindeblogg.nu\/index.php?rest_route=\/wp\/v2\/types\/post"}],"author":[{"embeddable":true,"href":"http:\/\/www.filindeblogg.nu\/index.php?rest_route=\/wp\/v2\/users\/1"}],"replies":[{"embeddable":true,"href":"http:\/\/www.filindeblogg.nu\/index.php?rest_route=%2Fwp%2Fv2%2Fcomments&post=61508"}],"version-history":[{"count":5,"href":"http:\/\/www.filindeblogg.nu\/index.php?rest_route=\/wp\/v2\/posts\/61508\/revisions"}],"predecessor-version":[{"id":61534,"href":"http:\/\/www.filindeblogg.nu\/index.php?rest_route=\/wp\/v2\/posts\/61508\/revisions\/61534"}],"wp:attachment":[{"href":"http:\/\/www.filindeblogg.nu\/index.php?rest_route=%2Fwp%2Fv2%2Fmedia&parent=61508"}],"wp:term":[{"taxonomy":"category","embeddable":true,"href":"http:\/\/www.filindeblogg.nu\/index.php?rest_route=%2Fwp%2Fv2%2Fcategories&post=61508"},{"taxonomy":"post_tag","embeddable":true,"href":"http:\/\/www.filindeblogg.nu\/index.php?rest_route=%2Fwp%2Fv2%2Ftags&post=61508"}],"curies":[{"name":"wp","href":"https:\/\/api.w.org\/{rel}","templated":true}]}}