{"id":6145,"date":"2009-06-07T10:20:59","date_gmt":"2009-06-07T09:20:59","guid":{"rendered":"http:\/\/www.filindeblogg.nu\/?p=6145"},"modified":"2009-06-07T10:31:39","modified_gmt":"2009-06-07T09:31:39","slug":"en-omojlig-student","status":"publish","type":"post","link":"http:\/\/www.filindeblogg.nu\/?p=6145","title":{"rendered":"En om\u00f6jlig student"},"content":{"rendered":"<p><img loading=\"lazy\" class=\"aligncenter size-full wp-image-6146\" title=\"sorg-foto\" src=\"http:\/\/www.filindeblogg.nu\/wp-content\/uploads\/2009\/06\/sorg-foto.jpeg\" alt=\"sorg-foto\" width=\"106\" height=\"103\" \/><\/p>\n<p>Idag gr\u00e4t jag en skv\u00e4tt n\u00e4r jag l\u00e4ste <a href=\"http:\/\/www.dn.se\/livsstil\/livsstilsreportage\/rasmus-en-alldeles-sarskild-student-1.885356\">DN:s<\/a> reportage om <em><strong>&#8221;Rasmus &#8211; en alldeles s\u00e4rskild student&#8221;<\/strong><\/em><a href=\"http:\/\/www.svd.se\/kulturnoje\/nyheter\/artikel_3019039.svd\">.<\/a> Gr\u00e4t \u00f6ver alla Rasmusar som finns. \u00d6ver alla de som k\u00e4mpar en n\u00e4st intill om\u00f6jlig kamp. Men gr\u00e4t ocks\u00e5 \u00f6ver\u00a0 Rasmusar som inte har lika stor tur. Som inte hittat r\u00e4tt v\u00e4g, som malts ner i det svarta skoltr\u00e4sket av utanf\u00f6rskap och IV-program.<\/p>\n<p>Jag k\u00e4nner en blivande student som lyckats. Hon var utr\u00e4knad redan i f\u00f6rsta klass. Klassades som om\u00f6jlig av de l\u00e4rare hon fick. Bollades mellan olika sm\u00e5grupper och k\u00e4llarundervisning. Fick en grundskola icke v\u00e4rd namnet. Har aldrig f\u00e5tt l\u00e4sa \u00e4mnen som andra elever f\u00e5tt<a href=\"http:\/\/www.aftonbladet.se\/nyheter\/euvalet\/article5310210.ab\">.<\/a> Tiggde och bad om att f\u00e5 undervisning i fysik och kemi &#8211; det gick inte.<\/p>\n<p><em>&#8221;-Det \u00e4r IV-programmet som g\u00e4ller f\u00f6r henne&#8221; <\/em>sa rektorn. Hon beh\u00f6vde inte ens s\u00f6ka till gymnasieskolan &#8211; hon var redan inf\u00f6rd p\u00e5 IV&#8230;<br \/>\nMen det var inte det hon ville! Hon slet som ett djur i 9:an och klarade sig n\u00e4stan. Betyget godk\u00e4nt i matte, engelska och svenska kr\u00e4vdes f\u00f6r att komma in p\u00e5 gymnasiet. Hon k\u00e4mpade men klarade inte matten. Inte alls konstigt eftersom hon f\u00f6rst i 8:an fin l\u00e4ra sig matematik<a href=\"http:\/\/www.expressen.se\/Nyheter\/eu-valet2009\/1.1597793\/har-ar-anna-maria-corazza-bildt-ute-och-cyklar\">.<\/a><br \/>\nFlickan jag k\u00e4nner togs in \u00e4nd\u00e5 p\u00e5 det program hon ville g\u00e5 i gymnasieskolan &#8211; mot att hon l\u00e4ste in 9:ans matte f\u00f6r godk\u00e4nt betyg. Hon gjorde det samtidigt med gymnasiematten i ettan<a href=\"http:\/\/nyligen.se\/\">!<\/a><\/p>\n<p>Nu har tre \u00e5r g\u00e5tt. Flickan jag k\u00e4nner har k\u00e4mpat oerh\u00f6rt h\u00e5rt. Under dessa \u00e5r har hon mestadels varit halvt sjukskriven p.g.a. sina sv\u00e5righeter att koncentrera sig. Trots detta \u00e4r hon nu klar! Hon tar studenten p\u00e5 fredag med betyg i alla \u00e4mnen och bra betyg! Student mot alla odds!<\/p>\n<p><strong>Men inte ska det f\u00e5 vara s\u00e5 h\u00e4r! Inte ska v\u00e4l skolan f\u00e5\u00a0 behandla de elever som har det sv\u00e5rast &#8211; s\u00e4mst! Inte ska utklassningen mot arbetsl\u00f6shet starta redan i f\u00f6rsta klass!<\/strong><br \/>\n<strong>I mitt fall r\u00f6r det sig dessutom om en h\u00f6gst intelligent person som fr\u00e5ntagits alla sina r\u00e4ttigheter i skolan. Skandal!<\/strong><\/p>\n<p>Jag vet att studenten jag talar om k\u00e4nner stor tacksamhet mot de f\u00e5 som har trott p\u00e5 henne under \u00e5rens g\u00e5ng. Med deras hj\u00e4lp, med familjens st\u00f6d och med hennes egen ob\u00e4ndiga vilja \u00e4r hon student p\u00e5 fredag mot alla odds!<\/p>\n","protected":false},"excerpt":{"rendered":"<p>Idag gr\u00e4t jag en skv\u00e4tt n\u00e4r jag l\u00e4ste DN:s reportage om &#8221;Rasmus &#8211; en alldeles s\u00e4rskild student&#8221;. Gr\u00e4t \u00f6ver alla Rasmusar som finns. \u00d6ver alla de som k\u00e4mpar en n\u00e4st intill om\u00f6jlig kamp. Men gr\u00e4t ocks\u00e5 \u00f6ver\u00a0 Rasmusar som inte har lika stor tur. Som inte hittat r\u00e4tt v\u00e4g, som malts ner i det svarta [&hellip;]<\/p>\n","protected":false},"author":1,"featured_media":0,"comment_status":"open","ping_status":"open","sticky":false,"template":"","format":"standard","meta":[],"categories":[107,100,101],"tags":[],"_links":{"self":[{"href":"http:\/\/www.filindeblogg.nu\/index.php?rest_route=\/wp\/v2\/posts\/6145"}],"collection":[{"href":"http:\/\/www.filindeblogg.nu\/index.php?rest_route=\/wp\/v2\/posts"}],"about":[{"href":"http:\/\/www.filindeblogg.nu\/index.php?rest_route=\/wp\/v2\/types\/post"}],"author":[{"embeddable":true,"href":"http:\/\/www.filindeblogg.nu\/index.php?rest_route=\/wp\/v2\/users\/1"}],"replies":[{"embeddable":true,"href":"http:\/\/www.filindeblogg.nu\/index.php?rest_route=%2Fwp%2Fv2%2Fcomments&post=6145"}],"version-history":[{"count":6,"href":"http:\/\/www.filindeblogg.nu\/index.php?rest_route=\/wp\/v2\/posts\/6145\/revisions"}],"predecessor-version":[{"id":6152,"href":"http:\/\/www.filindeblogg.nu\/index.php?rest_route=\/wp\/v2\/posts\/6145\/revisions\/6152"}],"wp:attachment":[{"href":"http:\/\/www.filindeblogg.nu\/index.php?rest_route=%2Fwp%2Fv2%2Fmedia&parent=6145"}],"wp:term":[{"taxonomy":"category","embeddable":true,"href":"http:\/\/www.filindeblogg.nu\/index.php?rest_route=%2Fwp%2Fv2%2Fcategories&post=6145"},{"taxonomy":"post_tag","embeddable":true,"href":"http:\/\/www.filindeblogg.nu\/index.php?rest_route=%2Fwp%2Fv2%2Ftags&post=6145"}],"curies":[{"name":"wp","href":"https:\/\/api.w.org\/{rel}","templated":true}]}}