{"id":61404,"date":"2015-01-08T09:52:27","date_gmt":"2015-01-08T08:52:27","guid":{"rendered":"http:\/\/www.filindeblogg.nu\/?p=61404"},"modified":"2015-01-08T09:52:27","modified_gmt":"2015-01-08T08:52:27","slug":"jag-ar-tillbaka","status":"publish","type":"post","link":"http:\/\/www.filindeblogg.nu\/?p=61404","title":{"rendered":"Jag \u00e4r tillbaka!"},"content":{"rendered":"<p><img loading=\"lazy\" class=\"alignnone size-full wp-image-61405\" src=\"http:\/\/www.filindeblogg.nu\/wp-content\/uploads\/2015\/01\/Ill-be-back.jpg\" alt=\"Ill be back\" width=\"102\" height=\"93\" \/> Som bloggaren lovade: <strong><em>&#8221;I&#8217;ll be back&#8221;<\/em> <\/strong>och s\u00e5 \u00e4r det nu!<\/p>\n<p>Med tanke p\u00e5 den fruktansv\u00e4rda h\u00e4ndelsen i <strong>Paris<\/strong> ig\u00e5r har bloggaren skalat bort en del av bilden ovan.<\/p>\n<p><img loading=\"lazy\" class=\"aligncenter size-medium wp-image-61406\" src=\"http:\/\/www.filindeblogg.nu\/wp-content\/uploads\/2015\/01\/Det-fria-ordet-v\u00e4rnas-300x300.jpg\" alt=\"Det fria ordet v\u00e4rnas\" width=\"300\" height=\"300\" srcset=\"http:\/\/www.filindeblogg.nu\/wp-content\/uploads\/2015\/01\/Det-fria-ordet-v\u00e4rnas-300x300.jpg 300w, http:\/\/www.filindeblogg.nu\/wp-content\/uploads\/2015\/01\/Det-fria-ordet-v\u00e4rnas-150x150.jpg 150w, http:\/\/www.filindeblogg.nu\/wp-content\/uploads\/2015\/01\/Det-fria-ordet-v\u00e4rnas-144x144.jpg 144w, http:\/\/www.filindeblogg.nu\/wp-content\/uploads\/2015\/01\/Det-fria-ordet-v\u00e4rnas.jpg 480w\" sizes=\"(max-width: 300px) 100vw, 300px\" \/><\/p>\n<p>Det fria ordet f\u00e5r aldrig stoppas! Oavsett vad det g\u00e4ller! <img loading=\"lazy\" class=\"alignnone size-medium wp-image-61407\" src=\"http:\/\/www.filindeblogg.nu\/wp-content\/uploads\/2015\/01\/Je-suis-Charlie-300x300.jpg\" alt=\"Je suis Charlie\" width=\"300\" height=\"300\" srcset=\"http:\/\/www.filindeblogg.nu\/wp-content\/uploads\/2015\/01\/Je-suis-Charlie-300x300.jpg 300w, http:\/\/www.filindeblogg.nu\/wp-content\/uploads\/2015\/01\/Je-suis-Charlie-150x150.jpg 150w, http:\/\/www.filindeblogg.nu\/wp-content\/uploads\/2015\/01\/Je-suis-Charlie-144x144.jpg 144w, http:\/\/www.filindeblogg.nu\/wp-content\/uploads\/2015\/01\/Je-suis-Charlie.jpg 480w\" sizes=\"(max-width: 300px) 100vw, 300px\" \/><\/p>\n<p><img loading=\"lazy\" class=\"alignnone  wp-image-61408\" src=\"http:\/\/www.filindeblogg.nu\/wp-content\/uploads\/2015\/01\/042-300x225.jpg\" alt=\"042\" width=\"183\" height=\"137\" srcset=\"http:\/\/www.filindeblogg.nu\/wp-content\/uploads\/2015\/01\/042-300x225.jpg 300w, http:\/\/www.filindeblogg.nu\/wp-content\/uploads\/2015\/01\/042.jpg 600w\" sizes=\"(max-width: 183px) 100vw, 183px\" \/> Dagarna har runnit iv\u00e4g men nu \u00e4r bloggen tillbaka men b\u00e5de lite ris och lite ros f\u00f6rst\u00e5s. Vi b\u00f6rjar med riset.<\/p>\n<p>Caf\u00e9et p\u00e5 <strong>Arboga Station<\/strong> m\u00e5 vara ig\u00e5ng igen men aningen felplacerat &#8211; fel fr\u00e5n b\u00f6rjan vid planeringen, byggnationen.<br \/>\nF\u00e5 personer som v\u00e4ntar p\u00e5 f\u00f6rsenade t\u00e5g v\u00e5gar sitta och fika i caf\u00e9et som ligger en bit fr\u00e5n perrongen. Man ser heller inte t\u00e5gen sp\u00e5romr\u00e5det fr\u00e5n caf\u00e9et. Dumt!<\/p>\n<p><img loading=\"lazy\" class=\"alignnone  wp-image-61409\" src=\"http:\/\/www.filindeblogg.nu\/wp-content\/uploads\/2015\/01\/2720-300x225.jpg\" alt=\"2720\" width=\"185\" height=\"139\" srcset=\"http:\/\/www.filindeblogg.nu\/wp-content\/uploads\/2015\/01\/2720-300x225.jpg 300w, http:\/\/www.filindeblogg.nu\/wp-content\/uploads\/2015\/01\/2720.jpg 600w\" sizes=\"(max-width: 185px) 100vw, 185px\" \/> Det betyder att folk samlas i det lilla utrymme som finns p\u00e5 perrongen! 27 december s\u00e5g det ut s\u00e5 h\u00e4r. <img loading=\"lazy\" class=\"alignnone  wp-image-61410\" src=\"http:\/\/www.filindeblogg.nu\/wp-content\/uploads\/2015\/01\/2722-300x225.jpg\" alt=\"2722\" width=\"241\" height=\"181\" srcset=\"http:\/\/www.filindeblogg.nu\/wp-content\/uploads\/2015\/01\/2722-300x225.jpg 300w, http:\/\/www.filindeblogg.nu\/wp-content\/uploads\/2015\/01\/2722.jpg 600w\" sizes=\"(max-width: 241px) 100vw, 241px\" \/> I det lilla utrymmet ovanf\u00f6r trapporna stod alla och tr\u00e4ngdes. Fullt med bagage och det gick knappt att ta sig upp f\u00f6r trappan f\u00f6r alla m\u00e4nniskor.<br \/>\nOch nej, t\u00e5get var inte f\u00f6rsenat men tv\u00e5 avg\u00e5ngar relativt n\u00e4ra varandra &#8211; mot <strong>G\u00f6teborg<\/strong> resp. <strong>Stockholm<\/strong> gjorde att folk h\u00e4ckade i det minimala utrymmet.<\/p>\n<p>F\u00f6rslag: Bygg ut &#8221;v\u00e4ntrummet&#8221; en bit! Det finns m\u00f6jligheter s\u00e5g vi! Vem som b\u00e4r ansvaret \u00e4r fr\u00e5gan? Banverket eller kommunen? Det borde i alla fall ligga i <strong>Arboga kommun<\/strong>s intresse att f\u00e5 till en l\u00f6sning. N\u00e5got f\u00f6r <strong>Per<\/strong> <strong>Boberg<\/strong> och <strong>Ingemar Johansson<\/strong> att bita i och \u00e4ven <strong>Agneta Bode<\/strong> f\u00f6rhoppningsvis!<\/p>\n<p><img loading=\"lazy\" class=\"alignnone  wp-image-61411\" src=\"http:\/\/www.filindeblogg.nu\/wp-content\/uploads\/2015\/01\/GetAttachment2-Kopia.jpg\" alt=\"GetAttachment[2] - Kopia\" width=\"102\" height=\"137\" \/> N\u00e4r ny\u00e5rshelgen avklarats var det dags att bege sig hem\u00e5t!<\/p>\n<p><img loading=\"lazy\" class=\"alignnone  wp-image-61412\" src=\"http:\/\/www.filindeblogg.nu\/wp-content\/uploads\/2015\/01\/040-225x300.jpg\" alt=\"040\" width=\"156\" height=\"208\" srcset=\"http:\/\/www.filindeblogg.nu\/wp-content\/uploads\/2015\/01\/040-225x300.jpg 225w, http:\/\/www.filindeblogg.nu\/wp-content\/uploads\/2015\/01\/040.jpg 450w\" sizes=\"(max-width: 156px) 100vw, 156px\" \/> En fika p\u00e5 <strong>G\u00f6teborgs Central&#8230;<br \/>\n<\/strong>och detta uppt\u00e4cktes: <img loading=\"lazy\" class=\"alignnone  wp-image-61413\" src=\"http:\/\/www.filindeblogg.nu\/wp-content\/uploads\/2015\/01\/038-225x300.jpg\" alt=\"038\" width=\"149\" height=\"199\" srcset=\"http:\/\/www.filindeblogg.nu\/wp-content\/uploads\/2015\/01\/038-225x300.jpg 225w, http:\/\/www.filindeblogg.nu\/wp-content\/uploads\/2015\/01\/038.jpg 450w\" sizes=\"(max-width: 149px) 100vw, 149px\" \/> Lite suddig bild &#8211; vi tittar n\u00e4rmare: <img loading=\"lazy\" class=\"alignnone size-medium wp-image-61414\" src=\"http:\/\/www.filindeblogg.nu\/wp-content\/uploads\/2015\/01\/039-225x300.jpg\" alt=\"039\" width=\"225\" height=\"300\" srcset=\"http:\/\/www.filindeblogg.nu\/wp-content\/uploads\/2015\/01\/039-225x300.jpg 225w, http:\/\/www.filindeblogg.nu\/wp-content\/uploads\/2015\/01\/039.jpg 450w\" sizes=\"(max-width: 225px) 100vw, 225px\" \/> En paraplyautomat!! \ud83d\ude00<br \/>\nPassar perfekt med paraply idag n\u00e4r sn\u00f6n ig\u00e5r f\u00f6rbytts till regn och slask.<\/p>\n<p><img loading=\"lazy\" class=\"alignnone  wp-image-61415\" src=\"http:\/\/www.filindeblogg.nu\/wp-content\/uploads\/2015\/01\/041-225x300.jpg\" alt=\"041\" width=\"140\" height=\"187\" srcset=\"http:\/\/www.filindeblogg.nu\/wp-content\/uploads\/2015\/01\/041-225x300.jpg 225w, http:\/\/www.filindeblogg.nu\/wp-content\/uploads\/2015\/01\/041.jpg 450w\" sizes=\"(max-width: 140px) 100vw, 140px\" \/> Borta bra men hemma b\u00e4st! \ud83d\ude42<\/p>\n<p>Och veckans visdomsord i kalendern b\u00f6r t\u00e4nkas p\u00e5 alla veckor om \u00e5ret: <img loading=\"lazy\" class=\"alignnone size-medium wp-image-61416\" src=\"http:\/\/www.filindeblogg.nu\/wp-content\/uploads\/2015\/01\/054-300x225.jpg\" alt=\"054\" width=\"300\" height=\"225\" srcset=\"http:\/\/www.filindeblogg.nu\/wp-content\/uploads\/2015\/01\/054-300x225.jpg 300w, http:\/\/www.filindeblogg.nu\/wp-content\/uploads\/2015\/01\/054.jpg 600w\" sizes=\"(max-width: 300px) 100vw, 300px\" \/> <strong><em>&#8221;B\u00f6rja nu att leva och r\u00e4kna varje dag som ett liv f\u00f6r sig&#8221;.<\/em><\/strong><\/p>\n<p><img loading=\"lazy\" class=\"aligncenter size-medium wp-image-61417\" src=\"http:\/\/www.filindeblogg.nu\/wp-content\/uploads\/2015\/01\/Je-suis-Charlie1-300x300.jpg\" alt=\"Je suis Charlie\" width=\"300\" height=\"300\" srcset=\"http:\/\/www.filindeblogg.nu\/wp-content\/uploads\/2015\/01\/Je-suis-Charlie1-300x300.jpg 300w, http:\/\/www.filindeblogg.nu\/wp-content\/uploads\/2015\/01\/Je-suis-Charlie1-150x150.jpg 150w, http:\/\/www.filindeblogg.nu\/wp-content\/uploads\/2015\/01\/Je-suis-Charlie1-144x144.jpg 144w, http:\/\/www.filindeblogg.nu\/wp-content\/uploads\/2015\/01\/Je-suis-Charlie1.jpg 480w\" sizes=\"(max-width: 300px) 100vw, 300px\" \/><\/p>\n<p>&nbsp;<\/p>\n<p>&nbsp;<\/p>\n","protected":false},"excerpt":{"rendered":"<p>Som bloggaren lovade: &#8221;I&#8217;ll be back&#8221; och s\u00e5 \u00e4r det nu! Med tanke p\u00e5 den fruktansv\u00e4rda h\u00e4ndelsen i Paris ig\u00e5r har bloggaren skalat bort en del av bilden ovan. Det fria ordet f\u00e5r aldrig stoppas! Oavsett vad det g\u00e4ller! Dagarna har runnit iv\u00e4g men nu \u00e4r bloggen tillbaka men b\u00e5de lite ris och lite ros [&hellip;]<\/p>\n","protected":false},"author":1,"featured_media":0,"comment_status":"open","ping_status":"open","sticky":false,"template":"","format":"standard","meta":[],"categories":[127,156,100,101,179],"tags":[],"_links":{"self":[{"href":"http:\/\/www.filindeblogg.nu\/index.php?rest_route=\/wp\/v2\/posts\/61404"}],"collection":[{"href":"http:\/\/www.filindeblogg.nu\/index.php?rest_route=\/wp\/v2\/posts"}],"about":[{"href":"http:\/\/www.filindeblogg.nu\/index.php?rest_route=\/wp\/v2\/types\/post"}],"author":[{"embeddable":true,"href":"http:\/\/www.filindeblogg.nu\/index.php?rest_route=\/wp\/v2\/users\/1"}],"replies":[{"embeddable":true,"href":"http:\/\/www.filindeblogg.nu\/index.php?rest_route=%2Fwp%2Fv2%2Fcomments&post=61404"}],"version-history":[{"count":3,"href":"http:\/\/www.filindeblogg.nu\/index.php?rest_route=\/wp\/v2\/posts\/61404\/revisions"}],"predecessor-version":[{"id":61420,"href":"http:\/\/www.filindeblogg.nu\/index.php?rest_route=\/wp\/v2\/posts\/61404\/revisions\/61420"}],"wp:attachment":[{"href":"http:\/\/www.filindeblogg.nu\/index.php?rest_route=%2Fwp%2Fv2%2Fmedia&parent=61404"}],"wp:term":[{"taxonomy":"category","embeddable":true,"href":"http:\/\/www.filindeblogg.nu\/index.php?rest_route=%2Fwp%2Fv2%2Fcategories&post=61404"},{"taxonomy":"post_tag","embeddable":true,"href":"http:\/\/www.filindeblogg.nu\/index.php?rest_route=%2Fwp%2Fv2%2Ftags&post=61404"}],"curies":[{"name":"wp","href":"https:\/\/api.w.org\/{rel}","templated":true}]}}