{"id":61310,"date":"2014-12-19T07:41:54","date_gmt":"2014-12-19T06:41:54","guid":{"rendered":"http:\/\/www.filindeblogg.nu\/?p=61310"},"modified":"2014-12-19T07:41:54","modified_gmt":"2014-12-19T06:41:54","slug":"varfor-det-blir-som-det-blir","status":"publish","type":"post","link":"http:\/\/www.filindeblogg.nu\/?p=61310","title":{"rendered":"Varf\u00f6r det blir som det blir&#8230;"},"content":{"rendered":"<p><img loading=\"lazy\" class=\"alignnone  wp-image-61311\" src=\"http:\/\/www.filindeblogg.nu\/wp-content\/uploads\/2014\/12\/041-225x300.jpg\" alt=\"041\" width=\"146\" height=\"195\" srcset=\"http:\/\/www.filindeblogg.nu\/wp-content\/uploads\/2014\/12\/041-225x300.jpg 225w, http:\/\/www.filindeblogg.nu\/wp-content\/uploads\/2014\/12\/041.jpg 450w\" sizes=\"(max-width: 146px) 100vw, 146px\" \/> Ja, varf\u00f6r blir det som det blir egentligen? Och varf\u00f6r blir det inte som det var t\u00e4nkt eller som man hoppades?<\/p>\n<p>F\u00f6rutom att det var t\u00e4nkt att en l\u00e4ngre blogg skulle publiceras idag s\u00e5 hoppades bloggaren ha mer tid men ocks\u00e5 p\u00e5 mer \u00e4rlighet och mod!<img loading=\"lazy\" class=\"alignnone  wp-image-61312\" src=\"http:\/\/www.filindeblogg.nu\/wp-content\/uploads\/2014\/12\/039-225x300.jpg\" alt=\"039\" width=\"190\" height=\"253\" srcset=\"http:\/\/www.filindeblogg.nu\/wp-content\/uploads\/2014\/12\/039-225x300.jpg 225w, http:\/\/www.filindeblogg.nu\/wp-content\/uploads\/2014\/12\/039.jpg 450w\" sizes=\"(max-width: 190px) 100vw, 190px\" \/><\/p>\n<p>Men se, det vill sig inte riktigt n\u00e4r Jultomten v\u00e4ntar bortom n\u00e4sta helg! Inte vill det sig heller n\u00e4r makten h\u00e5ller de pl\u00e5gade i ett j\u00e4rngrepp.<br \/>\nH\u00e4r ska st\u00e4das och putsas och fejas f\u00f6r att sedan pysslas och pyntas! Samtidigt som det talas i tungor&#8230;<img loading=\"lazy\" class=\"alignnone size-medium wp-image-61313\" src=\"http:\/\/www.filindeblogg.nu\/wp-content\/uploads\/2014\/12\/043-225x300.jpg\" alt=\"043\" width=\"225\" height=\"300\" srcset=\"http:\/\/www.filindeblogg.nu\/wp-content\/uploads\/2014\/12\/043-225x300.jpg 225w, http:\/\/www.filindeblogg.nu\/wp-content\/uploads\/2014\/12\/043.jpg 450w\" sizes=\"(max-width: 225px) 100vw, 225px\" \/><\/p>\n<p>Hade tid funnits idag hade kanske bloggaren till exempel kunnat ta upp fr\u00e5gan om varf\u00f6r det ska gr\u00e5tas \u00f6ver ett julbord n\u00e4r det finns betydligt v\u00e4rre saker att v\u00e5ndas och pl\u00e5gas \u00f6ver!<br \/>\nDet finns m\u00e5nga blad som borde tas fr\u00e5n munnarna! Kanske g\u00f6r bloggaren det h\u00e4rn\u00e4st&#8230;<\/p>\n<p><img loading=\"lazy\" class=\"alignnone size-medium wp-image-61314\" src=\"http:\/\/www.filindeblogg.nu\/wp-content\/uploads\/2014\/12\/Susanne-p\u00e5-julsupe-med-Kf-18-dec-14-179x300.jpg\" alt=\"Susanne p\u00e5 julsupe med Kf 18 dec 14\" width=\"179\" height=\"300\" srcset=\"http:\/\/www.filindeblogg.nu\/wp-content\/uploads\/2014\/12\/Susanne-p\u00e5-julsupe-med-Kf-18-dec-14-179x300.jpg 179w, http:\/\/www.filindeblogg.nu\/wp-content\/uploads\/2014\/12\/Susanne-p\u00e5-julsupe-med-Kf-18-dec-14.jpg 270w\" sizes=\"(max-width: 179px) 100vw, 179px\" \/>\u00a0Tills dess gl\u00e4ds bloggaren \u00f6ver en trevlig samvaro ig\u00e5r kv\u00e4ll med <strong>Arbogas politiker<\/strong> &#8211; ja, det serverades julbord!!<\/p>\n<p>F\u00f6rutom storst\u00e4dning \u00e4r det paket som ska levereras! Som h\u00e4r till den duktiga <strong>Hemtj\u00e4nsten i Arboga!<\/strong> <img loading=\"lazy\" class=\"alignnone size-medium wp-image-61315\" src=\"http:\/\/www.filindeblogg.nu\/wp-content\/uploads\/2014\/12\/0151-300x225.jpg\" alt=\"015\" width=\"300\" height=\"225\" srcset=\"http:\/\/www.filindeblogg.nu\/wp-content\/uploads\/2014\/12\/0151-300x225.jpg 300w, http:\/\/www.filindeblogg.nu\/wp-content\/uploads\/2014\/12\/0151.jpg 600w\" sizes=\"(max-width: 300px) 100vw, 300px\" \/><\/p>\n<p>Sen kommer nog det andra ocks\u00e5 vad tiden lider&#8230; Vi ses igen &#8211; om ni t\u00f6rs&#8230; \ud83d\ude09<\/p>\n","protected":false},"excerpt":{"rendered":"<p>Ja, varf\u00f6r blir det som det blir egentligen? Och varf\u00f6r blir det inte som det var t\u00e4nkt eller som man hoppades? F\u00f6rutom att det var t\u00e4nkt att en l\u00e4ngre blogg skulle publiceras idag s\u00e5 hoppades bloggaren ha mer tid men ocks\u00e5 p\u00e5 mer \u00e4rlighet och mod! Men se, det vill sig inte riktigt n\u00e4r Jultomten [&hellip;]<\/p>\n","protected":false},"author":1,"featured_media":0,"comment_status":"open","ping_status":"open","sticky":false,"template":"","format":"standard","meta":[],"categories":[127,138,156,100,119,101],"tags":[],"_links":{"self":[{"href":"http:\/\/www.filindeblogg.nu\/index.php?rest_route=\/wp\/v2\/posts\/61310"}],"collection":[{"href":"http:\/\/www.filindeblogg.nu\/index.php?rest_route=\/wp\/v2\/posts"}],"about":[{"href":"http:\/\/www.filindeblogg.nu\/index.php?rest_route=\/wp\/v2\/types\/post"}],"author":[{"embeddable":true,"href":"http:\/\/www.filindeblogg.nu\/index.php?rest_route=\/wp\/v2\/users\/1"}],"replies":[{"embeddable":true,"href":"http:\/\/www.filindeblogg.nu\/index.php?rest_route=%2Fwp%2Fv2%2Fcomments&post=61310"}],"version-history":[{"count":5,"href":"http:\/\/www.filindeblogg.nu\/index.php?rest_route=\/wp\/v2\/posts\/61310\/revisions"}],"predecessor-version":[{"id":61320,"href":"http:\/\/www.filindeblogg.nu\/index.php?rest_route=\/wp\/v2\/posts\/61310\/revisions\/61320"}],"wp:attachment":[{"href":"http:\/\/www.filindeblogg.nu\/index.php?rest_route=%2Fwp%2Fv2%2Fmedia&parent=61310"}],"wp:term":[{"taxonomy":"category","embeddable":true,"href":"http:\/\/www.filindeblogg.nu\/index.php?rest_route=%2Fwp%2Fv2%2Fcategories&post=61310"},{"taxonomy":"post_tag","embeddable":true,"href":"http:\/\/www.filindeblogg.nu\/index.php?rest_route=%2Fwp%2Fv2%2Ftags&post=61310"}],"curies":[{"name":"wp","href":"https:\/\/api.w.org\/{rel}","templated":true}]}}