{"id":61297,"date":"2014-12-18T08:08:32","date_gmt":"2014-12-18T07:08:32","guid":{"rendered":"http:\/\/www.filindeblogg.nu\/?p=61297"},"modified":"2014-12-18T08:08:32","modified_gmt":"2014-12-18T07:08:32","slug":"sugen-pa-konsert","status":"publish","type":"post","link":"http:\/\/www.filindeblogg.nu\/?p=61297","title":{"rendered":"Sugen p\u00e5 konsert?"},"content":{"rendered":"<p><img loading=\"lazy\" class=\"alignnone  wp-image-61298\" src=\"http:\/\/www.filindeblogg.nu\/wp-content\/uploads\/2014\/12\/0024-225x300.jpg\" alt=\"002\" width=\"164\" height=\"219\" srcset=\"http:\/\/www.filindeblogg.nu\/wp-content\/uploads\/2014\/12\/0024-225x300.jpg 225w, http:\/\/www.filindeblogg.nu\/wp-content\/uploads\/2014\/12\/0024.jpg 450w\" sizes=\"(max-width: 164px) 100vw, 164px\" \/><strong> V\u00e4ster\u00e5s Konserthus<\/strong> s\u00e4nder ut sitt program bland annat som bilaga till <a href=\"http:\/\/bblat.se\/\" target=\"_blank\"><strong>B\u00e4rgslagsbladet\/Arboga Tidning<\/strong> <\/a>och bloggaren \u00e4r en av dem som l\u00e4ngtar efter dessa program!<br \/>\nAtt bl\u00e4ddra igenom och kanske v\u00e4lja ut n\u00e5gon bra konsert till v\u00e5ren 2015!<\/p>\n<p>Konserthusen puffar i det senaste programmet f\u00f6r lite &#8221;annorlunda&#8221; konserter f\u00f6r de som inte \u00e4r vana vid opera och annat. <strong><em>&#8221;V\u00e5ga v\u00e4lja annat!<\/em><\/strong>&#8221;<img loading=\"lazy\" class=\"alignnone size-medium wp-image-61299\" src=\"http:\/\/www.filindeblogg.nu\/wp-content\/uploads\/2014\/12\/0012-300x217.jpg\" alt=\"001\" width=\"300\" height=\"217\" srcset=\"http:\/\/www.filindeblogg.nu\/wp-content\/uploads\/2014\/12\/0012-300x217.jpg 300w, http:\/\/www.filindeblogg.nu\/wp-content\/uploads\/2014\/12\/0012.jpg 563w\" sizes=\"(max-width: 300px) 100vw, 300px\" \/> <strong><em>&#8221;Gillar du pop och ryser vid tanken p\u00e5 klassiskt&#8221;<\/em><\/strong>, st\u00e5r det i programmet och nedanf\u00f6r finns en kupong att klippa ut f\u00f6r att sedan l\u00e4mna p\u00e5 Konserthuset och f\u00e5 en gratis f\u00f6rest\u00e4llning av utvalda konserter! Vivaldi eller kanske barock!?<br \/>\nMycket bra initiativ, tycker bloggaren!<\/p>\n<p>Medan funderingarna g\u00e5r kring vilken gratiskonsert som ska v\u00e4ljas har inbokning gjorts till detta: <img loading=\"lazy\" class=\"alignnone size-medium wp-image-61300\" src=\"http:\/\/www.filindeblogg.nu\/wp-content\/uploads\/2014\/12\/005-300x221.jpg\" alt=\"005\" width=\"300\" height=\"221\" srcset=\"http:\/\/www.filindeblogg.nu\/wp-content\/uploads\/2014\/12\/005-300x221.jpg 300w, http:\/\/www.filindeblogg.nu\/wp-content\/uploads\/2014\/12\/005.jpg 548w\" sizes=\"(max-width: 300px) 100vw, 300px\" \/> <strong>Beatles<\/strong> f\u00f6r hela slanten om \u00e4n som covers! \ud83d\ude42<\/p>\n<p>Den h\u00e4r konserten \u00e4r bloggaren sugen p\u00e5 ocks\u00e5! <img loading=\"lazy\" class=\"alignnone size-medium wp-image-61301\" src=\"http:\/\/www.filindeblogg.nu\/wp-content\/uploads\/2014\/12\/0441-204x300.jpg\" alt=\"044\" width=\"204\" height=\"300\" srcset=\"http:\/\/www.filindeblogg.nu\/wp-content\/uploads\/2014\/12\/0441-204x300.jpg 204w, http:\/\/www.filindeblogg.nu\/wp-content\/uploads\/2014\/12\/0441.jpg 408w\" sizes=\"(max-width: 204px) 100vw, 204px\" \/><\/p>\n<p>Det ska b\u00f6rjas i tid! <img loading=\"lazy\" class=\"alignnone size-medium wp-image-61302\" src=\"http:\/\/www.filindeblogg.nu\/wp-content\/uploads\/2014\/12\/0042-222x300.jpg\" alt=\"004\" width=\"222\" height=\"300\" srcset=\"http:\/\/www.filindeblogg.nu\/wp-content\/uploads\/2014\/12\/0042-222x300.jpg 222w, http:\/\/www.filindeblogg.nu\/wp-content\/uploads\/2014\/12\/0042.jpg 414w\" sizes=\"(max-width: 222px) 100vw, 222px\" \/><\/p>\n<p><strong><em><img loading=\"lazy\" class=\"alignnone size-medium wp-image-61303\" src=\"http:\/\/www.filindeblogg.nu\/wp-content\/uploads\/2014\/12\/0031-188x300.jpg\" alt=\"003\" width=\"188\" height=\"300\" srcset=\"http:\/\/www.filindeblogg.nu\/wp-content\/uploads\/2014\/12\/0031-188x300.jpg 188w, http:\/\/www.filindeblogg.nu\/wp-content\/uploads\/2014\/12\/0031.jpg 376w\" sizes=\"(max-width: 188px) 100vw, 188px\" \/>\u00a0&#8221;B\u00e4biskonsert&#8221;!<\/em><\/strong><em>\u00a0<\/em>Konsert f\u00f6r de yngsta barnen &#8211; 0-1 \u00e5r! Barnen f\u00e5r ligga p\u00e5 en matta alldeles n\u00e4ra musiken och instrumenten s\u00e5 de k\u00e4nner musiken i kroppen. Max 20 barn per konsert plus medf\u00f6ljande vuxen.<br \/>\nDetta tror jag ocks\u00e5 \u00e4r v\u00e4ldigt roligt och bra, stimulerande f\u00f6r barnen, ett s\u00e4tt att tidigt uppt\u00e4cka och uppleva musik.<\/p>\n<p>Klicka<a href=\"http:\/\/www.vmu.nu\/events\/Konserthuset\"><strong> H\u00c4R<\/strong><\/a> f\u00f6r att l\u00e4sa mer p\u00e5 V\u00e4ster\u00e5s Konserthus&#8217; hemsida!<\/p>\n<p>Musik f\u00f6r hela slanten &#8211; n\u00e4stan&#8230; Avslutar med n\u00e5got helt annat! Bloggaren blev oerh\u00f6rt tr\u00f6tt och f\u00f6rbaskad p\u00e5 att regnskogar m\u00e5ste sk\u00f6vlas f\u00f6r att vi i den rika v\u00e4rlden ska tv\u00e4tta h\u00e5ret! <img loading=\"lazy\" class=\"alignnone size-medium wp-image-61307\" src=\"http:\/\/www.filindeblogg.nu\/wp-content\/uploads\/2014\/12\/Regnskog-nedbr\u00e4nd-300x225.jpg\" alt=\"Regnskog nedbr\u00e4nd\" width=\"300\" height=\"225\" srcset=\"http:\/\/www.filindeblogg.nu\/wp-content\/uploads\/2014\/12\/Regnskog-nedbr\u00e4nd-300x225.jpg 300w, http:\/\/www.filindeblogg.nu\/wp-content\/uploads\/2014\/12\/Regnskog-nedbr\u00e4nd.jpg 600w\" sizes=\"(max-width: 300px) 100vw, 300px\" \/><br \/>\nD\u00e4rf\u00f6r letades ekologiska schampon upp och de h\u00e4r finns bland annat p\u00e5 <a href=\"https:\/\/www.apotekhjartat.se\/hitta-apotek-hjartat\/vastmanland\/apotek_hjartat_ahllofsgatan_18_20_arboga\/\" target=\"_blank\"><strong>Apotek Hj\u00e4rtat<\/strong><\/a> i <strong>Arboga<\/strong>. <img loading=\"lazy\" class=\"alignnone  wp-image-61304\" src=\"http:\/\/www.filindeblogg.nu\/wp-content\/uploads\/2014\/12\/Ekologiskt-schampo-225x300.jpg\" alt=\"Ekologiskt schampo\" width=\"177\" height=\"236\" srcset=\"http:\/\/www.filindeblogg.nu\/wp-content\/uploads\/2014\/12\/Ekologiskt-schampo-225x300.jpg 225w, http:\/\/www.filindeblogg.nu\/wp-content\/uploads\/2014\/12\/Ekologiskt-schampo.jpg 450w\" sizes=\"(max-width: 177px) 100vw, 177px\" \/><\/p>\n<p>Och schampo f\u00f6r barn men som \u00e4ven \u00e4r j\u00e4ttebra till vuxna: <img loading=\"lazy\" class=\"alignnone  wp-image-61305\" src=\"http:\/\/www.filindeblogg.nu\/wp-content\/uploads\/2014\/12\/0061-225x300.jpg\" alt=\"006\" width=\"176\" height=\"235\" srcset=\"http:\/\/www.filindeblogg.nu\/wp-content\/uploads\/2014\/12\/0061-225x300.jpg 225w, http:\/\/www.filindeblogg.nu\/wp-content\/uploads\/2014\/12\/0061.jpg 450w\" sizes=\"(max-width: 176px) 100vw, 176px\" \/><\/p>\n<p>Nu droppar julkorten in! Bloggaren \u00e4lskar traditionella julkort och det h\u00e4r \u00e4r det f\u00f6rsta som kom i brevl\u00e5dan!<\/p>\n<p><img loading=\"lazy\" class=\"aligncenter size-medium wp-image-61306\" src=\"http:\/\/www.filindeblogg.nu\/wp-content\/uploads\/2014\/12\/IMG_4589-207x300.jpg\" alt=\"IMG_4589\" width=\"207\" height=\"300\" srcset=\"http:\/\/www.filindeblogg.nu\/wp-content\/uploads\/2014\/12\/IMG_4589-207x300.jpg 207w, http:\/\/www.filindeblogg.nu\/wp-content\/uploads\/2014\/12\/IMG_4589.jpg 377w\" sizes=\"(max-width: 207px) 100vw, 207px\" \/><\/p>\n<p>&nbsp;<\/p>\n","protected":false},"excerpt":{"rendered":"<p>V\u00e4ster\u00e5s Konserthus s\u00e4nder ut sitt program bland annat som bilaga till B\u00e4rgslagsbladet\/Arboga Tidning och bloggaren \u00e4r en av dem som l\u00e4ngtar efter dessa program! Att bl\u00e4ddra igenom och kanske v\u00e4lja ut n\u00e5gon bra konsert till v\u00e5ren 2015! Konserthusen puffar i det senaste programmet f\u00f6r lite &#8221;annorlunda&#8221; konserter f\u00f6r de som inte \u00e4r vana vid opera [&hellip;]<\/p>\n","protected":false},"author":1,"featured_media":0,"comment_status":"open","ping_status":"open","sticky":false,"template":"","format":"standard","meta":[],"categories":[100,122,169,145,101,133],"tags":[],"_links":{"self":[{"href":"http:\/\/www.filindeblogg.nu\/index.php?rest_route=\/wp\/v2\/posts\/61297"}],"collection":[{"href":"http:\/\/www.filindeblogg.nu\/index.php?rest_route=\/wp\/v2\/posts"}],"about":[{"href":"http:\/\/www.filindeblogg.nu\/index.php?rest_route=\/wp\/v2\/types\/post"}],"author":[{"embeddable":true,"href":"http:\/\/www.filindeblogg.nu\/index.php?rest_route=\/wp\/v2\/users\/1"}],"replies":[{"embeddable":true,"href":"http:\/\/www.filindeblogg.nu\/index.php?rest_route=%2Fwp%2Fv2%2Fcomments&post=61297"}],"version-history":[{"count":2,"href":"http:\/\/www.filindeblogg.nu\/index.php?rest_route=\/wp\/v2\/posts\/61297\/revisions"}],"predecessor-version":[{"id":61309,"href":"http:\/\/www.filindeblogg.nu\/index.php?rest_route=\/wp\/v2\/posts\/61297\/revisions\/61309"}],"wp:attachment":[{"href":"http:\/\/www.filindeblogg.nu\/index.php?rest_route=%2Fwp%2Fv2%2Fmedia&parent=61297"}],"wp:term":[{"taxonomy":"category","embeddable":true,"href":"http:\/\/www.filindeblogg.nu\/index.php?rest_route=%2Fwp%2Fv2%2Fcategories&post=61297"},{"taxonomy":"post_tag","embeddable":true,"href":"http:\/\/www.filindeblogg.nu\/index.php?rest_route=%2Fwp%2Fv2%2Ftags&post=61297"}],"curies":[{"name":"wp","href":"https:\/\/api.w.org\/{rel}","templated":true}]}}