{"id":61254,"date":"2014-12-16T14:44:13","date_gmt":"2014-12-16T13:44:13","guid":{"rendered":"http:\/\/www.filindeblogg.nu\/?p=61254"},"modified":"2014-12-16T14:44:13","modified_gmt":"2014-12-16T13:44:13","slug":"vad-man-kan-fa-se-nar-man-gar-till-bilverkstan","status":"publish","type":"post","link":"http:\/\/www.filindeblogg.nu\/?p=61254","title":{"rendered":"Vad man kan f\u00e5 se n\u00e4r man g\u00e5r till bilverkstan!"},"content":{"rendered":"<p><img loading=\"lazy\" class=\"alignnone size-full wp-image-61255\" src=\"http:\/\/www.filindeblogg.nu\/wp-content\/uploads\/2014\/12\/Veteranbil.jpg\" alt=\"Veteranbil\" width=\"127\" height=\"92\" \/> Har man en bil s\u00e5 vill man bara att den ska fungera!<\/p>\n<p>S\u00e5 \u00e4r det inte alltid tyv\u00e4rr&#8230; <img loading=\"lazy\" class=\"alignnone size-full wp-image-61256\" src=\"http:\/\/www.filindeblogg.nu\/wp-content\/uploads\/2014\/12\/Meka-bil.jpg\" alt=\"Meka bil\" width=\"140\" height=\"79\" \/><\/p>\n<p>D\u00e5 tar bloggaren kontakt med <strong>Fredrik Alsdal<\/strong> och grabbarna p\u00e5 <a href=\"http:\/\/www.mekonomen.se\/boka-service\/mekonomen-bilverkstad-arboga-besiktningsgatan-2-at3437-051\" target=\"_blank\"><strong>Krisat Mekonomen<\/strong> <\/a>i <strong>Arboga<\/strong>! \ud83d\ude42 D\u00e4r f\u00e5r man alltid snabb, bra och personlig service!<br \/>\nSen f\u00e5r man sig en liten promenad ocks\u00e5 om man inte vill ha skjuts &#8211; n\u00e5got som Mekonomen i Arboga alltid st\u00e4ller upp med.<\/p>\n<p>Bloggaren ville r\u00f6ra p\u00e5 sig och promenerade men vad hon fick se l\u00e4ngs med <strong>Lindersdalsv\u00e4gen<\/strong> var inte roligt!<\/p>\n<p><img loading=\"lazy\" class=\"alignnone  wp-image-61257\" src=\"http:\/\/www.filindeblogg.nu\/wp-content\/uploads\/2014\/12\/0103-300x225.jpg\" alt=\"010\" width=\"245\" height=\"184\" srcset=\"http:\/\/www.filindeblogg.nu\/wp-content\/uploads\/2014\/12\/0103-300x225.jpg 300w, http:\/\/www.filindeblogg.nu\/wp-content\/uploads\/2014\/12\/0103.jpg 600w\" sizes=\"(max-width: 245px) 100vw, 245px\" \/> G\u00e5ngbanan intill<strong> Lindersdalsv\u00e4gen i Arboga.<\/strong><\/p>\n<p>N\u00e5gon eller n\u00e5gra har &#8221;roat sig&#8221; med att bryta av tr\u00e4den! \ud83d\ude41 <img loading=\"lazy\" class=\"alignnone size-medium wp-image-61258\" src=\"http:\/\/www.filindeblogg.nu\/wp-content\/uploads\/2014\/12\/0072-300x225.jpg\" alt=\"007\" width=\"300\" height=\"225\" srcset=\"http:\/\/www.filindeblogg.nu\/wp-content\/uploads\/2014\/12\/0072-300x225.jpg 300w, http:\/\/www.filindeblogg.nu\/wp-content\/uploads\/2014\/12\/0072.jpg 600w\" sizes=\"(max-width: 300px) 100vw, 300px\" \/><\/p>\n<p>Det s\u00e5g hemskt ut! <img loading=\"lazy\" class=\"alignnone size-medium wp-image-61259\" src=\"http:\/\/www.filindeblogg.nu\/wp-content\/uploads\/2014\/12\/0081-300x225.jpg\" alt=\"008\" width=\"300\" height=\"225\" srcset=\"http:\/\/www.filindeblogg.nu\/wp-content\/uploads\/2014\/12\/0081-300x225.jpg 300w, http:\/\/www.filindeblogg.nu\/wp-content\/uploads\/2014\/12\/0081.jpg 600w\" sizes=\"(max-width: 300px) 100vw, 300px\" \/><br \/>\nVad \u00e4r det f\u00f6r konstiga id\u00e9er en del f\u00e5r f\u00f6r sig? \u00c4r det ouppfostrade ungar eller \u00e4r det kanske skoltr\u00f6tta elever fr\u00e5n <strong>G\u00e4ddg\u00e5rdsskolan<\/strong> som avreagerat sig?? F\u00f6r inte kan det v\u00e4l vara vuxet folk som g\u00f6r s\u00e5 h\u00e4r!! \ud83d\ude41<br \/>\nVerkligen bekl\u00e4mmande att se! <img loading=\"lazy\" class=\"alignnone size-medium wp-image-61260\" src=\"http:\/\/www.filindeblogg.nu\/wp-content\/uploads\/2014\/12\/0092-300x225.jpg\" alt=\"009\" width=\"300\" height=\"225\" srcset=\"http:\/\/www.filindeblogg.nu\/wp-content\/uploads\/2014\/12\/0092-300x225.jpg 300w, http:\/\/www.filindeblogg.nu\/wp-content\/uploads\/2014\/12\/0092.jpg 600w\" sizes=\"(max-width: 300px) 100vw, 300px\" \/> S\u00e5 on\u00f6digt med denna f\u00f6rst\u00f6relselusta!<\/p>\n<p>V\u00e4ljer man att g\u00e5 till Mekonomen via <strong>Borgaregatan<\/strong> ist\u00e4llet s\u00e5 m\u00e5ste man passera genom den h\u00e4r tunneln! <img loading=\"lazy\" class=\"alignnone size-medium wp-image-61261\" src=\"http:\/\/www.filindeblogg.nu\/wp-content\/uploads\/2014\/12\/0022-300x225.jpg\" alt=\"002\" width=\"300\" height=\"225\" srcset=\"http:\/\/www.filindeblogg.nu\/wp-content\/uploads\/2014\/12\/0022-300x225.jpg 300w, http:\/\/www.filindeblogg.nu\/wp-content\/uploads\/2014\/12\/0022.jpg 600w\" sizes=\"(max-width: 300px) 100vw, 300px\" \/><br \/>\nTunneln som Gud gl\u00f6mde &#8211; eller i alla fall <strong>Arboga kommun<\/strong>&#8230;<\/p>\n<p>H\u00e4r har det f\u00f6rmodligen inte nattvandrats av politiker f\u00f6r det finns ingen belysning och sj\u00e4lva tunneln ser mer eller mindre ut som ett provisorium!<br \/>\nVarf\u00f6r g\u00f6rs ingenting \u00e5t detta? M\u00e5nga m\u00e4nniskor promenerar h\u00e4r &#8211; b\u00e5de f\u00f6r motion och mot <a href=\"http:\/\/www.pops.se\/\" target=\"_blank\"><strong>Pops Kl\u00e4der<\/strong> <\/a>och andra verksamheter som ligger p\u00e5 andra sidan. Skolklasser och f\u00f6rskolor g\u00e5r ocks\u00e5 den h\u00e4r v\u00e4gen p\u00e5 v\u00e4g mot skog och natur.<\/p>\n<p>Visst, m\u00e5nga kanske inte g\u00e5r h\u00e4r nattetid &#8211; men den h\u00e4r \u00e5rstiden m\u00f6rknar det redan vid klockan tre p\u00e5 eftermiddagen och tunneln ligger ensligt med &#8221;riksv\u00e4gen&#8221; ovanp\u00e5 med mycket trafik. Vem t\u00f6rs g\u00e5 h\u00e4r vid 5-6-sn\u00e5ret en eftermiddag i december!?<br \/>\nG\u00f6r n\u00e5got \u00e5t detta <a href=\"http:\/\/www.arboga.se\/\" target=\"_blank\"><strong>Arboga kommun<\/strong><\/a>!<\/p>\n<p>L\u00f6n f\u00f6r m\u00f6dan fick man i alla fall hos Mekonomen! En fungerande bil utan alltf\u00f6r stora h\u00e5l i pl\u00e5nboken! Och s\u00e5 fick man ju se det h\u00e4r inne p\u00e5 verkstan!! <img loading=\"lazy\" class=\"alignnone size-medium wp-image-61262\" src=\"http:\/\/www.filindeblogg.nu\/wp-content\/uploads\/2014\/12\/0011-300x225.jpg\" alt=\"001\" width=\"300\" height=\"225\" srcset=\"http:\/\/www.filindeblogg.nu\/wp-content\/uploads\/2014\/12\/0011-300x225.jpg 300w, http:\/\/www.filindeblogg.nu\/wp-content\/uploads\/2014\/12\/0011.jpg 600w\" sizes=\"(max-width: 300px) 100vw, 300px\" \/> Vilken p\u00e4rla!!<\/p>\n<p>Julpyssel och paketinslagning st\u00e5r nu p\u00e5 programmet. Har man ont om tid f\u00f6r att t\u00e4nka p\u00e5 kv\u00e4llsmat s\u00e5 \u00e4r en ugnspannkaka l\u00e4tt och snabb att f\u00e5 till! <a href=\"http:\/\/www.pannkakor.se\/ugnspannkaka\" target=\"_blank\"><strong>H\u00c4R<\/strong> <\/a>hittar du ett recept p\u00e5 n\u00e4tet! Lycka till! \ud83d\ude42<\/p>\n<p><img loading=\"lazy\" class=\"aligncenter size-medium wp-image-61263\" src=\"http:\/\/www.filindeblogg.nu\/wp-content\/uploads\/2014\/12\/Ugnspannkaka-300x225.jpg\" alt=\"Ugnspannkaka\" width=\"300\" height=\"225\" srcset=\"http:\/\/www.filindeblogg.nu\/wp-content\/uploads\/2014\/12\/Ugnspannkaka-300x225.jpg 300w, http:\/\/www.filindeblogg.nu\/wp-content\/uploads\/2014\/12\/Ugnspannkaka.jpg 600w\" sizes=\"(max-width: 300px) 100vw, 300px\" \/><\/p>\n","protected":false},"excerpt":{"rendered":"<p>Har man en bil s\u00e5 vill man bara att den ska fungera! S\u00e5 \u00e4r det inte alltid tyv\u00e4rr&#8230; D\u00e5 tar bloggaren kontakt med Fredrik Alsdal och grabbarna p\u00e5 Krisat Mekonomen i Arboga! \ud83d\ude42 D\u00e4r f\u00e5r man alltid snabb, bra och personlig service! Sen f\u00e5r man sig en liten promenad ocks\u00e5 om man inte vill ha [&hellip;]<\/p>\n","protected":false},"author":1,"featured_media":0,"comment_status":"open","ping_status":"open","sticky":false,"template":"","format":"standard","meta":[],"categories":[127,177,100,158,168,101],"tags":[],"_links":{"self":[{"href":"http:\/\/www.filindeblogg.nu\/index.php?rest_route=\/wp\/v2\/posts\/61254"}],"collection":[{"href":"http:\/\/www.filindeblogg.nu\/index.php?rest_route=\/wp\/v2\/posts"}],"about":[{"href":"http:\/\/www.filindeblogg.nu\/index.php?rest_route=\/wp\/v2\/types\/post"}],"author":[{"embeddable":true,"href":"http:\/\/www.filindeblogg.nu\/index.php?rest_route=\/wp\/v2\/users\/1"}],"replies":[{"embeddable":true,"href":"http:\/\/www.filindeblogg.nu\/index.php?rest_route=%2Fwp%2Fv2%2Fcomments&post=61254"}],"version-history":[{"count":17,"href":"http:\/\/www.filindeblogg.nu\/index.php?rest_route=\/wp\/v2\/posts\/61254\/revisions"}],"predecessor-version":[{"id":61280,"href":"http:\/\/www.filindeblogg.nu\/index.php?rest_route=\/wp\/v2\/posts\/61254\/revisions\/61280"}],"wp:attachment":[{"href":"http:\/\/www.filindeblogg.nu\/index.php?rest_route=%2Fwp%2Fv2%2Fmedia&parent=61254"}],"wp:term":[{"taxonomy":"category","embeddable":true,"href":"http:\/\/www.filindeblogg.nu\/index.php?rest_route=%2Fwp%2Fv2%2Fcategories&post=61254"},{"taxonomy":"post_tag","embeddable":true,"href":"http:\/\/www.filindeblogg.nu\/index.php?rest_route=%2Fwp%2Fv2%2Ftags&post=61254"}],"curies":[{"name":"wp","href":"https:\/\/api.w.org\/{rel}","templated":true}]}}