{"id":61207,"date":"2014-12-12T08:53:08","date_gmt":"2014-12-12T07:53:08","guid":{"rendered":"http:\/\/www.filindeblogg.nu\/?p=61207"},"modified":"2014-12-12T08:53:08","modified_gmt":"2014-12-12T07:53:08","slug":"har-du-ett-hem-att-komma-till-i-jul-en-liten-julsaga","status":"publish","type":"post","link":"http:\/\/www.filindeblogg.nu\/?p=61207","title":{"rendered":"Har du ett hem att komma till i jul&#8230; En liten julsaga."},"content":{"rendered":"<p><img loading=\"lazy\" class=\"alignnone  wp-image-61209\" src=\"http:\/\/www.filindeblogg.nu\/wp-content\/uploads\/2014\/12\/0141-240x300.jpg\" alt=\"014\" width=\"189\" height=\"236\" srcset=\"http:\/\/www.filindeblogg.nu\/wp-content\/uploads\/2014\/12\/0141-240x300.jpg 240w, http:\/\/www.filindeblogg.nu\/wp-content\/uploads\/2014\/12\/0141.jpg 375w\" sizes=\"(max-width: 189px) 100vw, 189px\" \/> Julen n\u00e4rmar sig och i <strong>V\u00e4ster\u00e5s<\/strong> kan man se det h\u00e4r juliga tr\u00e4det fullt med lysande r\u00f6da hj\u00e4rtan. Naturligtvis ska tr\u00e4det ses n\u00e4r det \u00e4r m\u00f6rkt men s\u00e5 h\u00e4r tar det sig ut under dagtid.<\/p>\n<p>Julen n\u00e4rmar sig, ja och man brukar s\u00e4ga att julen \u00e4r en riktig familjeh\u00f6gtid. Men vad h\u00e4nder med alla dem som inte har n\u00e5got hem att komma till? Alla ensamma, alla heml\u00f6sa, alla tiggare som sover p\u00e5 gator och i gr\u00e4nder?<\/p>\n<p>Den h\u00e4r affischen kan ses i tunnelbanorna i <strong>Stockholm<\/strong>: <img loading=\"lazy\" class=\"alignnone size-medium wp-image-61210\" src=\"http:\/\/www.filindeblogg.nu\/wp-content\/uploads\/2014\/12\/IMG_8780-242x300.jpg\" alt=\"IMG_8780\" width=\"242\" height=\"300\" srcset=\"http:\/\/www.filindeblogg.nu\/wp-content\/uploads\/2014\/12\/IMG_8780-242x300.jpg 242w, http:\/\/www.filindeblogg.nu\/wp-content\/uploads\/2014\/12\/IMG_8780.jpg 364w\" sizes=\"(max-width: 242px) 100vw, 242px\" \/> <strong>Stockholms Stadsmission<\/strong> st\u00e5r bakom affischen och p\u00e5 deras hemsida kan man l\u00e4sa, citat:<\/p>\n<p><em>&#8221;Varje dag och natt m\u00f6ter Stockholms Stadsmission m\u00e4nniskor som lever i extremt utsatta situationer. Vi ger st\u00f6d genom akuta insatser s\u00e5som mat, kl\u00e4der och en plats att vila fr\u00e5n en tuff vardag. men framf\u00f6r allt arbetar vi l\u00e5ngsiktigt med att lyssna, ge r\u00e5d och motivation till att f\u00f6r\u00e4ndra tillvaron. Allt f\u00f6r att ge m\u00e4nniskor viljan och kraften att ordna upp sina liv.&#8221;<\/em><\/p>\n<p><img loading=\"lazy\" class=\"alignnone size-full wp-image-61211\" src=\"http:\/\/www.filindeblogg.nu\/wp-content\/uploads\/2014\/12\/Stockholms-stadsmission-logo.png\" alt=\"Stockholms stadsmission logo\" width=\"300\" height=\"98\" \/>\u00a0Klicka <a href=\"http:\/\/www.stadsmissionen.se\/\" target=\"_blank\"><strong>H\u00c4R<\/strong><\/a> f\u00f6r att komma till Stockholms Stadsmission d\u00e4r du kan l\u00e4sa mer och \u00e4ven ge ditt bidrag!<\/p>\n<p><strong><img loading=\"lazy\" class=\"alignnone size-full wp-image-61212\" src=\"http:\/\/www.filindeblogg.nu\/wp-content\/uploads\/2014\/12\/V\u00e4ster\u00e5s-Stadsmission.png\" alt=\"V\u00e4ster\u00e5s Stadsmission\" width=\"186\" height=\"50\" \/>\u00a0V\u00e4ster\u00e5s Stadsmission<\/strong> har ocks\u00e5 verksamhet &#8211; klicka <a href=\"http:\/\/www.vasterasstadsmission.se\/second-hand-2\/\" target=\"_blank\"><strong>H\u00c4R<\/strong><\/a> f\u00f6r att l\u00e4sa och kanske sk\u00e4nka kl\u00e4der eller annat.<\/p>\n<p>Bloggaren har en dotter med stort och varmt hj\u00e4rta. M\u00e5nga g\u00e5nger har hon morgon och kv\u00e4ll passerat en gammal man som sover p\u00e5 gatan n\u00e4ra d\u00e4r hon bor i <strong>Stockholm<\/strong>.<br \/>\nH\u00e4r om dagen best\u00e4mde hon sig! Julen \u00e4r snart h\u00e4r och Stadsmissionens affisch fanns st\u00e4ndigt som en p\u00e5minnelse i hennes huvud.<br \/>\nHon gick till en butik, k\u00f6pte en tjock, varm tr\u00f6ja och slog in den i julklappspapper. I paketet la hon ocks\u00e5 lite sm\u00e5tt och gott att \u00e4ta. <img loading=\"lazy\" class=\"alignnone  wp-image-61213\" src=\"http:\/\/www.filindeblogg.nu\/wp-content\/uploads\/2014\/12\/IMG_8767-300x251.jpg\" alt=\"IMG_8767\" width=\"189\" height=\"158\" srcset=\"http:\/\/www.filindeblogg.nu\/wp-content\/uploads\/2014\/12\/IMG_8767-300x251.jpg 300w, http:\/\/www.filindeblogg.nu\/wp-content\/uploads\/2014\/12\/IMG_8767.jpg 572w\" sizes=\"(max-width: 189px) 100vw, 189px\" \/> Sent ig\u00e5r kv\u00e4ll sm\u00f6g hon ut och hittade mannen sovande i sin sovs\u00e4ck i h\u00f6rnet som vanligt. Hon sm\u00f6g fram och la julklappen bakom hans huvud. Hon ville inte att han skulle se henne utan bara f\u00e5 en fin \u00f6verraskning n\u00e4r han vaknade.<br \/>\nI morse passerade hon som vanligt. Paketet var borta men tr\u00f6jan l\u00e5g tyckt intill mannen som ett v\u00e4rmande t\u00e4cke.<br \/>\nEn solskenshistoria och bloggaren \u00e4r mycket stolt \u00f6ver sin dotter.<\/p>\n<p>Alla ni som har en familj och ett hem att fira jul i &#8211; t\u00e4nk p\u00e5 alla de som inte \u00e4r lika lyckligt lottade! Klicka <a href=\"http:\/\/www.stadsmissionen.se\/Stodoss\/webbshop\/Stockholmsgavor\/\" target=\"_blank\"><strong>H\u00c4R!<\/strong><\/a><\/p>\n<p><img loading=\"lazy\" class=\"aligncenter size-full wp-image-61217\" src=\"http:\/\/www.filindeblogg.nu\/wp-content\/uploads\/2014\/12\/julg\u00e5vor_liten_uppdaterad.jpg\" alt=\"julg\u00e5vor_liten_uppdaterad\" width=\"157\" height=\"107\" \/><\/p>\n<p>&nbsp;<\/p>\n","protected":false},"excerpt":{"rendered":"<p>Julen n\u00e4rmar sig och i V\u00e4ster\u00e5s kan man se det h\u00e4r juliga tr\u00e4det fullt med lysande r\u00f6da hj\u00e4rtan. Naturligtvis ska tr\u00e4det ses n\u00e4r det \u00e4r m\u00f6rkt men s\u00e5 h\u00e4r tar det sig ut under dagtid. Julen n\u00e4rmar sig, ja och man brukar s\u00e4ga att julen \u00e4r en riktig familjeh\u00f6gtid. Men vad h\u00e4nder med alla dem [&hellip;]<\/p>\n","protected":false},"author":1,"featured_media":0,"comment_status":"open","ping_status":"open","sticky":false,"template":"","format":"standard","meta":[],"categories":[125,161,100,147,132,151,101],"tags":[],"_links":{"self":[{"href":"http:\/\/www.filindeblogg.nu\/index.php?rest_route=\/wp\/v2\/posts\/61207"}],"collection":[{"href":"http:\/\/www.filindeblogg.nu\/index.php?rest_route=\/wp\/v2\/posts"}],"about":[{"href":"http:\/\/www.filindeblogg.nu\/index.php?rest_route=\/wp\/v2\/types\/post"}],"author":[{"embeddable":true,"href":"http:\/\/www.filindeblogg.nu\/index.php?rest_route=\/wp\/v2\/users\/1"}],"replies":[{"embeddable":true,"href":"http:\/\/www.filindeblogg.nu\/index.php?rest_route=%2Fwp%2Fv2%2Fcomments&post=61207"}],"version-history":[{"count":6,"href":"http:\/\/www.filindeblogg.nu\/index.php?rest_route=\/wp\/v2\/posts\/61207\/revisions"}],"predecessor-version":[{"id":61221,"href":"http:\/\/www.filindeblogg.nu\/index.php?rest_route=\/wp\/v2\/posts\/61207\/revisions\/61221"}],"wp:attachment":[{"href":"http:\/\/www.filindeblogg.nu\/index.php?rest_route=%2Fwp%2Fv2%2Fmedia&parent=61207"}],"wp:term":[{"taxonomy":"category","embeddable":true,"href":"http:\/\/www.filindeblogg.nu\/index.php?rest_route=%2Fwp%2Fv2%2Fcategories&post=61207"},{"taxonomy":"post_tag","embeddable":true,"href":"http:\/\/www.filindeblogg.nu\/index.php?rest_route=%2Fwp%2Fv2%2Ftags&post=61207"}],"curies":[{"name":"wp","href":"https:\/\/api.w.org\/{rel}","templated":true}]}}