{"id":61073,"date":"2014-12-03T10:08:12","date_gmt":"2014-12-03T09:08:12","guid":{"rendered":"http:\/\/www.filindeblogg.nu\/?p=61073"},"modified":"2014-12-03T10:08:12","modified_gmt":"2014-12-03T09:08:12","slug":"kaos","status":"publish","type":"post","link":"http:\/\/www.filindeblogg.nu\/?p=61073","title":{"rendered":"KAOS"},"content":{"rendered":"<p><img loading=\"lazy\" class=\"aligncenter size-full wp-image-61074\" src=\"http:\/\/www.filindeblogg.nu\/wp-content\/uploads\/2014\/12\/Kaos-\u00f6verallt.jpg\" alt=\"Kaos \u00f6verallt\" width=\"92\" height=\"63\" \/><\/p>\n<p>&nbsp;<\/p>\n<p><img loading=\"lazy\" class=\"alignnone size-full wp-image-61075\" src=\"http:\/\/www.filindeblogg.nu\/wp-content\/uploads\/2014\/12\/Bekymrad-L\u00f6fven.jpg\" alt=\"Bekymrad L\u00f6fven\" width=\"132\" height=\"73\" \/> P\u00e5 riksplanet!<br \/>\nF\u00f6rlorare som \u00e4r s\u00e5 bittra \u00f6ver att de tappade makten att de g\u00f6r allt f\u00f6r att stoppa den folkvalda regeringen! Till och med med hj\u00e4lp av rasistiska Sverigedemokraterna!!<br \/>\nVi talar f\u00f6rst\u00e5s om<strong> Alliansen<\/strong> &#8211; en skam!<\/p>\n<p>P\u00e5 lokalplanet: <img loading=\"lazy\" class=\"alignnone size-medium wp-image-61077\" src=\"http:\/\/www.filindeblogg.nu\/wp-content\/uploads\/2014\/12\/IMG_4516-162x300.jpg\" alt=\"IMG_4516\" width=\"162\" height=\"300\" srcset=\"http:\/\/www.filindeblogg.nu\/wp-content\/uploads\/2014\/12\/IMG_4516-162x300.jpg 162w, http:\/\/www.filindeblogg.nu\/wp-content\/uploads\/2014\/12\/IMG_4516.jpg 336w\" sizes=\"(max-width: 162px) 100vw, 162px\" \/><br \/>\nSocialen g\u00e5r p\u00e5 kn\u00e4na! Anm\u00e4lningar duggar t\u00e4tt mot socialtj\u00e4nsten och de anst\u00e4llda sliter ut sig.<br \/>\nMen det struntar <strong>Socialdemokrater<\/strong> och <strong>V\u00e4nster<\/strong> i och satsar hellre pengar p\u00e5 dyr och milj\u00f6farlig konstgr\u00e4splan och inviger dessutom densamma med pompa och st\u00e5t!<br \/>\nVi talar f\u00f6rst\u00e5s om de styrande i<strong> Arboga<\/strong> &#8211; en skam!<\/p>\n<p><img loading=\"lazy\" class=\"alignnone size-full wp-image-60872\" src=\"http:\/\/www.filindeblogg.nu\/wp-content\/uploads\/2014\/11\/Ilskna-till.jpg\" alt=\"Ilskna till\" width=\"111\" height=\"104\" \/>Det blev en liten blogg idag trots att orken tryter. Men denna var ett m\u00e5ste!<\/p>\n<p>&nbsp;<\/p>\n","protected":false},"excerpt":{"rendered":"<p>&nbsp; P\u00e5 riksplanet! F\u00f6rlorare som \u00e4r s\u00e5 bittra \u00f6ver att de tappade makten att de g\u00f6r allt f\u00f6r att stoppa den folkvalda regeringen! Till och med med hj\u00e4lp av rasistiska Sverigedemokraterna!! Vi talar f\u00f6rst\u00e5s om Alliansen &#8211; en skam! P\u00e5 lokalplanet: Socialen g\u00e5r p\u00e5 kn\u00e4na! Anm\u00e4lningar duggar t\u00e4tt mot socialtj\u00e4nsten och de anst\u00e4llda sliter ut [&hellip;]<\/p>\n","protected":false},"author":1,"featured_media":0,"comment_status":"open","ping_status":"open","sticky":false,"template":"","format":"standard","meta":[],"categories":[127,162,100,119,101],"tags":[],"_links":{"self":[{"href":"http:\/\/www.filindeblogg.nu\/index.php?rest_route=\/wp\/v2\/posts\/61073"}],"collection":[{"href":"http:\/\/www.filindeblogg.nu\/index.php?rest_route=\/wp\/v2\/posts"}],"about":[{"href":"http:\/\/www.filindeblogg.nu\/index.php?rest_route=\/wp\/v2\/types\/post"}],"author":[{"embeddable":true,"href":"http:\/\/www.filindeblogg.nu\/index.php?rest_route=\/wp\/v2\/users\/1"}],"replies":[{"embeddable":true,"href":"http:\/\/www.filindeblogg.nu\/index.php?rest_route=%2Fwp%2Fv2%2Fcomments&post=61073"}],"version-history":[{"count":3,"href":"http:\/\/www.filindeblogg.nu\/index.php?rest_route=\/wp\/v2\/posts\/61073\/revisions"}],"predecessor-version":[{"id":61080,"href":"http:\/\/www.filindeblogg.nu\/index.php?rest_route=\/wp\/v2\/posts\/61073\/revisions\/61080"}],"wp:attachment":[{"href":"http:\/\/www.filindeblogg.nu\/index.php?rest_route=%2Fwp%2Fv2%2Fmedia&parent=61073"}],"wp:term":[{"taxonomy":"category","embeddable":true,"href":"http:\/\/www.filindeblogg.nu\/index.php?rest_route=%2Fwp%2Fv2%2Fcategories&post=61073"},{"taxonomy":"post_tag","embeddable":true,"href":"http:\/\/www.filindeblogg.nu\/index.php?rest_route=%2Fwp%2Fv2%2Ftags&post=61073"}],"curies":[{"name":"wp","href":"https:\/\/api.w.org\/{rel}","templated":true}]}}