{"id":60893,"date":"2014-11-25T08:34:26","date_gmt":"2014-11-25T07:34:26","guid":{"rendered":"http:\/\/www.filindeblogg.nu\/?p=60893"},"modified":"2014-11-25T08:35:40","modified_gmt":"2014-11-25T07:35:40","slug":"sol-eller-inte","status":"publish","type":"post","link":"http:\/\/www.filindeblogg.nu\/?p=60893","title":{"rendered":"Sol eller inte &#8211; det \u00e4r fr\u00e5gan!"},"content":{"rendered":"<p><img loading=\"lazy\" class=\"alignnone size-full wp-image-60894\" src=\"http:\/\/www.filindeblogg.nu\/wp-content\/uploads\/2014\/11\/images.jpg\" alt=\"images\" width=\"107\" height=\"90\" \/>Idag v\u00e4ntar vi p\u00e5 det h\u00e4r!<br \/>\nDen utlovade solen efter alla gr\u00e5 dagar i november! Mellanbarnet ber\u00e4ttade ig\u00e5r att i G\u00f6teborg hade solen redan tjuvstartat och spridit sitt solsken i flera timmar! \ud83d\ude42<\/p>\n<p>Ja, det ser kanske lovande ut nu p\u00e5 morgonen. <img loading=\"lazy\" class=\"alignnone size-medium wp-image-60895\" src=\"http:\/\/www.filindeblogg.nu\/wp-content\/uploads\/2014\/11\/0025-300x225.jpg\" alt=\"002\" width=\"300\" height=\"225\" srcset=\"http:\/\/www.filindeblogg.nu\/wp-content\/uploads\/2014\/11\/0025-300x225.jpg 300w, http:\/\/www.filindeblogg.nu\/wp-content\/uploads\/2014\/11\/0025.jpg 600w\" sizes=\"(max-width: 300px) 100vw, 300px\" \/><br \/>\nVi kommer alla att f\u00e5 svaret idag! Behagade solen lysa p\u00e5 oss eller bara med sin fr\u00e5nvaro! <img loading=\"lazy\" class=\"alignnone size-full wp-image-60896\" src=\"http:\/\/www.filindeblogg.nu\/wp-content\/uploads\/2014\/11\/Sol-blinkar.jpg\" alt=\"Sol blinkar\" width=\"100\" height=\"93\" \/><\/p>\n<p><img loading=\"lazy\" class=\"alignnone size-medium wp-image-60897\" src=\"http:\/\/www.filindeblogg.nu\/wp-content\/uploads\/2014\/11\/0035-225x300.jpg\" alt=\"003\" width=\"225\" height=\"300\" srcset=\"http:\/\/www.filindeblogg.nu\/wp-content\/uploads\/2014\/11\/0035-225x300.jpg 225w, http:\/\/www.filindeblogg.nu\/wp-content\/uploads\/2014\/11\/0035.jpg 450w\" sizes=\"(max-width: 225px) 100vw, 225px\" \/>\u00a0Lokalbladet har bl\u00e4ddrats igenom tillsammans med <a href=\"http:\/\/www.friggs.se\/sv\/Produkter\/Te\/te\/Te-IMMUN\/\" target=\"_blank\"><strong>Friggs Immunte<\/strong> <\/a>och grova mackor fr\u00e5n <a href=\"http:\/\/www.finskahembageriet.se\/\" target=\"_blank\"><strong>Finska Hembageriet<\/strong> <\/a>i <strong>Eskilstuna<\/strong>!<br \/>\nSnatteri kan man l\u00e4sa om idag i <a href=\"http:\/\/bblat.se\/nyheter\" target=\"_blank\"><strong>Arboga Tidning<\/strong> <\/a>och \u00e4ven att de som snattat inte sk\u00e4ms ett dugg f\u00f6r det! M\u00e4rkligt, tycker bloggaren. Visar faktiskt brist p\u00e5 respekt och att avsl\u00f6ja det s\u00e5 d\u00e4r i tidningen&#8230;<br \/>\n<img loading=\"lazy\" class=\"alignnone size-full wp-image-60903\" src=\"http:\/\/www.filindeblogg.nu\/wp-content\/uploads\/2014\/11\/Sol-galet-glad.jpg\" alt=\"Sol galet glad\" width=\"88\" height=\"90\" \/>\u00a0Tidningen skriver f\u00f6rst\u00e5s ocks\u00e5 om det vi alla v\u00e4ntar p\u00e5 &#8211; se<a href=\"http:\/\/bblat.se\/nyheter\/vastramalardalen\/1.2735377-i-dag-far-vi-se-solen\" target=\"_blank\"><strong> H\u00c4R!<\/strong><\/a><\/p>\n<p>Sorgligt var att l\u00e4sa om <strong>Anna Maria<\/strong>. <img loading=\"lazy\" class=\"alignnone size-medium wp-image-60898\" src=\"http:\/\/www.filindeblogg.nu\/wp-content\/uploads\/2014\/11\/0048-225x300.jpg\" alt=\"004\" width=\"225\" height=\"300\" srcset=\"http:\/\/www.filindeblogg.nu\/wp-content\/uploads\/2014\/11\/0048-225x300.jpg 225w, http:\/\/www.filindeblogg.nu\/wp-content\/uploads\/2014\/11\/0048.jpg 450w\" sizes=\"(max-width: 225px) 100vw, 225px\" \/> Den unga kvinnan fr\u00e5n <strong>Kungs\u00f6r<\/strong> som arbetade som fotomodell i <strong>New York<\/strong> och som s\u00e5 tragiskt omkom i en trafikolycka i oktober.<br \/>\nBegravningen h\u00f6lls i fredags och <strong>Kung Karls kyrka<\/strong> var s\u00e5 gott som fullsatt. Kyrkan var smyckad med otroligt m\u00e5nga vackra blommor, de flesta i vitt och m\u00e5nga levande ljus var t\u00e4nda. Vacker musik inramade den sorgliga men \u00e4nd\u00e5 s\u00e5 fina minnesstunden. Vila i frid Anna Maria.<\/p>\n<p>Blommar g\u00f6r det ocks\u00e5 i bloggarens tv\u00e4ttstuga om \u00e4n mer sparsamt. <img loading=\"lazy\" class=\"alignnone size-medium wp-image-60899\" src=\"http:\/\/www.filindeblogg.nu\/wp-content\/uploads\/2014\/11\/IMG_4380-168x300.jpg\" alt=\"IMG_4380\" width=\"168\" height=\"300\" srcset=\"http:\/\/www.filindeblogg.nu\/wp-content\/uploads\/2014\/11\/IMG_4380-168x300.jpg 168w, http:\/\/www.filindeblogg.nu\/wp-content\/uploads\/2014\/11\/IMG_4380.jpg 360w\" sizes=\"(max-width: 168px) 100vw, 168px\" \/> Fuchian \u00f6vervintrar d\u00e4r och l\u00e4ngtar f\u00f6rmodligen som oss andra till det h\u00e4r:<\/p>\n<p><img loading=\"lazy\" class=\"aligncenter size-full wp-image-60900\" src=\"http:\/\/www.filindeblogg.nu\/wp-content\/uploads\/2014\/11\/Solen-kommer.jpg\" alt=\"Solen kommer\" width=\"150\" height=\"113\" \/><\/p>\n<p><img loading=\"lazy\" class=\"aligncenter  wp-image-60901\" src=\"http:\/\/www.filindeblogg.nu\/wp-content\/uploads\/2014\/11\/Solen-skiner.jpg\" alt=\"Solen skiner\" width=\"181\" height=\"116\" \/><\/p>\n","protected":false},"excerpt":{"rendered":"<p>Idag v\u00e4ntar vi p\u00e5 det h\u00e4r! Den utlovade solen efter alla gr\u00e5 dagar i november! Mellanbarnet ber\u00e4ttade ig\u00e5r att i G\u00f6teborg hade solen redan tjuvstartat och spridit sitt solsken i flera timmar! \ud83d\ude42 Ja, det ser kanske lovande ut nu p\u00e5 morgonen. Vi kommer alla att f\u00e5 svaret idag! Behagade solen lysa p\u00e5 oss eller [&hellip;]<\/p>\n","protected":false},"author":1,"featured_media":0,"comment_status":"open","ping_status":"open","sticky":false,"template":"","format":"standard","meta":[],"categories":[127,131,100,152,145,101],"tags":[],"_links":{"self":[{"href":"http:\/\/www.filindeblogg.nu\/index.php?rest_route=\/wp\/v2\/posts\/60893"}],"collection":[{"href":"http:\/\/www.filindeblogg.nu\/index.php?rest_route=\/wp\/v2\/posts"}],"about":[{"href":"http:\/\/www.filindeblogg.nu\/index.php?rest_route=\/wp\/v2\/types\/post"}],"author":[{"embeddable":true,"href":"http:\/\/www.filindeblogg.nu\/index.php?rest_route=\/wp\/v2\/users\/1"}],"replies":[{"embeddable":true,"href":"http:\/\/www.filindeblogg.nu\/index.php?rest_route=%2Fwp%2Fv2%2Fcomments&post=60893"}],"version-history":[{"count":3,"href":"http:\/\/www.filindeblogg.nu\/index.php?rest_route=\/wp\/v2\/posts\/60893\/revisions"}],"predecessor-version":[{"id":60905,"href":"http:\/\/www.filindeblogg.nu\/index.php?rest_route=\/wp\/v2\/posts\/60893\/revisions\/60905"}],"wp:attachment":[{"href":"http:\/\/www.filindeblogg.nu\/index.php?rest_route=%2Fwp%2Fv2%2Fmedia&parent=60893"}],"wp:term":[{"taxonomy":"category","embeddable":true,"href":"http:\/\/www.filindeblogg.nu\/index.php?rest_route=%2Fwp%2Fv2%2Fcategories&post=60893"},{"taxonomy":"post_tag","embeddable":true,"href":"http:\/\/www.filindeblogg.nu\/index.php?rest_route=%2Fwp%2Fv2%2Ftags&post=60893"}],"curies":[{"name":"wp","href":"https:\/\/api.w.org\/{rel}","templated":true}]}}