{"id":60841,"date":"2014-11-23T09:06:57","date_gmt":"2014-11-23T08:06:57","guid":{"rendered":"http:\/\/www.filindeblogg.nu\/?p=60841"},"modified":"2014-11-23T09:06:57","modified_gmt":"2014-11-23T08:06:57","slug":"predikar-smatt-och-gott-en-sondag","status":"publish","type":"post","link":"http:\/\/www.filindeblogg.nu\/?p=60841","title":{"rendered":"Predikar sm\u00e5tt och gott en s\u00f6ndag."},"content":{"rendered":"<p><img loading=\"lazy\" class=\"alignnone  wp-image-60842\" src=\"http:\/\/www.filindeblogg.nu\/wp-content\/uploads\/2014\/11\/0095-225x300.jpg\" alt=\"009\" width=\"127\" height=\"169\" srcset=\"http:\/\/www.filindeblogg.nu\/wp-content\/uploads\/2014\/11\/0095-225x300.jpg 225w, http:\/\/www.filindeblogg.nu\/wp-content\/uploads\/2014\/11\/0095.jpg 450w\" sizes=\"(max-width: 127px) 100vw, 127px\" \/> S\u00f6ndag igen och bara en vecka kvar till 1:a Advent!<\/p>\n<p>Sm\u00e5tt och gott &#8211; utlovades idag men det blir tyv\u00e4rr ocks\u00e5 n\u00e5gra mindre trevliga saker. Vi b\u00f6rjar med det.<\/p>\n<p><img loading=\"lazy\" class=\"alignnone size-medium wp-image-60843\" src=\"http:\/\/www.filindeblogg.nu\/wp-content\/uploads\/2014\/11\/0192-300x276.jpg\" alt=\"019\" width=\"300\" height=\"276\" srcset=\"http:\/\/www.filindeblogg.nu\/wp-content\/uploads\/2014\/11\/0192-300x276.jpg 300w, http:\/\/www.filindeblogg.nu\/wp-content\/uploads\/2014\/11\/0192.jpg 488w\" sizes=\"(max-width: 300px) 100vw, 300px\" \/> Chefredakt\u00f6ren p\u00e5 <strong>DN<\/strong> \u00e4r inte r\u00e4dd.<br \/>\nDet \u00e4r d\u00e4remot bloggaren. Det har h\u00e5nskrattas och sk\u00e4mtats om ub\u00e5tar och om ryssar hos oss svenskar men det kan bli ett skratt som fastnar i halsen.<br \/>\n<img loading=\"lazy\" class=\"alignnone  wp-image-60844\" src=\"http:\/\/www.filindeblogg.nu\/wp-content\/uploads\/2014\/11\/Rysk-arme-300x186.jpg\" alt=\"Rysk arme\" width=\"134\" height=\"83\" srcset=\"http:\/\/www.filindeblogg.nu\/wp-content\/uploads\/2014\/11\/Rysk-arme-300x186.jpg 300w, http:\/\/www.filindeblogg.nu\/wp-content\/uploads\/2014\/11\/Rysk-arme.jpg 486w\" sizes=\"(max-width: 134px) 100vw, 134px\" \/>\u00a0M\u00e5nga i v\u00e5rt demokratiska <strong>Sverige<\/strong> tolkar <strong>Ryssland<\/strong> med naiva m\u00e5tt och det \u00e4r att synnerligen kraftigt underv\u00e4rdera grannen i \u00f6st. <strong>Putin<\/strong> har inga begr\u00e4nsningar och f\u00f6ljer inga spelregler n\u00e4r hans girighet och maktbeg\u00e4r vill se Ryssland som hotfull stormakt igen.<br \/>\nIdag kan man dessutom l\u00e4sa att en rysk bank gett miljonl\u00e5n till det fr\u00e4mlingsfientliga<strong> Nationella fronten i Frankrike<\/strong>. Vad kommer h\u00e4rn\u00e4st&#8230;\u00a0 <img loading=\"lazy\" class=\"alignnone  wp-image-60845\" src=\"http:\/\/www.filindeblogg.nu\/wp-content\/uploads\/2014\/11\/Ryska-bombplan-300x190.jpg\" alt=\"Ryska bombplan\" width=\"202\" height=\"128\" srcset=\"http:\/\/www.filindeblogg.nu\/wp-content\/uploads\/2014\/11\/Ryska-bombplan-300x190.jpg 300w, http:\/\/www.filindeblogg.nu\/wp-content\/uploads\/2014\/11\/Ryska-bombplan.jpg 634w\" sizes=\"(max-width: 202px) 100vw, 202px\" \/><\/p>\n<p>Andra korkade saker.<\/p>\n<p><img loading=\"lazy\" class=\"alignnone size-full wp-image-60846\" src=\"http:\/\/www.filindeblogg.nu\/wp-content\/uploads\/2014\/11\/\u00c4lgko-med-kalv.jpg\" alt=\"\u00c4lgko med kalv\" width=\"137\" height=\"77\" \/> Media talar nu om en man som d\u00f6dat en \u00e4lg med ett bouleklot! Man baxnar n\u00e4r man l\u00e4ser det hela som utspelade sig i <strong>V\u00e4ster\u00e5s<\/strong> i somras! <img loading=\"lazy\" class=\"alignnone size-medium wp-image-60847\" src=\"http:\/\/www.filindeblogg.nu\/wp-content\/uploads\/2014\/11\/0202-98x300.jpg\" alt=\"020\" width=\"98\" height=\"300\" \/><\/p>\n<p><img loading=\"lazy\" class=\"alignnone size-medium wp-image-60848\" src=\"http:\/\/www.filindeblogg.nu\/wp-content\/uploads\/2014\/11\/0232-300x207.jpg\" alt=\"023\" width=\"300\" height=\"207\" srcset=\"http:\/\/www.filindeblogg.nu\/wp-content\/uploads\/2014\/11\/0232-300x207.jpg 300w, http:\/\/www.filindeblogg.nu\/wp-content\/uploads\/2014\/11\/0232.jpg 527w\" sizes=\"(max-width: 300px) 100vw, 300px\" \/> Mannen blev desperat n\u00e4r han uppt\u00e4ckte en \u00e4lgko med kalvar som mumsade p\u00e5 hans \u00e4ppeltr\u00e4d!!<br \/>\nHan springer inte in och han l\u00e5ter heller inte \u00e4lgen med sina ungar \u00e4ta av \u00f6verfl\u00f6det \u00e4pplen &#8211; nej, han bli s\u00e5 panikslagen att han slungar ett bouleklot mot \u00e4lgen som d\u00f6das!!<br \/>\nHur g\u00e5r det d\u00e5 med de stackars \u00e4lgkalvarna?? S\u00e5 h\u00e4r: <img loading=\"lazy\" class=\"alignnone size-medium wp-image-60849\" src=\"http:\/\/www.filindeblogg.nu\/wp-content\/uploads\/2014\/11\/0212-300x137.jpg\" alt=\"021\" width=\"300\" height=\"137\" srcset=\"http:\/\/www.filindeblogg.nu\/wp-content\/uploads\/2014\/11\/0212-300x137.jpg 300w, http:\/\/www.filindeblogg.nu\/wp-content\/uploads\/2014\/11\/0212.jpg 600w\" sizes=\"(max-width: 300px) 100vw, 300px\" \/><\/p>\n<p>Detta m\u00e5ste v\u00e4l \u00e4nd\u00e5 vara om inte jaktbrott s\u00e5 ett brott mot djurskyddslagen!!<br \/>\nMen vem skyddar djur, egentligen, n\u00e4r det kommer till kritan&#8230;<br \/>\nL\u00e4s artikeln p\u00e5<a href=\"http:\/\/www.dn.se\/nyheter\/sverige\/man-fallde-algko-med-bouleklot\/\" target=\"_blank\"><strong> DN H\u00c4R!<\/strong><\/a><\/p>\n<p><img loading=\"lazy\" class=\"alignnone size-medium wp-image-60851\" src=\"http:\/\/www.filindeblogg.nu\/wp-content\/uploads\/2014\/11\/S\u00f6ta-grisen-Esther-300x195.jpg\" alt=\"S\u00f6ta grisen Esther\" width=\"300\" height=\"195\" srcset=\"http:\/\/www.filindeblogg.nu\/wp-content\/uploads\/2014\/11\/S\u00f6ta-grisen-Esther-300x195.jpg 300w, http:\/\/www.filindeblogg.nu\/wp-content\/uploads\/2014\/11\/S\u00f6ta-grisen-Esther.jpg 720w\" sizes=\"(max-width: 300px) 100vw, 300px\" \/> <strong>Grisen Esther<\/strong> skyddas i alla fall och en m\u00e4ngd andra djur med henne! Det l\u00e4ser bloggaren om p\u00e5 <strong>Facebook<\/strong>! P\u00e5 <a href=\"http:\/\/djurrattsalliansen.se\/\" target=\"_blank\"><strong>Djurr\u00e4ttsalliansens<\/strong> <\/a>sida!<br \/>\n\u00c4garna till Esther har startat en djurfristad d\u00e4r djur som r\u00e4ddats undan djurfabrikernas slakt f\u00e5r leva i frid livet ut. S\u00c5 bra gjort!<br \/>\nL\u00e4s <a href=\"http:\/\/www.estherthewonderpig.com\/\" target=\"_blank\"><strong>H\u00c4R<\/strong><\/a> om Esther! Hon finns, som sagt, \u00e4ven p\u00e5 Facebook.<\/p>\n<p>En riktig solskenshistoria var ju den om <strong>hunden Arthur f<\/strong>r\u00e5n <strong>Ecuador<\/strong>! <img loading=\"lazy\" class=\"alignnone size-full wp-image-60852\" src=\"http:\/\/www.filindeblogg.nu\/wp-content\/uploads\/2014\/11\/Arthur1.jpg\" alt=\"Arthur\" width=\"300\" height=\"225\" \/> Han som tack vare en liten k\u00f6ttbulle slog f\u00f6lje med multisportlandslaget fr\u00e5n <strong>Sverige<\/strong> och r\u00e4ddades fr\u00e5n heml\u00f6shet till ett eget hem och familj i <strong>\u00d6rnsk\u00f6ldsvik!<\/strong><br \/>\nDu kan l\u00e4sa historien p\u00e5 n\u00e4tet &#8211; bland annat <a href=\"http:\/\/www.svt.se\/nyheter\/sverige\/aventyrshunden-arthur-landar-i-sverige-1\" target=\"_blank\"><strong>H\u00c4R!<\/strong><\/a><\/p>\n<p style=\"text-align: center;\"><img loading=\"lazy\" class=\"aligncenter  wp-image-60853\" src=\"http:\/\/www.filindeblogg.nu\/wp-content\/uploads\/2014\/11\/IMG_4370-300x300.jpg\" alt=\"IMG_4370\" width=\"148\" height=\"148\" srcset=\"http:\/\/www.filindeblogg.nu\/wp-content\/uploads\/2014\/11\/IMG_4370-300x300.jpg 300w, http:\/\/www.filindeblogg.nu\/wp-content\/uploads\/2014\/11\/IMG_4370-150x150.jpg 150w, http:\/\/www.filindeblogg.nu\/wp-content\/uploads\/2014\/11\/IMG_4370-144x144.jpg 144w, http:\/\/www.filindeblogg.nu\/wp-content\/uploads\/2014\/11\/IMG_4370.jpg 480w\" sizes=\"(max-width: 148px) 100vw, 148px\" \/><br \/>\nVar r\u00e4dd om djuren! Visa respekt och medk\u00e4nsla!<\/p>\n<p style=\"text-align: left;\">Mer sm\u00e5tt och gott imorgon! <img loading=\"lazy\" class=\"alignnone  wp-image-60855\" src=\"http:\/\/www.filindeblogg.nu\/wp-content\/uploads\/2014\/11\/0183-300x225.jpg\" alt=\"018\" width=\"219\" height=\"164\" srcset=\"http:\/\/www.filindeblogg.nu\/wp-content\/uploads\/2014\/11\/0183-300x225.jpg 300w, http:\/\/www.filindeblogg.nu\/wp-content\/uploads\/2014\/11\/0183.jpg 600w\" sizes=\"(max-width: 219px) 100vw, 219px\" \/><\/p>\n<p style=\"text-align: left;\">Avslutar bloggen idag med n\u00e5got som fick bloggaren att le nu p\u00e5 morgonen. Nog har man k\u00e4nt s\u00e5 ibland, som <strong>Jesper Waldersten<\/strong> beskriver i DN idag!! \ud83d\ude42<\/p>\n<p style=\"text-align: left;\"><img loading=\"lazy\" class=\"aligncenter size-medium wp-image-60854\" src=\"http:\/\/www.filindeblogg.nu\/wp-content\/uploads\/2014\/11\/0241-300x225.jpg\" alt=\"024\" width=\"300\" height=\"225\" srcset=\"http:\/\/www.filindeblogg.nu\/wp-content\/uploads\/2014\/11\/0241-300x225.jpg 300w, http:\/\/www.filindeblogg.nu\/wp-content\/uploads\/2014\/11\/0241.jpg 600w\" sizes=\"(max-width: 300px) 100vw, 300px\" \/><\/p>\n<p>&nbsp;<\/p>\n","protected":false},"excerpt":{"rendered":"<p>S\u00f6ndag igen och bara en vecka kvar till 1:a Advent! Sm\u00e5tt och gott &#8211; utlovades idag men det blir tyv\u00e4rr ocks\u00e5 n\u00e5gra mindre trevliga saker. Vi b\u00f6rjar med det. Chefredakt\u00f6ren p\u00e5 DN \u00e4r inte r\u00e4dd. Det \u00e4r d\u00e4remot bloggaren. Det har h\u00e5nskrattas och sk\u00e4mtats om ub\u00e5tar och om ryssar hos oss svenskar men det kan [&hellip;]<\/p>\n","protected":false},"author":1,"featured_media":0,"comment_status":"open","ping_status":"open","sticky":false,"template":"","format":"standard","meta":[],"categories":[131,156,162,100,160,119,101,133],"tags":[],"_links":{"self":[{"href":"http:\/\/www.filindeblogg.nu\/index.php?rest_route=\/wp\/v2\/posts\/60841"}],"collection":[{"href":"http:\/\/www.filindeblogg.nu\/index.php?rest_route=\/wp\/v2\/posts"}],"about":[{"href":"http:\/\/www.filindeblogg.nu\/index.php?rest_route=\/wp\/v2\/types\/post"}],"author":[{"embeddable":true,"href":"http:\/\/www.filindeblogg.nu\/index.php?rest_route=\/wp\/v2\/users\/1"}],"replies":[{"embeddable":true,"href":"http:\/\/www.filindeblogg.nu\/index.php?rest_route=%2Fwp%2Fv2%2Fcomments&post=60841"}],"version-history":[{"count":2,"href":"http:\/\/www.filindeblogg.nu\/index.php?rest_route=\/wp\/v2\/posts\/60841\/revisions"}],"predecessor-version":[{"id":60857,"href":"http:\/\/www.filindeblogg.nu\/index.php?rest_route=\/wp\/v2\/posts\/60841\/revisions\/60857"}],"wp:attachment":[{"href":"http:\/\/www.filindeblogg.nu\/index.php?rest_route=%2Fwp%2Fv2%2Fmedia&parent=60841"}],"wp:term":[{"taxonomy":"category","embeddable":true,"href":"http:\/\/www.filindeblogg.nu\/index.php?rest_route=%2Fwp%2Fv2%2Fcategories&post=60841"},{"taxonomy":"post_tag","embeddable":true,"href":"http:\/\/www.filindeblogg.nu\/index.php?rest_route=%2Fwp%2Fv2%2Ftags&post=60841"}],"curies":[{"name":"wp","href":"https:\/\/api.w.org\/{rel}","templated":true}]}}