{"id":60762,"date":"2014-11-19T09:40:11","date_gmt":"2014-11-19T08:40:11","guid":{"rendered":"http:\/\/www.filindeblogg.nu\/?p=60762"},"modified":"2014-11-19T09:40:11","modified_gmt":"2014-11-19T08:40:11","slug":"natt-och-dagvandringar-och-annat-skrammande-i-arboga","status":"publish","type":"post","link":"http:\/\/www.filindeblogg.nu\/?p=60762","title":{"rendered":"Natt- och dagvandringar och annat skr\u00e4mmande i Arboga!"},"content":{"rendered":"<p><img loading=\"lazy\" class=\"alignnone  wp-image-60763\" src=\"http:\/\/www.filindeblogg.nu\/wp-content\/uploads\/2014\/11\/Nattvandrare-251x300.jpg\" alt=\"Nattvandrare\" width=\"163\" height=\"195\" srcset=\"http:\/\/www.filindeblogg.nu\/wp-content\/uploads\/2014\/11\/Nattvandrare-251x300.jpg 251w, http:\/\/www.filindeblogg.nu\/wp-content\/uploads\/2014\/11\/Nattvandrare.jpg 400w\" sizes=\"(max-width: 163px) 100vw, 163px\" \/> Bloggaren l\u00e4ser p\u00e5 sociala medier att det har nattvandrats i <strong>Arboga<\/strong> igen. Man beh\u00f6ver dock inte vandra p\u00e5 natten om syftet \u00e4r att uppt\u00e4cka m\u00f6rka, obehagliga platser i stan&#8230; <img loading=\"lazy\" class=\"alignnone size-medium wp-image-60764\" src=\"http:\/\/www.filindeblogg.nu\/wp-content\/uploads\/2014\/11\/0064-300x225.jpg\" alt=\"006\" width=\"300\" height=\"225\" srcset=\"http:\/\/www.filindeblogg.nu\/wp-content\/uploads\/2014\/11\/0064-300x225.jpg 300w, http:\/\/www.filindeblogg.nu\/wp-content\/uploads\/2014\/11\/0064.jpg 600w\" sizes=\"(max-width: 300px) 100vw, 300px\" \/><\/p>\n<p>Bilderna \u00e4r fr\u00e5n tunneln i centrala Arboga. <img loading=\"lazy\" class=\"alignnone  wp-image-60765\" src=\"http:\/\/www.filindeblogg.nu\/wp-content\/uploads\/2014\/11\/0077-300x225.jpg\" alt=\"007\" width=\"200\" height=\"150\" srcset=\"http:\/\/www.filindeblogg.nu\/wp-content\/uploads\/2014\/11\/0077-300x225.jpg 300w, http:\/\/www.filindeblogg.nu\/wp-content\/uploads\/2014\/11\/0077.jpg 600w\" sizes=\"(max-width: 200px) 100vw, 200px\" \/> Den som g\u00e5r under <strong>Stureleden<\/strong> och f\u00f6rbinder <strong>Stureparken<\/strong> med <strong>Bergmans park<\/strong>. <img loading=\"lazy\" class=\"alignnone  wp-image-60766\" src=\"http:\/\/www.filindeblogg.nu\/wp-content\/uploads\/2014\/11\/0084-300x225.jpg\" alt=\"008\" width=\"191\" height=\"143\" srcset=\"http:\/\/www.filindeblogg.nu\/wp-content\/uploads\/2014\/11\/0084-300x225.jpg 300w, http:\/\/www.filindeblogg.nu\/wp-content\/uploads\/2014\/11\/0084.jpg 600w\" sizes=\"(max-width: 191px) 100vw, 191px\" \/> H\u00e4r g\u00e5r man inte g\u00e4rna ens p\u00e5 dagarna i november eller senare under den m\u00f6rka \u00e5rstiden&#8230;<\/p>\n<p><img loading=\"lazy\" class=\"alignnone size-medium wp-image-60767\" src=\"http:\/\/www.filindeblogg.nu\/wp-content\/uploads\/2014\/11\/0094-300x225.jpg\" alt=\"009\" width=\"300\" height=\"225\" srcset=\"http:\/\/www.filindeblogg.nu\/wp-content\/uploads\/2014\/11\/0094-300x225.jpg 300w, http:\/\/www.filindeblogg.nu\/wp-content\/uploads\/2014\/11\/0094.jpg 600w\" sizes=\"(max-width: 300px) 100vw, 300px\" \/> Hur vore det med belysning som fungerar \u00e4ven dagtid? Om lamporna fungerar p\u00e5 natten vet inte bloggaren&#8230;<br \/>\n\u00c4r det sv\u00e5rt att f\u00e5 till belysning inne i tunneln &#8211; varf\u00f6r inte ha lyktstolpar utanf\u00f6r, en p\u00e5 var sida om tunneln?<br \/>\nDet har h\u00e4nt \u00f6verfall h\u00e4r och omr\u00e5det \u00e4r lite avskilt trots det centrala l\u00e4get. Biltrafik ovanp\u00e5 kan g\u00f6ra att skrik p\u00e5 hj\u00e4lp inte h\u00f6rs till husen n\u00e4rmast.<\/p>\n<p>Annat skr\u00e4mmande som det beh\u00f6ver g\u00f6ras n\u00e5got \u00e5t i Arboga tar lokaltidningen upp idag &#8211; igen! <img loading=\"lazy\" class=\"alignnone  wp-image-60773\" src=\"http:\/\/www.filindeblogg.nu\/wp-content\/uploads\/2014\/11\/0173-297x300.jpg\" alt=\"017\" width=\"208\" height=\"210\" srcset=\"http:\/\/www.filindeblogg.nu\/wp-content\/uploads\/2014\/11\/0173-297x300.jpg 297w, http:\/\/www.filindeblogg.nu\/wp-content\/uploads\/2014\/11\/0173-150x150.jpg 150w, http:\/\/www.filindeblogg.nu\/wp-content\/uploads\/2014\/11\/0173-144x144.jpg 144w, http:\/\/www.filindeblogg.nu\/wp-content\/uploads\/2014\/11\/0173.jpg 431w\" sizes=\"(max-width: 208px) 100vw, 208px\" \/> <strong>Hemtj\u00e4nsten!<\/strong><\/p>\n<p><img loading=\"lazy\" class=\"alignnone size-medium wp-image-60774\" src=\"http:\/\/www.filindeblogg.nu\/wp-content\/uploads\/2014\/11\/0211-300x231.jpg\" alt=\"021\" width=\"300\" height=\"231\" srcset=\"http:\/\/www.filindeblogg.nu\/wp-content\/uploads\/2014\/11\/0211-300x231.jpg 300w, http:\/\/www.filindeblogg.nu\/wp-content\/uploads\/2014\/11\/0211.jpg 579w\" sizes=\"(max-width: 300px) 100vw, 300px\" \/> Artikeln om den stackars otrygga kvinnan med det fingerade namnet <em>&#8221;Maj&#8221;<\/em> skulle kunna vara bloggarens mamma, men det \u00e4r det inte. Mamma har det mycket v\u00e4rre. Som blind m\u00e5ste hon om och om igen tala om f\u00f6r alla de olika m\u00e4nniskorna ur hemtj\u00e4nstpersonalen vad de ska g\u00f6ra och var saker och ting finns&#8230;<\/p>\n<p>I m\u00e5ndags opponerade mamma sig n\u00e4r en ur personalen ville ge henne fel medicin! Mamma k\u00e4nde inte igen situationen och tyckte att antalet tabletter i handen inte st\u00e4mde. Men hur m\u00e5nga \u00e4r s\u00e5 alerta i huvudet eller ens ska beh\u00f6va vara det! Skandal \u00e4r vad det \u00e4r! \ud83d\ude41 Akta er f\u00f6r att bli gamla eller g\u00f6r n\u00e5got \u00e5t det!!<\/p>\n<p><a href=\"http:\/\/bblat.se\/nyheter\/arboga\"><strong>H\u00c4R<\/strong><\/a> hittar ni Arboga Tidning. Dock hittar inte bloggaren artikeln d\u00e4r \u00e4n&#8230;<br \/>\n<strong>N\u00e4r l\u00e4gger tidningen ut den p\u00e5 n\u00e4tet? F\u00f6rstasidesartikeln borde ligga ute redan!<\/strong><\/p>\n<p>Lite ljusare bilder fr\u00e5n Arboga ocks\u00e5 idag.<img loading=\"lazy\" class=\"alignnone size-medium wp-image-60768\" src=\"http:\/\/www.filindeblogg.nu\/wp-content\/uploads\/2014\/11\/0014-300x225.jpg\" alt=\"001\" width=\"300\" height=\"225\" srcset=\"http:\/\/www.filindeblogg.nu\/wp-content\/uploads\/2014\/11\/0014-300x225.jpg 300w, http:\/\/www.filindeblogg.nu\/wp-content\/uploads\/2014\/11\/0014.jpg 600w\" sizes=\"(max-width: 300px) 100vw, 300px\" \/> Det blommar trots att mer \u00e4n halva november har g\u00e5tt!<br \/>\nVackra ringblommor lyser upp gr\u00e5v\u00e4dret! <img loading=\"lazy\" class=\"alignnone size-medium wp-image-60769\" src=\"http:\/\/www.filindeblogg.nu\/wp-content\/uploads\/2014\/11\/0023-222x300.jpg\" alt=\"002\" width=\"222\" height=\"300\" srcset=\"http:\/\/www.filindeblogg.nu\/wp-content\/uploads\/2014\/11\/0023-222x300.jpg 222w, http:\/\/www.filindeblogg.nu\/wp-content\/uploads\/2014\/11\/0023.jpg 334w\" sizes=\"(max-width: 222px) 100vw, 222px\" \/> Var de finns?<\/p>\n<p>Utanf\u00f6r <strong>Trefaldighetsg\u00e5rden<\/strong>! <img loading=\"lazy\" class=\"alignnone size-medium wp-image-60770\" src=\"http:\/\/www.filindeblogg.nu\/wp-content\/uploads\/2014\/11\/0034-300x225.jpg\" alt=\"003\" width=\"300\" height=\"225\" srcset=\"http:\/\/www.filindeblogg.nu\/wp-content\/uploads\/2014\/11\/0034-300x225.jpg 300w, http:\/\/www.filindeblogg.nu\/wp-content\/uploads\/2014\/11\/0034.jpg 600w\" sizes=\"(max-width: 300px) 100vw, 300px\" \/><\/p>\n<p>Bloggaren passerade \u00e5n och v\u00e5gade knappt titta ner i vattnet. <em>&#8221;-T\u00e4nk om \u00e4nderna \u00e4r hungriga och hoppas p\u00e5 br\u00f6d och jag inget har!&#8221; <img loading=\"lazy\" class=\"alignnone size-medium wp-image-60771\" src=\"http:\/\/www.filindeblogg.nu\/wp-content\/uploads\/2014\/11\/0046-300x225.jpg\" alt=\"004\" width=\"300\" height=\"225\" srcset=\"http:\/\/www.filindeblogg.nu\/wp-content\/uploads\/2014\/11\/0046-300x225.jpg 300w, http:\/\/www.filindeblogg.nu\/wp-content\/uploads\/2014\/11\/0046.jpg 600w\" sizes=\"(max-width: 300px) 100vw, 300px\" \/><\/em> De verkade dock t\u00e4mligen ointresserade och \u00e4n finns det f\u00f6rmodligen annat att \u00e4ta f\u00f6r f\u00e5glarna.<\/p>\n<p>Fler blommor! <img loading=\"lazy\" class=\"alignnone size-medium wp-image-60775\" src=\"http:\/\/www.filindeblogg.nu\/wp-content\/uploads\/2014\/11\/0123-300x225.jpg\" alt=\"012\" width=\"300\" height=\"225\" srcset=\"http:\/\/www.filindeblogg.nu\/wp-content\/uploads\/2014\/11\/0123-300x225.jpg 300w, http:\/\/www.filindeblogg.nu\/wp-content\/uploads\/2014\/11\/0123.jpg 600w\" sizes=\"(max-width: 300px) 100vw, 300px\" \/> Utefter <strong>V\u00e4sterl\u00e5nggatan<\/strong> fick bloggaren syn p\u00e5 det h\u00e4r: <img loading=\"lazy\" class=\"alignnone size-medium wp-image-60776\" src=\"http:\/\/www.filindeblogg.nu\/wp-content\/uploads\/2014\/11\/0103-300x225.jpg\" alt=\"010\" width=\"300\" height=\"225\" srcset=\"http:\/\/www.filindeblogg.nu\/wp-content\/uploads\/2014\/11\/0103-300x225.jpg 300w, http:\/\/www.filindeblogg.nu\/wp-content\/uploads\/2014\/11\/0103.jpg 600w\" sizes=\"(max-width: 300px) 100vw, 300px\" \/> N\u00e5gon har f\u00f6rbarmat sig \u00f6ver den vildv\u00e4xande rosenbusken f\u00f6r att skydda den! \ud83d\ude42\u00a0 S\u00e5dant gillas! <img loading=\"lazy\" class=\"alignnone size-medium wp-image-60777\" src=\"http:\/\/www.filindeblogg.nu\/wp-content\/uploads\/2014\/11\/0113-225x300.jpg\" alt=\"011\" width=\"225\" height=\"300\" srcset=\"http:\/\/www.filindeblogg.nu\/wp-content\/uploads\/2014\/11\/0113-225x300.jpg 225w, http:\/\/www.filindeblogg.nu\/wp-content\/uploads\/2014\/11\/0113.jpg 450w\" sizes=\"(max-width: 225px) 100vw, 225px\" \/><\/p>\n<p>Intill husen vid<strong> Storgatan<\/strong> blommar det ocks\u00e5! <img loading=\"lazy\" class=\"alignnone size-medium wp-image-60779\" src=\"http:\/\/www.filindeblogg.nu\/wp-content\/uploads\/2014\/11\/0131-225x300.jpg\" alt=\"013\" width=\"225\" height=\"300\" srcset=\"http:\/\/www.filindeblogg.nu\/wp-content\/uploads\/2014\/11\/0131-225x300.jpg 225w, http:\/\/www.filindeblogg.nu\/wp-content\/uploads\/2014\/11\/0131.jpg 450w\" sizes=\"(max-width: 225px) 100vw, 225px\" \/> Underbart! Njut medan tid \u00e4r!<\/p>\n<p style=\"text-align: center;\"><img loading=\"lazy\" class=\"aligncenter size-medium wp-image-60778\" src=\"http:\/\/www.filindeblogg.nu\/wp-content\/uploads\/2014\/11\/0145-300x225.jpg\" alt=\"014\" width=\"300\" height=\"225\" srcset=\"http:\/\/www.filindeblogg.nu\/wp-content\/uploads\/2014\/11\/0145-300x225.jpg 300w, http:\/\/www.filindeblogg.nu\/wp-content\/uploads\/2014\/11\/0145.jpg 600w\" sizes=\"(max-width: 300px) 100vw, 300px\" \/><br \/>\nGula rosor utefter Storgatan i Arboga.<\/p>\n<p style=\"text-align: center;\">Ha en fin dag!<br \/>\nAkta er f\u00f6r att bli gamla &#8211;<br \/>\neller g\u00f6r n\u00e5got \u00e5t situationen i Arboga!!<\/p>\n<p>&nbsp;<\/p>\n","protected":false},"excerpt":{"rendered":"<p>Bloggaren l\u00e4ser p\u00e5 sociala medier att det har nattvandrats i Arboga igen. Man beh\u00f6ver dock inte vandra p\u00e5 natten om syftet \u00e4r att uppt\u00e4cka m\u00f6rka, obehagliga platser i stan&#8230; Bilderna \u00e4r fr\u00e5n tunneln i centrala Arboga. Den som g\u00e5r under Stureleden och f\u00f6rbinder Stureparken med Bergmans park. H\u00e4r g\u00e5r man inte g\u00e4rna ens p\u00e5 dagarna [&hellip;]<\/p>\n","protected":false},"author":1,"featured_media":0,"comment_status":"open","ping_status":"open","sticky":false,"template":"","format":"standard","meta":[],"categories":[127,138,177,100,145,151,101,153,124],"tags":[],"_links":{"self":[{"href":"http:\/\/www.filindeblogg.nu\/index.php?rest_route=\/wp\/v2\/posts\/60762"}],"collection":[{"href":"http:\/\/www.filindeblogg.nu\/index.php?rest_route=\/wp\/v2\/posts"}],"about":[{"href":"http:\/\/www.filindeblogg.nu\/index.php?rest_route=\/wp\/v2\/types\/post"}],"author":[{"embeddable":true,"href":"http:\/\/www.filindeblogg.nu\/index.php?rest_route=\/wp\/v2\/users\/1"}],"replies":[{"embeddable":true,"href":"http:\/\/www.filindeblogg.nu\/index.php?rest_route=%2Fwp%2Fv2%2Fcomments&post=60762"}],"version-history":[{"count":8,"href":"http:\/\/www.filindeblogg.nu\/index.php?rest_route=\/wp\/v2\/posts\/60762\/revisions"}],"predecessor-version":[{"id":60787,"href":"http:\/\/www.filindeblogg.nu\/index.php?rest_route=\/wp\/v2\/posts\/60762\/revisions\/60787"}],"wp:attachment":[{"href":"http:\/\/www.filindeblogg.nu\/index.php?rest_route=%2Fwp%2Fv2%2Fmedia&parent=60762"}],"wp:term":[{"taxonomy":"category","embeddable":true,"href":"http:\/\/www.filindeblogg.nu\/index.php?rest_route=%2Fwp%2Fv2%2Fcategories&post=60762"},{"taxonomy":"post_tag","embeddable":true,"href":"http:\/\/www.filindeblogg.nu\/index.php?rest_route=%2Fwp%2Fv2%2Ftags&post=60762"}],"curies":[{"name":"wp","href":"https:\/\/api.w.org\/{rel}","templated":true}]}}