{"id":60712,"date":"2014-11-17T09:46:56","date_gmt":"2014-11-17T08:46:56","guid":{"rendered":"http:\/\/www.filindeblogg.nu\/?p=60712"},"modified":"2014-11-17T09:46:56","modified_gmt":"2014-11-17T08:46:56","slug":"trafiksakra-arboga","status":"publish","type":"post","link":"http:\/\/www.filindeblogg.nu\/?p=60712","title":{"rendered":"Trafiks\u00e4kra Arboga!?"},"content":{"rendered":"<p><img loading=\"lazy\" class=\"alignnone size-full wp-image-60713\" src=\"http:\/\/www.filindeblogg.nu\/wp-content\/uploads\/2014\/11\/Trafiks\u00e4kerhet.jpg\" alt=\"Trafiks\u00e4kerhet\" width=\"128\" height=\"71\" \/>\u00a0Nyligen tog bloggen upp att det nya, f\u00f6rhoppningsvis mer trafiks\u00e4kra, \u00f6verg\u00e5ngsst\u00e4llet <strong>Nygatan\/Centrumleden\/\u00d6stra Nygatan<\/strong> i <strong>Arboga<\/strong> var f\u00e4rdigbyggt.\u00a0<img loading=\"lazy\" class=\"alignnone  wp-image-60723\" src=\"http:\/\/www.filindeblogg.nu\/wp-content\/uploads\/2014\/11\/Arboga-300x190.jpg\" alt=\"Arboga\" width=\"237\" height=\"150\" srcset=\"http:\/\/www.filindeblogg.nu\/wp-content\/uploads\/2014\/11\/Arboga-300x190.jpg 300w, http:\/\/www.filindeblogg.nu\/wp-content\/uploads\/2014\/11\/Arboga.jpg 550w\" sizes=\"(max-width: 237px) 100vw, 237px\" \/> I en senare blogg skrevs det om <a href=\"http:\/\/www.arboga.se\/\" target=\"_blank\"><strong>Arboga kommuns<\/strong><\/a> m\u00e4rkliga planering (finns det en s\u00e5dan?) n\u00e4r man p\u00e5b\u00f6rjar vissa jobb men inte andra. Man ser liksom inte helheten. <img loading=\"lazy\" class=\"alignnone size-full wp-image-60724\" src=\"http:\/\/www.filindeblogg.nu\/wp-content\/uploads\/2014\/11\/Funderande-smiley.jpg\" alt=\"Funderande smiley\" width=\"97\" height=\"104\" \/><\/p>\n<p>H\u00e4r \u00e4r ett typexempel! Den nya omgjorda korsningen i centrum: <img loading=\"lazy\" class=\"alignnone  wp-image-60714\" src=\"http:\/\/www.filindeblogg.nu\/wp-content\/uploads\/2014\/11\/Blogg-tidigare-300x192.jpg\" alt=\"Blogg tidigare\" width=\"220\" height=\"141\" srcset=\"http:\/\/www.filindeblogg.nu\/wp-content\/uploads\/2014\/11\/Blogg-tidigare-300x192.jpg 300w, http:\/\/www.filindeblogg.nu\/wp-content\/uploads\/2014\/11\/Blogg-tidigare.jpg 600w\" sizes=\"(max-width: 220px) 100vw, 220px\" \/> Och samma omr\u00e5de men fr\u00e5n ett annat h\u00e5ll! <img loading=\"lazy\" class=\"alignnone size-medium wp-image-60715\" src=\"http:\/\/www.filindeblogg.nu\/wp-content\/uploads\/2014\/11\/0223-300x225.jpg\" alt=\"022\" width=\"300\" height=\"225\" srcset=\"http:\/\/www.filindeblogg.nu\/wp-content\/uploads\/2014\/11\/0223-300x225.jpg 300w, http:\/\/www.filindeblogg.nu\/wp-content\/uploads\/2014\/11\/0223.jpg 600w\" sizes=\"(max-width: 300px) 100vw, 300px\" \/> <strong>Herrg\u00e5rdsgatan<\/strong> som mynnar ut i <strong>Centrumleden<\/strong> till v\u00e4nster upp mot stan och i<strong> Stureleden<\/strong> till h\u00f6ger.<\/p>\n<p><img loading=\"lazy\" class=\"alignnone size-medium wp-image-60716\" src=\"http:\/\/www.filindeblogg.nu\/wp-content\/uploads\/2014\/11\/0231-300x225.jpg\" alt=\"023\" width=\"300\" height=\"225\" srcset=\"http:\/\/www.filindeblogg.nu\/wp-content\/uploads\/2014\/11\/0231-300x225.jpg 300w, http:\/\/www.filindeblogg.nu\/wp-content\/uploads\/2014\/11\/0231.jpg 600w\" sizes=\"(max-width: 300px) 100vw, 300px\" \/> Promenerande n\u00e4rmar sig bloggaren leden och ett annat \u00f6verg\u00e5ngsst\u00e4lle&#8230;<\/p>\n<p>Snart framme! <img loading=\"lazy\" class=\"alignnone  wp-image-60717\" src=\"http:\/\/www.filindeblogg.nu\/wp-content\/uploads\/2014\/11\/024-300x225.jpg\" alt=\"024\" width=\"225\" height=\"169\" srcset=\"http:\/\/www.filindeblogg.nu\/wp-content\/uploads\/2014\/11\/024-300x225.jpg 300w, http:\/\/www.filindeblogg.nu\/wp-content\/uploads\/2014\/11\/024.jpg 600w\" sizes=\"(max-width: 225px) 100vw, 225px\" \/> Ser ni n\u00e5got fel?? Det h\u00e4r: <img loading=\"lazy\" class=\"alignnone size-medium wp-image-60718\" src=\"http:\/\/www.filindeblogg.nu\/wp-content\/uploads\/2014\/11\/024-Kopia-300x225.jpg\" alt=\"024 - Kopia\" width=\"300\" height=\"225\" srcset=\"http:\/\/www.filindeblogg.nu\/wp-content\/uploads\/2014\/11\/024-Kopia-300x225.jpg 300w, http:\/\/www.filindeblogg.nu\/wp-content\/uploads\/2014\/11\/024-Kopia.jpg 600w\" sizes=\"(max-width: 300px) 100vw, 300px\" \/> Den stora trafikskylten \u00e4r placerad s\u00e5 att bilister om\u00f6jligt kan se eventuella g\u00e5ngtrafikanter i tid. Tillkommer g\u00f6r en h\u00e4ck intill det gula huset till h\u00f6ger.<\/p>\n<p><img loading=\"lazy\" class=\"alignnone size-medium wp-image-60719\" src=\"http:\/\/www.filindeblogg.nu\/wp-content\/uploads\/2014\/11\/026-Kopia-300x225.jpg\" alt=\"026 - Kopia\" width=\"300\" height=\"225\" srcset=\"http:\/\/www.filindeblogg.nu\/wp-content\/uploads\/2014\/11\/026-Kopia-300x225.jpg 300w, http:\/\/www.filindeblogg.nu\/wp-content\/uploads\/2014\/11\/026-Kopia.jpg 600w\" sizes=\"(max-width: 300px) 100vw, 300px\" \/> D\u00e4r dyker \u00f6verg\u00e5ngsst\u00e4llet upp! <img loading=\"lazy\" class=\"alignnone size-medium wp-image-60720\" src=\"http:\/\/www.filindeblogg.nu\/wp-content\/uploads\/2014\/11\/0271-300x225.jpg\" alt=\"027\" width=\"300\" height=\"225\" srcset=\"http:\/\/www.filindeblogg.nu\/wp-content\/uploads\/2014\/11\/0271-300x225.jpg 300w, http:\/\/www.filindeblogg.nu\/wp-content\/uploads\/2014\/11\/0271.jpg 600w\" sizes=\"(max-width: 300px) 100vw, 300px\" \/><\/p>\n<p>Fr\u00e5n g\u00e5ngtrafikantens sida ser det ut s\u00e5 h\u00e4r: <img loading=\"lazy\" class=\"alignnone size-medium wp-image-60721\" src=\"http:\/\/www.filindeblogg.nu\/wp-content\/uploads\/2014\/11\/0281-300x225.jpg\" alt=\"028\" width=\"300\" height=\"225\" srcset=\"http:\/\/www.filindeblogg.nu\/wp-content\/uploads\/2014\/11\/0281-300x225.jpg 300w, http:\/\/www.filindeblogg.nu\/wp-content\/uploads\/2014\/11\/0281.jpg 600w\" sizes=\"(max-width: 300px) 100vw, 300px\" \/> Om\u00f6jligt att se om det kommer fler bilar och om man ska v\u00e5ga sig \u00f6ver!<br \/>\nF\u00f6r \u00f6vrigt kan bloggaren ber\u00e4tta att bilen p\u00e5 bilden h\u00f6r ovan bytte fil och kom farande mot bloggaren och fick tv\u00e4rbromsa n\u00e4r f\u00f6raren uppt\u00e4ckte n\u00e5gon som t\u00e4nkte g\u00e5 \u00f6ver p\u00e5 \u00f6verg\u00e5ngsst\u00e4llet&#8230;<\/p>\n<p>Skylten och h\u00e4cken skymmer f\u00f6r b\u00e5de biltrafikanter och g\u00e5ende!<img loading=\"lazy\" class=\"alignnone size-medium wp-image-60722\" src=\"http:\/\/www.filindeblogg.nu\/wp-content\/uploads\/2014\/11\/029-Kopia-300x225.jpg\" alt=\"029 - Kopia\" width=\"300\" height=\"225\" srcset=\"http:\/\/www.filindeblogg.nu\/wp-content\/uploads\/2014\/11\/029-Kopia-300x225.jpg 300w, http:\/\/www.filindeblogg.nu\/wp-content\/uploads\/2014\/11\/029-Kopia.jpg 600w\" sizes=\"(max-width: 300px) 100vw, 300px\" \/><\/p>\n<p>G\u00f6r n\u00e5got \u00e5t det innan det h\u00e4nder en olycka! M\u00e5nga skolklasser g\u00e5r den h\u00e4r v\u00e4gen mot <strong>St Nicolaikyrkan<\/strong> och upp mot centrum. Enhetlighet i trafikfr\u00e5gor, tack!! <img loading=\"lazy\" class=\"alignnone size-medium wp-image-60725\" src=\"http:\/\/www.filindeblogg.nu\/wp-content\/uploads\/2014\/11\/0311-300x225.jpg\" alt=\"031\" width=\"300\" height=\"225\" srcset=\"http:\/\/www.filindeblogg.nu\/wp-content\/uploads\/2014\/11\/0311-300x225.jpg 300w, http:\/\/www.filindeblogg.nu\/wp-content\/uploads\/2014\/11\/0311.jpg 600w\" sizes=\"(max-width: 300px) 100vw, 300px\" \/><\/p>\n<p><img loading=\"lazy\" class=\"alignnone  wp-image-60726\" src=\"http:\/\/www.filindeblogg.nu\/wp-content\/uploads\/2014\/11\/0112-300x225.jpg\" alt=\"011\" width=\"199\" height=\"149\" srcset=\"http:\/\/www.filindeblogg.nu\/wp-content\/uploads\/2014\/11\/0112-300x225.jpg 300w, http:\/\/www.filindeblogg.nu\/wp-content\/uploads\/2014\/11\/0112.jpg 600w\" sizes=\"(max-width: 199px) 100vw, 199px\" \/>\u00a0L\u00f6ven har fallit men \u00e4n har inte sn\u00f6n gjort detsamma i s\u00e5dana m\u00e4ngder att man beh\u00f6vt g\u00f6ra n\u00e5got \u00e5t saken.<br \/>\nDock har bloggaren f\u00f6rberett sig! \ud83d\ude00 <img loading=\"lazy\" class=\"alignnone size-medium wp-image-60727\" src=\"http:\/\/www.filindeblogg.nu\/wp-content\/uploads\/2014\/11\/0013-300x225.jpg\" alt=\"001\" width=\"300\" height=\"225\" srcset=\"http:\/\/www.filindeblogg.nu\/wp-content\/uploads\/2014\/11\/0013-300x225.jpg 300w, http:\/\/www.filindeblogg.nu\/wp-content\/uploads\/2014\/11\/0013.jpg 600w\" sizes=\"(max-width: 300px) 100vw, 300px\" \/> Sn\u00f6skyffel, sn\u00f6sl\u00e4de och n\u00e5gra s\u00e4ckar fr\u00f6n till f\u00e5glarna! En liten s\u00e4ck kattmat \u00e5kte med ocks\u00e5! Fr\u00e5n <strong>Lantm\u00e4nnen <a href=\"http:\/\/www.granngarden.se\/content\/omOss\" target=\"_blank\">Granng\u00e5rden<\/a> i Arboga<\/strong>!<\/p>\n<p>Avslutar med en sk\u00e4mtteckning fr\u00e5n DN ig\u00e5r, s\u00f6ndag! <strong>Bard<\/strong> har gjort det igen! \ud83d\ude00<\/p>\n<p><img loading=\"lazy\" class=\"aligncenter size-full wp-image-60728\" src=\"http:\/\/www.filindeblogg.nu\/wp-content\/uploads\/2014\/11\/BARD-s\u00f6ndag-16-nov-2014.jpg\" alt=\"BARD s\u00f6ndag 16 nov 2014\" width=\"288\" height=\"246\" \/><\/p>\n<p style=\"text-align: center;\">F\u00f6r den som inte ser vad det st\u00e5r:<br \/>\n<strong><em>&#8221;Vilken del av &#8221;f\u00e5tt kicken&#8221; var det dom inte f\u00f6rstod&#8221;<\/em><\/strong>!<br \/>\nExakt!!<\/p>\n<p>&nbsp;<\/p>\n<p>&nbsp;<\/p>\n","protected":false},"excerpt":{"rendered":"<p>\u00a0Nyligen tog bloggen upp att det nya, f\u00f6rhoppningsvis mer trafiks\u00e4kra, \u00f6verg\u00e5ngsst\u00e4llet Nygatan\/Centrumleden\/\u00d6stra Nygatan i Arboga var f\u00e4rdigbyggt.\u00a0 I en senare blogg skrevs det om Arboga kommuns m\u00e4rkliga planering (finns det en s\u00e5dan?) n\u00e4r man p\u00e5b\u00f6rjar vissa jobb men inte andra. Man ser liksom inte helheten. H\u00e4r \u00e4r ett typexempel! Den nya omgjorda korsningen i centrum: [&hellip;]<\/p>\n","protected":false},"author":1,"featured_media":0,"comment_status":"open","ping_status":"open","sticky":false,"template":"","format":"standard","meta":[],"categories":[127,177,100,119,151,101,153],"tags":[],"_links":{"self":[{"href":"http:\/\/www.filindeblogg.nu\/index.php?rest_route=\/wp\/v2\/posts\/60712"}],"collection":[{"href":"http:\/\/www.filindeblogg.nu\/index.php?rest_route=\/wp\/v2\/posts"}],"about":[{"href":"http:\/\/www.filindeblogg.nu\/index.php?rest_route=\/wp\/v2\/types\/post"}],"author":[{"embeddable":true,"href":"http:\/\/www.filindeblogg.nu\/index.php?rest_route=\/wp\/v2\/users\/1"}],"replies":[{"embeddable":true,"href":"http:\/\/www.filindeblogg.nu\/index.php?rest_route=%2Fwp%2Fv2%2Fcomments&post=60712"}],"version-history":[{"count":3,"href":"http:\/\/www.filindeblogg.nu\/index.php?rest_route=\/wp\/v2\/posts\/60712\/revisions"}],"predecessor-version":[{"id":60731,"href":"http:\/\/www.filindeblogg.nu\/index.php?rest_route=\/wp\/v2\/posts\/60712\/revisions\/60731"}],"wp:attachment":[{"href":"http:\/\/www.filindeblogg.nu\/index.php?rest_route=%2Fwp%2Fv2%2Fmedia&parent=60712"}],"wp:term":[{"taxonomy":"category","embeddable":true,"href":"http:\/\/www.filindeblogg.nu\/index.php?rest_route=%2Fwp%2Fv2%2Fcategories&post=60712"},{"taxonomy":"post_tag","embeddable":true,"href":"http:\/\/www.filindeblogg.nu\/index.php?rest_route=%2Fwp%2Fv2%2Ftags&post=60712"}],"curies":[{"name":"wp","href":"https:\/\/api.w.org\/{rel}","templated":true}]}}