{"id":60651,"date":"2014-11-15T11:04:23","date_gmt":"2014-11-15T10:04:23","guid":{"rendered":"http:\/\/www.filindeblogg.nu\/?p=60651"},"modified":"2014-11-15T11:04:23","modified_gmt":"2014-11-15T10:04:23","slug":"trafik-och-miljo-i-arboga","status":"publish","type":"post","link":"http:\/\/www.filindeblogg.nu\/?p=60651","title":{"rendered":"Trafik och milj\u00f6 i Arboga??"},"content":{"rendered":"<p><img loading=\"lazy\" class=\"alignnone  wp-image-60652\" src=\"http:\/\/www.filindeblogg.nu\/wp-content\/uploads\/2014\/11\/0044-300x225.jpg\" alt=\"004\" width=\"225\" height=\"169\" srcset=\"http:\/\/www.filindeblogg.nu\/wp-content\/uploads\/2014\/11\/0044-300x225.jpg 300w, http:\/\/www.filindeblogg.nu\/wp-content\/uploads\/2014\/11\/0044.jpg 600w\" sizes=\"(max-width: 225px) 100vw, 225px\" \/> Ser ni n\u00e5gon skillnad mot tidigare foton av samma vy?<\/p>\n<p>Tidigare i bloggen: <img loading=\"lazy\" class=\"alignnone  wp-image-60653\" src=\"http:\/\/www.filindeblogg.nu\/wp-content\/uploads\/2014\/11\/Ombygge2.jpg\" alt=\"Ombygge2\" width=\"227\" height=\"170\" \/> Mot v\u00e4ster &#8211;<\/p>\n<p>och mot norr: <img loading=\"lazy\" class=\"alignnone  wp-image-60654\" src=\"http:\/\/www.filindeblogg.nu\/wp-content\/uploads\/2014\/11\/Ombygge-1.jpg\" alt=\"Ombygge 1\" width=\"211\" height=\"158\" \/><\/p>\n<p>Den gode <strong>Peder<\/strong> fick r\u00e4tt! <img loading=\"lazy\" class=\"alignnone  wp-image-60655\" src=\"http:\/\/www.filindeblogg.nu\/wp-content\/uploads\/2014\/11\/Peder.jpg\" alt=\"Peder\" width=\"134\" height=\"179\" \/> De blev klara till ig\u00e5r! <img loading=\"lazy\" class=\"alignnone size-medium wp-image-60656\" src=\"http:\/\/www.filindeblogg.nu\/wp-content\/uploads\/2014\/11\/0053-300x225.jpg\" alt=\"005\" width=\"300\" height=\"225\" srcset=\"http:\/\/www.filindeblogg.nu\/wp-content\/uploads\/2014\/11\/0053-300x225.jpg 300w, http:\/\/www.filindeblogg.nu\/wp-content\/uploads\/2014\/11\/0053.jpg 600w\" sizes=\"(max-width: 300px) 100vw, 300px\" \/> Det nya \u00f6verg\u00e5ngsst\u00e4llet och ombyggnationen av korsningen <strong>Nygatan\/Centrumleden\/\u00d6stra Nygatan<\/strong> i <strong>Arboga<\/strong> \u00e4r klar! <img loading=\"lazy\" class=\"alignnone size-medium wp-image-60657\" src=\"http:\/\/www.filindeblogg.nu\/wp-content\/uploads\/2014\/11\/0063-300x225.jpg\" alt=\"006\" width=\"300\" height=\"225\" srcset=\"http:\/\/www.filindeblogg.nu\/wp-content\/uploads\/2014\/11\/0063-300x225.jpg 300w, http:\/\/www.filindeblogg.nu\/wp-content\/uploads\/2014\/11\/0063.jpg 600w\" sizes=\"(max-width: 300px) 100vw, 300px\" \/><\/p>\n<p>Sett mot \u00f6ster: <img loading=\"lazy\" class=\"alignnone size-medium wp-image-60658\" src=\"http:\/\/www.filindeblogg.nu\/wp-content\/uploads\/2014\/11\/0075-300x225.jpg\" alt=\"007\" width=\"300\" height=\"225\" srcset=\"http:\/\/www.filindeblogg.nu\/wp-content\/uploads\/2014\/11\/0075-300x225.jpg 300w, http:\/\/www.filindeblogg.nu\/wp-content\/uploads\/2014\/11\/0075.jpg 600w\" sizes=\"(max-width: 300px) 100vw, 300px\" \/> och mot norr! <img loading=\"lazy\" class=\"alignnone size-medium wp-image-60659\" src=\"http:\/\/www.filindeblogg.nu\/wp-content\/uploads\/2014\/11\/0261-300x192.jpg\" alt=\"026\" width=\"300\" height=\"192\" srcset=\"http:\/\/www.filindeblogg.nu\/wp-content\/uploads\/2014\/11\/0261-300x192.jpg 300w, http:\/\/www.filindeblogg.nu\/wp-content\/uploads\/2014\/11\/0261.jpg 600w\" sizes=\"(max-width: 300px) 100vw, 300px\" \/> Det gick snabbt! Nu beh\u00f6ver inte arbetarna uts\u00e4ttas f\u00f6r gn\u00e4lliga bilister som m\u00e5ste stanna till en stund n\u00e4r arbetet ska utf\u00f6ras. Korsningen \u00e4r \u00e5tg\u00e4rdad och klar och f\u00f6rhoppningsvis mer trafiks\u00e4ker!<\/p>\n<p>Ibland undrar bloggaren hur de styrande i <a href=\"http:\/\/www.arboga.se\/\" target=\"_blank\"><strong>Arboga kommun<\/strong> <\/a>t\u00e4nker? Om de liksom kommer p\u00e5 att<em> &#8211; Ja just ja, det d\u00e4r m\u00e5ste vi fixa!<\/em> och sen g\u00f6r det lite grann f\u00f6r att sen komma p\u00e5 n\u00e5got annat att g\u00f6ra &#8211; eller inte g\u00f6ra n\u00e5gonting alls&#8230;<\/p>\n<p>Bloggaren t\u00e4nker p\u00e5 det h\u00e4r: <img loading=\"lazy\" class=\"alignnone size-medium wp-image-60660\" src=\"http:\/\/www.filindeblogg.nu\/wp-content\/uploads\/2014\/11\/0121-300x225.jpg\" alt=\"012\" width=\"300\" height=\"225\" srcset=\"http:\/\/www.filindeblogg.nu\/wp-content\/uploads\/2014\/11\/0121-300x225.jpg 300w, http:\/\/www.filindeblogg.nu\/wp-content\/uploads\/2014\/11\/0121.jpg 600w\" sizes=\"(max-width: 300px) 100vw, 300px\" \/><br \/>\nKontra det h\u00e4r &#8211; mitt emot, p\u00e5 andra sidan <strong>Arbogag\u00e5n<\/strong>: <img loading=\"lazy\" class=\"alignnone size-medium wp-image-60661\" src=\"http:\/\/www.filindeblogg.nu\/wp-content\/uploads\/2014\/11\/016-300x225.jpg\" alt=\"016\" width=\"300\" height=\"225\" srcset=\"http:\/\/www.filindeblogg.nu\/wp-content\/uploads\/2014\/11\/016-300x225.jpg 300w, http:\/\/www.filindeblogg.nu\/wp-content\/uploads\/2014\/11\/016.jpg 600w\" sizes=\"(max-width: 300px) 100vw, 300px\" \/><\/p>\n<p><img loading=\"lazy\" class=\"alignnone size-medium wp-image-60664\" src=\"http:\/\/www.filindeblogg.nu\/wp-content\/uploads\/2014\/11\/0143-300x225.jpg\" alt=\"014\" width=\"300\" height=\"225\" srcset=\"http:\/\/www.filindeblogg.nu\/wp-content\/uploads\/2014\/11\/0143-300x225.jpg 300w, http:\/\/www.filindeblogg.nu\/wp-content\/uploads\/2014\/11\/0143.jpg 600w\" sizes=\"(max-width: 300px) 100vw, 300px\" \/> Den s\u00f6dra sidan, nedanf\u00f6r<strong> Strandg\u00e5rden<\/strong>, har f\u00e5tt en ny, fin brygga, b\u00e4nkar, utegym och skulpturer!\u00a0 <img loading=\"lazy\" class=\"alignnone size-medium wp-image-60666\" src=\"http:\/\/www.filindeblogg.nu\/wp-content\/uploads\/2014\/11\/0152-300x225.jpg\" alt=\"015\" width=\"300\" height=\"225\" srcset=\"http:\/\/www.filindeblogg.nu\/wp-content\/uploads\/2014\/11\/0152-300x225.jpg 300w, http:\/\/www.filindeblogg.nu\/wp-content\/uploads\/2014\/11\/0152.jpg 600w\" sizes=\"(max-width: 300px) 100vw, 300px\" \/> &#8211;<br \/>\n<img loading=\"lazy\" class=\"alignnone size-medium wp-image-60665\" src=\"http:\/\/www.filindeblogg.nu\/wp-content\/uploads\/2014\/11\/013-300x225.jpg\" alt=\"013\" width=\"300\" height=\"225\" srcset=\"http:\/\/www.filindeblogg.nu\/wp-content\/uploads\/2014\/11\/013-300x225.jpg 300w, http:\/\/www.filindeblogg.nu\/wp-content\/uploads\/2014\/11\/013.jpg 600w\" sizes=\"(max-width: 300px) 100vw, 300px\" \/> Medan den andra sidan ser ut s\u00e5 h\u00e4r: <img loading=\"lazy\" class=\"alignnone size-medium wp-image-60662\" src=\"http:\/\/www.filindeblogg.nu\/wp-content\/uploads\/2014\/11\/019-225x300.jpg\" alt=\"019\" width=\"225\" height=\"300\" srcset=\"http:\/\/www.filindeblogg.nu\/wp-content\/uploads\/2014\/11\/019-225x300.jpg 225w, http:\/\/www.filindeblogg.nu\/wp-content\/uploads\/2014\/11\/019.jpg 450w\" sizes=\"(max-width: 225px) 100vw, 225px\" \/><\/p>\n<p>&nbsp;<\/p>\n<p>Hur t\u00e4nker man d\u00e5? Eller t\u00e4nker man inte alls? <img loading=\"lazy\" class=\"alignnone size-medium wp-image-60663\" src=\"http:\/\/www.filindeblogg.nu\/wp-content\/uploads\/2014\/11\/0181-300x225.jpg\" alt=\"018\" width=\"300\" height=\"225\" srcset=\"http:\/\/www.filindeblogg.nu\/wp-content\/uploads\/2014\/11\/0181-300x225.jpg 300w, http:\/\/www.filindeblogg.nu\/wp-content\/uploads\/2014\/11\/0181.jpg 600w\" sizes=\"(max-width: 300px) 100vw, 300px\" \/><\/p>\n<p>S\u00e5 h\u00e4r nedslitet och farligt, <strong><em>&#8221;Risk f\u00f6r ras&#8221;<\/em><\/strong>, har det sett ut i m\u00e5nga \u00e5r. Samtidigt har man fixat till det l\u00e4ngre \u00f6sterut p\u00e5 den h\u00e4r sidan! <img loading=\"lazy\" class=\"alignnone  wp-image-60667\" src=\"http:\/\/www.filindeblogg.nu\/wp-content\/uploads\/2014\/11\/0201-300x225.jpg\" alt=\"020\" width=\"263\" height=\"197\" srcset=\"http:\/\/www.filindeblogg.nu\/wp-content\/uploads\/2014\/11\/0201-300x225.jpg 300w, http:\/\/www.filindeblogg.nu\/wp-content\/uploads\/2014\/11\/0201.jpg 600w\" sizes=\"(max-width: 263px) 100vw, 263px\" \/> En ny fin brygga som anv\u00e4nds till exempel under <strong>Medeltidsdagarna<\/strong> d\u00e5 rodden g\u00e5r p\u00e5 \u00e5n.<\/p>\n<p>Har man ingen plan? Ett enhetligt m\u00e5l som man bockar av efter hand? Eller sker allt bara genom pl\u00f6tsliga infall? N\u00e4r n\u00e5gon h\u00f6jer r\u00f6sten och opponerar sig?<br \/>\nMan kan ju undra om inte de boende i hamnkvarteren klagar &#8211; villorna l\u00e4ngs <strong>\u00d6stra Hamngatan<\/strong> &#8211; d\u00e4r det ska vara lite finare att bo? Det kan inte vara roligt att ha en s\u00e5dan utsikt fr\u00e5n vardagsrumsf\u00f6nstren.<\/p>\n<p>Hur som helst s\u00e5 vill bloggaren ha mer enhetlighet! Mer sammanh\u00e5llna planer! Inte p\u00e5b\u00f6rjade arbeten som inte fullf\u00f6ljs.<br \/>\nDet finns m\u00e5nga fler exempel &#8211; trottoarer som bara slutar i en gata och cykelbanor som slutar s\u00e5 abrupt att man \u00e4r p\u00e5 v\u00e4g att sl\u00e5 s\u00f6nder cykeln n\u00e4r man dyker ner.<br \/>\nN\u00e5got f\u00f6r oppositionen att k\u00f6ra h\u00e5rt med nu n\u00e4r det snart hundra\u00e5riga sossestyret verkar ha lagt sig till ro i sl\u00f6 f\u00f6rvissning om att <em>&#8221;en g\u00e5ng sosse alltid sosse&#8221;<\/em> och det \u00e4r bara att l\u00e5ta saker och ting vara som de alltid har varit f\u00f6r (s) kommer att styra Arboga i evinnerlighet i alla fall&#8230;<\/p>\n<p>Imorgon blir det en s\u00f6ndagspredikan igen! Vi ses d\u00e5! Ta en promenad i gr\u00e5diset! Det \u00e4r sk\u00f6nt och inte kallt! T\u00e4nk p\u00e5 de hurtiga orden &#8211; <em>&#8221;-Det finns inget d\u00e5ligt v\u00e4der, bara d\u00e5liga kl\u00e4der!&#8221;<\/em>\u00a0 \ud83d\ude42<\/p>\n<p><img loading=\"lazy\" class=\"aligncenter size-medium wp-image-60668\" src=\"http:\/\/www.filindeblogg.nu\/wp-content\/uploads\/2014\/11\/0301-300x225.jpg\" alt=\"030\" width=\"300\" height=\"225\" srcset=\"http:\/\/www.filindeblogg.nu\/wp-content\/uploads\/2014\/11\/0301-300x225.jpg 300w, http:\/\/www.filindeblogg.nu\/wp-content\/uploads\/2014\/11\/0301.jpg 600w\" sizes=\"(max-width: 300px) 100vw, 300px\" \/><\/p>\n<p>&nbsp;<\/p>\n<p>&nbsp;<\/p>\n","protected":false},"excerpt":{"rendered":"<p>Ser ni n\u00e5gon skillnad mot tidigare foton av samma vy? Tidigare i bloggen: Mot v\u00e4ster &#8211; och mot norr: Den gode Peder fick r\u00e4tt! De blev klara till ig\u00e5r! Det nya \u00f6verg\u00e5ngsst\u00e4llet och ombyggnationen av korsningen Nygatan\/Centrumleden\/\u00d6stra Nygatan i Arboga \u00e4r klar! Sett mot \u00f6ster: och mot norr! Det gick snabbt! Nu beh\u00f6ver inte arbetarna [&hellip;]<\/p>\n","protected":false},"author":1,"featured_media":0,"comment_status":"open","ping_status":"open","sticky":false,"template":"","format":"standard","meta":[],"categories":[127,177,100,160,119,151,101],"tags":[],"_links":{"self":[{"href":"http:\/\/www.filindeblogg.nu\/index.php?rest_route=\/wp\/v2\/posts\/60651"}],"collection":[{"href":"http:\/\/www.filindeblogg.nu\/index.php?rest_route=\/wp\/v2\/posts"}],"about":[{"href":"http:\/\/www.filindeblogg.nu\/index.php?rest_route=\/wp\/v2\/types\/post"}],"author":[{"embeddable":true,"href":"http:\/\/www.filindeblogg.nu\/index.php?rest_route=\/wp\/v2\/users\/1"}],"replies":[{"embeddable":true,"href":"http:\/\/www.filindeblogg.nu\/index.php?rest_route=%2Fwp%2Fv2%2Fcomments&post=60651"}],"version-history":[{"count":7,"href":"http:\/\/www.filindeblogg.nu\/index.php?rest_route=\/wp\/v2\/posts\/60651\/revisions"}],"predecessor-version":[{"id":60675,"href":"http:\/\/www.filindeblogg.nu\/index.php?rest_route=\/wp\/v2\/posts\/60651\/revisions\/60675"}],"wp:attachment":[{"href":"http:\/\/www.filindeblogg.nu\/index.php?rest_route=%2Fwp%2Fv2%2Fmedia&parent=60651"}],"wp:term":[{"taxonomy":"category","embeddable":true,"href":"http:\/\/www.filindeblogg.nu\/index.php?rest_route=%2Fwp%2Fv2%2Fcategories&post=60651"},{"taxonomy":"post_tag","embeddable":true,"href":"http:\/\/www.filindeblogg.nu\/index.php?rest_route=%2Fwp%2Fv2%2Ftags&post=60651"}],"curies":[{"name":"wp","href":"https:\/\/api.w.org\/{rel}","templated":true}]}}