{"id":60453,"date":"2014-11-05T14:18:21","date_gmt":"2014-11-05T13:18:21","guid":{"rendered":"http:\/\/www.filindeblogg.nu\/?p=60453"},"modified":"2014-11-05T14:18:21","modified_gmt":"2014-11-05T13:18:21","slug":"nyheter-gamla-och-nya-goda-och-daliga","status":"publish","type":"post","link":"http:\/\/www.filindeblogg.nu\/?p=60453","title":{"rendered":"Nyheter &#8211; gamla och nya, goda och d\u00e5liga!"},"content":{"rendered":"<p><img loading=\"lazy\" class=\"alignnone size-full wp-image-60454\" src=\"http:\/\/www.filindeblogg.nu\/wp-content\/uploads\/2014\/11\/Tidningar-2.jpg\" alt=\"Tidningar 2\" width=\"150\" height=\"150\" srcset=\"http:\/\/www.filindeblogg.nu\/wp-content\/uploads\/2014\/11\/Tidningar-2.jpg 150w, http:\/\/www.filindeblogg.nu\/wp-content\/uploads\/2014\/11\/Tidningar-2-144x144.jpg 144w\" sizes=\"(max-width: 150px) 100vw, 150px\" \/>Lite tidningsklipp blir det idag<br \/>\n&#8211; gammalt mest, d v s fr\u00e5n ig\u00e5r&#8230;<\/p>\n<p>De goda nyheterna! <img loading=\"lazy\" class=\"alignnone size-medium wp-image-60455\" src=\"http:\/\/www.filindeblogg.nu\/wp-content\/uploads\/2014\/11\/003-225x300.jpg\" alt=\"003\" width=\"225\" height=\"300\" srcset=\"http:\/\/www.filindeblogg.nu\/wp-content\/uploads\/2014\/11\/003-225x300.jpg 225w, http:\/\/www.filindeblogg.nu\/wp-content\/uploads\/2014\/11\/003.jpg 450w\" sizes=\"(max-width: 225px) 100vw, 225px\" \/> <strong><em>&#8211; \u00c4ntligen!<\/em><\/strong> som <strong>Gert Fylking<\/strong> brukar utbrista. \u00c4ntligen f\u00e5r skoleleverna lunch som tillagas p\u00e5 skolan!<\/p>\n<p>Det d\u00e5liga &#8211; det tog bara 20 \u00e5r!! <img loading=\"lazy\" class=\"alignnone size-medium wp-image-60456\" src=\"http:\/\/www.filindeblogg.nu\/wp-content\/uploads\/2014\/11\/002-119x300.jpg\" alt=\"002\" width=\"119\" height=\"300\" srcset=\"http:\/\/www.filindeblogg.nu\/wp-content\/uploads\/2014\/11\/002-119x300.jpg 119w, http:\/\/www.filindeblogg.nu\/wp-content\/uploads\/2014\/11\/002.jpg 239w\" sizes=\"(max-width: 119px) 100vw, 119px\" \/> I 20 \u00e5r har skolorna anv\u00e4nt systemet cook-chill &#8211; n\u00e5got som bloggaren var med och protesterade politiskt mot vid inf\u00f6randet f\u00f6r just 20 \u00e5r sen. Vad hj\u00e4lpte det&#8230; De styrande skulle allts\u00e5 ha 20(!) \u00e5r p\u00e5 sig att f\u00f6rst\u00e5 det oppositionen, skolpersonalen, eleverna och deras f\u00f6r\u00e4ldrar redan f\u00f6rstod! Bedr\u00f6vligt. Men nu \u00e4r det \u00e4ntligen dags! \ud83d\ude42<\/p>\n<p><strong>Arboga Tidning<\/strong>, d\u00e4r klippen \u00e4r h\u00e4mtade fr\u00e5n, skriver det h\u00e4r positiva ocks\u00e5: <img loading=\"lazy\" class=\"alignnone size-medium wp-image-60457\" src=\"http:\/\/www.filindeblogg.nu\/wp-content\/uploads\/2014\/11\/004-300x225.jpg\" alt=\"004\" width=\"300\" height=\"225\" srcset=\"http:\/\/www.filindeblogg.nu\/wp-content\/uploads\/2014\/11\/004-300x225.jpg 300w, http:\/\/www.filindeblogg.nu\/wp-content\/uploads\/2014\/11\/004.jpg 600w\" sizes=\"(max-width: 300px) 100vw, 300px\" \/> 25 % ekologiska varor i maten! Toppen!<br \/>\nBloggaren har faktiskt bidragit lite till det! \ud83d\ude42<br \/>\nGenom henne fick <strong>Milj\u00f6partiet<\/strong> <strong>i Arboga<\/strong> igenom en motion om att bara ekologiska \u00e4gg ska inhandlas till verksamheterna inom <strong>Arboga Kommun<\/strong>. <img loading=\"lazy\" class=\"alignnone size-full wp-image-60458\" src=\"http:\/\/www.filindeblogg.nu\/wp-content\/uploads\/2014\/11\/H\u00f6na-med-\u00e4gg.jpg\" alt=\"H\u00f6na med \u00e4gg\" width=\"76\" height=\"105\" \/><\/p>\n<p><img loading=\"lazy\" class=\"alignnone size-full wp-image-60459\" src=\"http:\/\/www.filindeblogg.nu\/wp-content\/uploads\/2014\/11\/T\u00e5g.jpg\" alt=\"T\u00e5g\" width=\"116\" height=\"127\" \/> Ytterligare en god nyhet ur bladet ig\u00e5r! <img loading=\"lazy\" class=\"alignnone size-medium wp-image-60460\" src=\"http:\/\/www.filindeblogg.nu\/wp-content\/uploads\/2014\/11\/001-300x225.jpg\" alt=\"001\" width=\"300\" height=\"225\" srcset=\"http:\/\/www.filindeblogg.nu\/wp-content\/uploads\/2014\/11\/001-300x225.jpg 300w, http:\/\/www.filindeblogg.nu\/wp-content\/uploads\/2014\/11\/001.jpg 600w\" sizes=\"(max-width: 300px) 100vw, 300px\" \/> Fler t\u00e5gavg\u00e5ngar! L\u00e5ter ju fantastiskt! Fantastiskt vore det ocks\u00e5 om alla t\u00e5g kom fram och det inte alltid uppenbarade sig &#8221;signalfel&#8221; och andra urs\u00e4kter utefter sp\u00e5ren&#8230;<\/p>\n<p><img loading=\"lazy\" class=\"alignnone size-full wp-image-60461\" src=\"http:\/\/www.filindeblogg.nu\/wp-content\/uploads\/2014\/11\/Stoppa-F\u00f6rbifart-Stockholm.jpg\" alt=\"Stoppa F\u00f6rbifart Stockholm\" width=\"116\" height=\"116\" \/>T\u00e4nk om vi haft en annan regering tidigare &#8211; en som verkligen f\u00f6rstod det d\u00e4r med &#8221;klimatsmart&#8221; i praktiken och inte bara som n\u00e5gra papper i en skrivbordsl\u00e5da! D\u00e5 hade sj\u00e4lvklart alla miljoner, miljarder satsats p\u00e5 j\u00e4rnv\u00e4gsunderh\u00e5ll, nya t\u00e5glinjer och fler avg\u00e5ngar ist\u00e4llet f\u00f6r p\u00e5 fler motorv\u00e4gar f\u00f6r fler och fler bilar!<\/p>\n<p><img loading=\"lazy\" class=\"aligncenter  wp-image-60462\" src=\"http:\/\/www.filindeblogg.nu\/wp-content\/uploads\/2014\/11\/Stockholm-staden-mellan-broarna-300x259.png\" alt=\"Stockholm staden mellan broarna\" width=\"200\" height=\"173\" srcset=\"http:\/\/www.filindeblogg.nu\/wp-content\/uploads\/2014\/11\/Stockholm-staden-mellan-broarna-300x259.png 300w, http:\/\/www.filindeblogg.nu\/wp-content\/uploads\/2014\/11\/Stockholm-staden-mellan-broarna.png 485w\" sizes=\"(max-width: 200px) 100vw, 200px\" \/><\/p>\n<p style=\"text-align: center;\"><strong>Stockholm &#8211;<\/strong> staden mellan broarna, bilden \u00e4r tagen ur<a href=\"http:\/\/www.aftonbladet.se\/ledare\/article11982785.ab\" target=\"_blank\"> <strong>Aftonbladet.<\/strong><\/a><\/p>\n<p style=\"text-align: left;\"><img loading=\"lazy\" class=\"alignnone size-full wp-image-60463\" src=\"http:\/\/www.filindeblogg.nu\/wp-content\/uploads\/2014\/11\/Valet-\u00e4r-\u00f6ver.jpg\" alt=\"Valet \u00e4r \u00f6ver\" width=\"137\" height=\"82\" \/> N\u00e4r riksdagsvalet var \u00f6ver blev det en chock f\u00f6r en del. <img loading=\"lazy\" class=\"alignnone size-full wp-image-60464\" src=\"http:\/\/www.filindeblogg.nu\/wp-content\/uploads\/2014\/11\/Chockad-smiley.jpg\" alt=\"Chockad smiley\" width=\"124\" height=\"93\" \/><\/p>\n<p style=\"text-align: left;\">Sen blev dom sura &#8211; <img loading=\"lazy\" class=\"alignnone size-full wp-image-60465\" src=\"http:\/\/www.filindeblogg.nu\/wp-content\/uploads\/2014\/11\/SUR.jpg\" alt=\"SUR\" width=\"86\" height=\"86\" \/>f\u00f6r att successivt antingen hoppa av politiken eller blir riktigt, riktigt sura!\u00a0<img loading=\"lazy\" class=\"alignnone size-full wp-image-60466\" src=\"http:\/\/www.filindeblogg.nu\/wp-content\/uploads\/2014\/11\/Vr\u00e5lsur.jpg\" alt=\"Vr\u00e5lsur\" width=\"79\" height=\"79\" \/><\/p>\n<p style=\"text-align: left;\">D\u00e4refter skulle det sk\u00e4llas p\u00e5 den nya regeringen innan den knappt hunnit tilltr\u00e4da. Ist\u00e4llet f\u00f6r att skaka av sig f\u00f6rtreten och ta nya tag ska det gn\u00e4llas och klagas!<\/p>\n<p style=\"text-align: left;\">Gn\u00e4lliga ins\u00e4ndare duggar t\u00e4tt om allt och ingenting! <img loading=\"lazy\" class=\"alignnone  wp-image-60467\" src=\"http:\/\/www.filindeblogg.nu\/wp-content\/uploads\/2014\/11\/006-225x300.jpg\" alt=\"006\" width=\"177\" height=\"236\" srcset=\"http:\/\/www.filindeblogg.nu\/wp-content\/uploads\/2014\/11\/006-225x300.jpg 225w, http:\/\/www.filindeblogg.nu\/wp-content\/uploads\/2014\/11\/006.jpg 450w\" sizes=\"(max-width: 177px) 100vw, 177px\" \/> <strong>Moderaterna!<\/strong><\/p>\n<p style=\"text-align: left;\">Och partiet som alltid \u00e4r f\u00f6ror\u00e4ttat, alltid med offerkoftan p\u00e5 &#8211; <strong>SD<\/strong>: <img loading=\"lazy\" class=\"alignnone  wp-image-60468\" src=\"http:\/\/www.filindeblogg.nu\/wp-content\/uploads\/2014\/11\/007-225x300.jpg\" alt=\"007\" width=\"156\" height=\"208\" srcset=\"http:\/\/www.filindeblogg.nu\/wp-content\/uploads\/2014\/11\/007-225x300.jpg 225w, http:\/\/www.filindeblogg.nu\/wp-content\/uploads\/2014\/11\/007.jpg 450w\" sizes=\"(max-width: 156px) 100vw, 156px\" \/><\/p>\n<p style=\"text-align: left;\"><strong>S\u00c5<\/strong> jobbigt n\u00e4r man faktiskt b\u00f6rja m\u00e4rka hur bra den nya regeringen \u00e4r &#8211; f\u00f6r oss vanligt folk! F\u00f6r oss utan fallsk\u00e4rmar som sliter med vardagspusslet. F\u00f6r det stora flertalet!<\/p>\n<p><strong>F\u00f6rslag om en ytterligare pappam\u00e5nad! F\u00f6rslag p\u00e5 det alldeles sj\u00e4lvklara &#8211; att sjukdomar och sjukskrivningar inte tar slut f\u00f6r att sjukf\u00f6rs\u00e4kringsdagarna g\u00f6r det!! Gratis museibes\u00f6k, mer pengar till j\u00e4rnv\u00e4gen och till arbetsmilj\u00f6skyddet och m\u00e5nga miljoner till f\u00f6rlossningsv\u00e5rden. B\u00e4ttre skolor med sj\u00e4lvklart st\u00f6d till elever med sv\u00e5righeter! Pension\u00e4rer som redan betalat skatt hela livet ska f\u00e5 mindre av den varan efter att jobbslitet \u00e4r \u00f6ver!<\/strong> <img loading=\"lazy\" class=\"alignnone size-full wp-image-60469\" src=\"http:\/\/www.filindeblogg.nu\/wp-content\/uploads\/2014\/11\/Glad-smiley-med-tummen-upp.jpg\" alt=\"Glad smiley med tummen upp\" width=\"131\" height=\"124\" \/><\/p>\n<p style=\"text-align: center;\">\nVad gn\u00e4ller ni andra f\u00f6r!? <img loading=\"lazy\" class=\"alignnone size-full wp-image-60470\" src=\"http:\/\/www.filindeblogg.nu\/wp-content\/uploads\/2014\/11\/Fundersam-smiley.jpg\" alt=\"Fundersam smiley\" width=\"90\" height=\"101\" \/><\/p>\n<p style=\"text-align: left;\"><img loading=\"lazy\" class=\"alignnone size-full wp-image-60480\" src=\"http:\/\/www.filindeblogg.nu\/wp-content\/uploads\/2014\/11\/News.jpg\" alt=\"News\" width=\"130\" height=\"72\" \/>\u00a0Lite nya nyheter ocks\u00e5 och goda s\u00e5dana! <img loading=\"lazy\" class=\"alignnone size-medium wp-image-60471\" src=\"http:\/\/www.filindeblogg.nu\/wp-content\/uploads\/2014\/11\/bblat-5-nov-14-225x300.jpg\" alt=\"bblat 5 nov 14\" width=\"225\" height=\"300\" srcset=\"http:\/\/www.filindeblogg.nu\/wp-content\/uploads\/2014\/11\/bblat-5-nov-14-225x300.jpg 225w, http:\/\/www.filindeblogg.nu\/wp-content\/uploads\/2014\/11\/bblat-5-nov-14.jpg 450w\" sizes=\"(max-width: 225px) 100vw, 225px\" \/> <strong>Heja Arboga!!<\/strong> Hemsidan topp 10 i landet! L\u00e4s alla klipp i<strong> Bbl\/AT<\/strong> genom att klicka <a href=\"http:\/\/bblat.se\/\" target=\"_blank\"><strong>H\u00c4R!<\/strong><\/a><\/p>\n<p style=\"text-align: left;\">Imorgon blir det klipp ur en facklig tidning som bloggaren hittade hemma hos sin mor! Avslutar med n\u00e5got som gjorde bloggaren glad denna gr\u00e5a novemberdag. Bortom en gardin hade en stackars bortgl\u00f6md engelsk pelargon lyckats pressa fram de h\u00e4r fina blommorna!<\/p>\n<p style=\"text-align: left;\"><img loading=\"lazy\" class=\"aligncenter size-medium wp-image-60472\" src=\"http:\/\/www.filindeblogg.nu\/wp-content\/uploads\/2014\/11\/Engelsk-pelargon-5-nov-14-300x270.jpg\" alt=\"Engelsk pelargon 5 nov 14\" width=\"300\" height=\"270\" srcset=\"http:\/\/www.filindeblogg.nu\/wp-content\/uploads\/2014\/11\/Engelsk-pelargon-5-nov-14-300x270.jpg 300w, http:\/\/www.filindeblogg.nu\/wp-content\/uploads\/2014\/11\/Engelsk-pelargon-5-nov-14.jpg 499w\" sizes=\"(max-width: 300px) 100vw, 300px\" \/><\/p>\n<p style=\"text-align: left;\">\n<p style=\"text-align: center;\">\n","protected":false},"excerpt":{"rendered":"<p>Lite tidningsklipp blir det idag &#8211; gammalt mest, d v s fr\u00e5n ig\u00e5r&#8230; De goda nyheterna! &#8211; \u00c4ntligen! som Gert Fylking brukar utbrista. \u00c4ntligen f\u00e5r skoleleverna lunch som tillagas p\u00e5 skolan! Det d\u00e5liga &#8211; det tog bara 20 \u00e5r!! I 20 \u00e5r har skolorna anv\u00e4nt systemet cook-chill &#8211; n\u00e5got som bloggaren var med och protesterade [&hellip;]<\/p>\n","protected":false},"author":1,"featured_media":0,"comment_status":"open","ping_status":"open","sticky":false,"template":"","format":"standard","meta":[],"categories":[127,100,122,119,151,101],"tags":[],"_links":{"self":[{"href":"http:\/\/www.filindeblogg.nu\/index.php?rest_route=\/wp\/v2\/posts\/60453"}],"collection":[{"href":"http:\/\/www.filindeblogg.nu\/index.php?rest_route=\/wp\/v2\/posts"}],"about":[{"href":"http:\/\/www.filindeblogg.nu\/index.php?rest_route=\/wp\/v2\/types\/post"}],"author":[{"embeddable":true,"href":"http:\/\/www.filindeblogg.nu\/index.php?rest_route=\/wp\/v2\/users\/1"}],"replies":[{"embeddable":true,"href":"http:\/\/www.filindeblogg.nu\/index.php?rest_route=%2Fwp%2Fv2%2Fcomments&post=60453"}],"version-history":[{"count":21,"href":"http:\/\/www.filindeblogg.nu\/index.php?rest_route=\/wp\/v2\/posts\/60453\/revisions"}],"predecessor-version":[{"id":60494,"href":"http:\/\/www.filindeblogg.nu\/index.php?rest_route=\/wp\/v2\/posts\/60453\/revisions\/60494"}],"wp:attachment":[{"href":"http:\/\/www.filindeblogg.nu\/index.php?rest_route=%2Fwp%2Fv2%2Fmedia&parent=60453"}],"wp:term":[{"taxonomy":"category","embeddable":true,"href":"http:\/\/www.filindeblogg.nu\/index.php?rest_route=%2Fwp%2Fv2%2Fcategories&post=60453"},{"taxonomy":"post_tag","embeddable":true,"href":"http:\/\/www.filindeblogg.nu\/index.php?rest_route=%2Fwp%2Fv2%2Ftags&post=60453"}],"curies":[{"name":"wp","href":"https:\/\/api.w.org\/{rel}","templated":true}]}}