{"id":60222,"date":"2014-10-26T10:06:46","date_gmt":"2014-10-26T09:06:46","guid":{"rendered":"http:\/\/www.filindeblogg.nu\/?p=60222"},"modified":"2014-10-26T10:06:46","modified_gmt":"2014-10-26T09:06:46","slug":"nej-nu-blommar-det-2","status":"publish","type":"post","link":"http:\/\/www.filindeblogg.nu\/?p=60222","title":{"rendered":"Nej, nu blommar det!!"},"content":{"rendered":"<p>Nej, nu blommar det! <img loading=\"lazy\" class=\"alignnone size-full wp-image-60232\" src=\"http:\/\/www.filindeblogg.nu\/wp-content\/uploads\/2014\/10\/Urs\u00e4kta-vad-\u00e4r-klockan.jpg\" alt=\"Urs\u00e4kta vad \u00e4r klockan\" width=\"92\" height=\"130\" \/> F\u00f6r urs\u00e4kta, men vad \u00e4r klockan!?<\/p>\n<p><img loading=\"lazy\" class=\"alignnone  wp-image-60233\" src=\"http:\/\/www.filindeblogg.nu\/wp-content\/uploads\/2014\/10\/0024-200x300.jpg\" alt=\"002\" width=\"115\" height=\"173\" srcset=\"http:\/\/www.filindeblogg.nu\/wp-content\/uploads\/2014\/10\/0024-200x300.jpg 200w, http:\/\/www.filindeblogg.nu\/wp-content\/uploads\/2014\/10\/0024.jpg 375w\" sizes=\"(max-width: 115px) 100vw, 115px\" \/> Pendylen visar ett!<\/p>\n<p>Moraklockan n\u00e5got annat! <img loading=\"lazy\" class=\"alignnone  wp-image-60234\" src=\"http:\/\/www.filindeblogg.nu\/wp-content\/uploads\/2014\/10\/0018-225x300.jpg\" alt=\"001\" width=\"175\" height=\"233\" srcset=\"http:\/\/www.filindeblogg.nu\/wp-content\/uploads\/2014\/10\/0018-225x300.jpg 225w, http:\/\/www.filindeblogg.nu\/wp-content\/uploads\/2014\/10\/0018.jpg 450w\" sizes=\"(max-width: 175px) 100vw, 175px\" \/> Och klockan p\u00e5 armen ser ut s\u00e5 h\u00e4r! <img loading=\"lazy\" class=\"alignnone size-medium wp-image-60235\" src=\"http:\/\/www.filindeblogg.nu\/wp-content\/uploads\/2014\/10\/0057-225x300.jpg\" alt=\"005\" width=\"225\" height=\"300\" srcset=\"http:\/\/www.filindeblogg.nu\/wp-content\/uploads\/2014\/10\/0057-225x300.jpg 225w, http:\/\/www.filindeblogg.nu\/wp-content\/uploads\/2014\/10\/0057.jpg 450w\" sizes=\"(max-width: 225px) 100vw, 225px\" \/> Bloggaren kan avsl\u00f6ja att hon har fjorton (14!) olika klockor i bostaden som alla visar fel tid just nu&#8230;<\/p>\n<p>F\u00f6r s\u00e5 h\u00e4r \u00e4r det ju: <img loading=\"lazy\" class=\"alignnone size-full wp-image-60236\" src=\"http:\/\/www.filindeblogg.nu\/wp-content\/uploads\/2014\/10\/Normaltid.jpg\" alt=\"Normaltid\" width=\"133\" height=\"59\" \/>Idag, s\u00f6ndagen den 26 oktober, g\u00e5r vi fr\u00e5n sommartid \u00f6ver till normaltid, det som n\u00e5gra kallar vintertid. <img loading=\"lazy\" class=\"alignnone size-full wp-image-60237\" src=\"http:\/\/www.filindeblogg.nu\/wp-content\/uploads\/2014\/10\/Normaltid-infinner-sig.png\" alt=\"Normaltid infinner sig\" width=\"130\" height=\"130\" \/><br \/>\nK\u00e4nns ganska bra att allt blir normalt igen! \ud83d\ude42<\/p>\n<p>Och visst blommar det! <img loading=\"lazy\" class=\"alignnone size-medium wp-image-60223\" src=\"http:\/\/www.filindeblogg.nu\/wp-content\/uploads\/2014\/10\/042-300x225.jpg\" alt=\"042\" width=\"300\" height=\"225\" srcset=\"http:\/\/www.filindeblogg.nu\/wp-content\/uploads\/2014\/10\/042-300x225.jpg 300w, http:\/\/www.filindeblogg.nu\/wp-content\/uploads\/2014\/10\/042.jpg 600w\" sizes=\"(max-width: 300px) 100vw, 300px\" \/><\/p>\n<p><img loading=\"lazy\" class=\"alignnone  wp-image-60224\" src=\"http:\/\/www.filindeblogg.nu\/wp-content\/uploads\/2014\/10\/043-300x225.jpg\" alt=\"043\" width=\"172\" height=\"129\" srcset=\"http:\/\/www.filindeblogg.nu\/wp-content\/uploads\/2014\/10\/043-300x225.jpg 300w, http:\/\/www.filindeblogg.nu\/wp-content\/uploads\/2014\/10\/043.jpg 600w\" sizes=\"(max-width: 172px) 100vw, 172px\" \/> Sista s\u00f6ndagen i oktober &#8211; <img loading=\"lazy\" class=\"alignnone  wp-image-60225\" src=\"http:\/\/www.filindeblogg.nu\/wp-content\/uploads\/2014\/10\/0381-300x225.jpg\" alt=\"038\" width=\"176\" height=\"132\" srcset=\"http:\/\/www.filindeblogg.nu\/wp-content\/uploads\/2014\/10\/0381-300x225.jpg 300w, http:\/\/www.filindeblogg.nu\/wp-content\/uploads\/2014\/10\/0381.jpg 600w\" sizes=\"(max-width: 176px) 100vw, 176px\" \/> och det blommar f\u00f6r fullt! <img loading=\"lazy\" class=\"alignnone  wp-image-60226\" src=\"http:\/\/www.filindeblogg.nu\/wp-content\/uploads\/2014\/10\/040-300x225.jpg\" alt=\"040\" width=\"173\" height=\"130\" srcset=\"http:\/\/www.filindeblogg.nu\/wp-content\/uploads\/2014\/10\/040-300x225.jpg 300w, http:\/\/www.filindeblogg.nu\/wp-content\/uploads\/2014\/10\/040.jpg 600w\" sizes=\"(max-width: 173px) 100vw, 173px\" \/><\/p>\n<p><img loading=\"lazy\" class=\"alignnone  wp-image-60227\" src=\"http:\/\/www.filindeblogg.nu\/wp-content\/uploads\/2014\/10\/039-300x225.jpg\" alt=\"039\" width=\"215\" height=\"161\" srcset=\"http:\/\/www.filindeblogg.nu\/wp-content\/uploads\/2014\/10\/039-300x225.jpg 300w, http:\/\/www.filindeblogg.nu\/wp-content\/uploads\/2014\/10\/039.jpg 600w\" sizes=\"(max-width: 215px) 100vw, 215px\" \/>\u00a0Var d\u00e5?<\/p>\n<p>Jo, i tv\u00e4ttstugan! <img loading=\"lazy\" class=\"alignnone size-medium wp-image-60228\" src=\"http:\/\/www.filindeblogg.nu\/wp-content\/uploads\/2014\/10\/033-253x300.jpg\" alt=\"033\" width=\"253\" height=\"300\" srcset=\"http:\/\/www.filindeblogg.nu\/wp-content\/uploads\/2014\/10\/033-253x300.jpg 253w, http:\/\/www.filindeblogg.nu\/wp-content\/uploads\/2014\/10\/033.jpg 450w\" sizes=\"(max-width: 253px) 100vw, 253px\" \/> Dit har alla utev\u00e4xterna fr\u00e5n pottor och balkongl\u00e5dor r\u00e4ddats in! <img loading=\"lazy\" class=\"alignnone  wp-image-60229\" src=\"http:\/\/www.filindeblogg.nu\/wp-content\/uploads\/2014\/10\/0353-300x225.jpg\" alt=\"035\" width=\"249\" height=\"187\" srcset=\"http:\/\/www.filindeblogg.nu\/wp-content\/uploads\/2014\/10\/0353-300x225.jpg 300w, http:\/\/www.filindeblogg.nu\/wp-content\/uploads\/2014\/10\/0353.jpg 600w\" sizes=\"(max-width: 249px) 100vw, 249px\" \/> H\u00e4r f\u00e5r de forts\u00e4tta att blomma och sen vila ut till n\u00e4sta \u00e5r igen.<\/p>\n<p><img loading=\"lazy\" class=\"aligncenter size-medium wp-image-60238\" src=\"http:\/\/www.filindeblogg.nu\/wp-content\/uploads\/2014\/10\/044-300x225.jpg\" alt=\"044\" width=\"300\" height=\"225\" srcset=\"http:\/\/www.filindeblogg.nu\/wp-content\/uploads\/2014\/10\/044-300x225.jpg 300w, http:\/\/www.filindeblogg.nu\/wp-content\/uploads\/2014\/10\/044.jpg 600w\" sizes=\"(max-width: 300px) 100vw, 300px\" \/><\/p>\n<p>Bloggaren f\u00f6rs\u00f6kte r\u00e4dda en begonia f\u00f6r 3-4 veckor sedan n\u00e4r frosten var och n\u00f6p i bladen. N\u00e4r begonian lyftes upp gick den av &#8211; precis j\u00e4ms med jorden! Bloggaren satte d\u00e5 hela blomman i en vas med vatten och d\u00e4r st\u00e5r den \u00e4n!! <img loading=\"lazy\" class=\"alignnone  wp-image-60239\" src=\"http:\/\/www.filindeblogg.nu\/wp-content\/uploads\/2014\/10\/0451-225x300.jpg\" alt=\"045\" width=\"153\" height=\"204\" srcset=\"http:\/\/www.filindeblogg.nu\/wp-content\/uploads\/2014\/10\/0451-225x300.jpg 225w, http:\/\/www.filindeblogg.nu\/wp-content\/uploads\/2014\/10\/0451.jpg 450w\" sizes=\"(max-width: 153px) 100vw, 153px\" \/> Blommar f\u00f6r fullt och bara i en vas med vatten! M\u00e4rkligt. <img loading=\"lazy\" class=\"alignnone size-medium wp-image-60240\" src=\"http:\/\/www.filindeblogg.nu\/wp-content\/uploads\/2014\/10\/046-300x225.jpg\" alt=\"046\" width=\"300\" height=\"225\" srcset=\"http:\/\/www.filindeblogg.nu\/wp-content\/uploads\/2014\/10\/046-300x225.jpg 300w, http:\/\/www.filindeblogg.nu\/wp-content\/uploads\/2014\/10\/046.jpg 600w\" sizes=\"(max-width: 300px) 100vw, 300px\" \/> Kanske det blir nya r\u00f6tter p\u00e5 den n\u00e4r de andra br\u00f6ts av? Vi f\u00e5r se! <img loading=\"lazy\" class=\"alignnone size-medium wp-image-60241\" src=\"http:\/\/www.filindeblogg.nu\/wp-content\/uploads\/2014\/10\/047-300x225.jpg\" alt=\"047\" width=\"300\" height=\"225\" srcset=\"http:\/\/www.filindeblogg.nu\/wp-content\/uploads\/2014\/10\/047-300x225.jpg 300w, http:\/\/www.filindeblogg.nu\/wp-content\/uploads\/2014\/10\/047.jpg 600w\" sizes=\"(max-width: 300px) 100vw, 300px\" \/><\/p>\n<p>S\u00f6mntutev\u00e4der idag igen och s\u00e5 var det ju den d\u00e4r timman extra som vi m\u00e5ste ta tillvara och sova p\u00e5! \ud83d\ude09<\/p>\n<p><img loading=\"lazy\" class=\"aligncenter size-medium wp-image-60242\" src=\"http:\/\/www.filindeblogg.nu\/wp-content\/uploads\/2014\/10\/Wilma-och-Felix-sover-ihop-300x195.jpg\" alt=\"Wilma och Felix sover ihop\" width=\"300\" height=\"195\" srcset=\"http:\/\/www.filindeblogg.nu\/wp-content\/uploads\/2014\/10\/Wilma-och-Felix-sover-ihop-300x195.jpg 300w, http:\/\/www.filindeblogg.nu\/wp-content\/uploads\/2014\/10\/Wilma-och-Felix-sover-ihop.jpg 600w\" sizes=\"(max-width: 300px) 100vw, 300px\" \/><\/p>\n<p>&nbsp;<\/p>\n","protected":false},"excerpt":{"rendered":"<p>Nej, nu blommar det! F\u00f6r urs\u00e4kta, men vad \u00e4r klockan!? Pendylen visar ett! Moraklockan n\u00e5got annat! Och klockan p\u00e5 armen ser ut s\u00e5 h\u00e4r! Bloggaren kan avsl\u00f6ja att hon har fjorton (14!) olika klockor i bostaden som alla visar fel tid just nu&#8230; F\u00f6r s\u00e5 h\u00e4r \u00e4r det ju: Idag, s\u00f6ndagen den 26 oktober, g\u00e5r [&hellip;]<\/p>\n","protected":false},"author":1,"featured_media":0,"comment_status":"open","ping_status":"open","sticky":false,"template":"","format":"standard","meta":[],"categories":[1,41,100,145,160,101],"tags":[],"_links":{"self":[{"href":"http:\/\/www.filindeblogg.nu\/index.php?rest_route=\/wp\/v2\/posts\/60222"}],"collection":[{"href":"http:\/\/www.filindeblogg.nu\/index.php?rest_route=\/wp\/v2\/posts"}],"about":[{"href":"http:\/\/www.filindeblogg.nu\/index.php?rest_route=\/wp\/v2\/types\/post"}],"author":[{"embeddable":true,"href":"http:\/\/www.filindeblogg.nu\/index.php?rest_route=\/wp\/v2\/users\/1"}],"replies":[{"embeddable":true,"href":"http:\/\/www.filindeblogg.nu\/index.php?rest_route=%2Fwp%2Fv2%2Fcomments&post=60222"}],"version-history":[{"count":10,"href":"http:\/\/www.filindeblogg.nu\/index.php?rest_route=\/wp\/v2\/posts\/60222\/revisions"}],"predecessor-version":[{"id":60250,"href":"http:\/\/www.filindeblogg.nu\/index.php?rest_route=\/wp\/v2\/posts\/60222\/revisions\/60250"}],"wp:attachment":[{"href":"http:\/\/www.filindeblogg.nu\/index.php?rest_route=%2Fwp%2Fv2%2Fmedia&parent=60222"}],"wp:term":[{"taxonomy":"category","embeddable":true,"href":"http:\/\/www.filindeblogg.nu\/index.php?rest_route=%2Fwp%2Fv2%2Fcategories&post=60222"},{"taxonomy":"post_tag","embeddable":true,"href":"http:\/\/www.filindeblogg.nu\/index.php?rest_route=%2Fwp%2Fv2%2Ftags&post=60222"}],"curies":[{"name":"wp","href":"https:\/\/api.w.org\/{rel}","templated":true}]}}