{"id":60165,"date":"2014-10-24T12:26:55","date_gmt":"2014-10-24T11:26:55","guid":{"rendered":"http:\/\/www.filindeblogg.nu\/?p=60165"},"modified":"2014-10-24T12:26:55","modified_gmt":"2014-10-24T11:26:55","slug":"fn-dagen-och-film-for-annamaria","status":"publish","type":"post","link":"http:\/\/www.filindeblogg.nu\/?p=60165","title":{"rendered":"FN-dagen och film f\u00f6r AnnaMaria"},"content":{"rendered":"<p><img loading=\"lazy\" class=\"aligncenter size-full wp-image-60166\" src=\"http:\/\/www.filindeblogg.nu\/wp-content\/uploads\/2014\/10\/FN-flaggan.png\" alt=\"FN flaggan\" width=\"250\" height=\"167\" \/><\/p>\n<p>Idag, 24 oktober, infaller <strong>FN-dagen<\/strong>. L\u00e4s <a href=\"http:\/\/sv.wikipedia.org\/wiki\/FN-dagen\" target=\"_blank\"><strong>H\u00c4R<\/strong> <\/a>p\u00e5 <strong>Wikipedia<\/strong> om denna dag.<\/p>\n<p><img loading=\"lazy\" class=\"alignnone  wp-image-60167\" src=\"http:\/\/www.filindeblogg.nu\/wp-content\/uploads\/2014\/10\/0017-300x225.jpg\" alt=\"001\" width=\"196\" height=\"147\" srcset=\"http:\/\/www.filindeblogg.nu\/wp-content\/uploads\/2014\/10\/0017-300x225.jpg 300w, http:\/\/www.filindeblogg.nu\/wp-content\/uploads\/2014\/10\/0017.jpg 600w\" sizes=\"(max-width: 196px) 100vw, 196px\" \/> En gr\u00e5 och regnig dag &#8211; s\u00e5 gr\u00e5 och regnig att bloggaren inte ens iddes hissa flaggan f\u00f6r att n\u00e5gra timmar sedan hala den i sm\u00e5regn&#8230; FN-dagen \u00e4r n\u00e4mligen allm\u00e4n flaggdag&#8230;<\/p>\n<p>L\u00f6v skulle r\u00e4fsas i alla fall &#8211; och det blev tunga, drypande v\u00e5ta l\u00f6v som packades ihop. <img loading=\"lazy\" class=\"alignnone  wp-image-60168\" src=\"http:\/\/www.filindeblogg.nu\/wp-content\/uploads\/2014\/10\/0043-300x225.jpg\" alt=\"004\" width=\"229\" height=\"172\" srcset=\"http:\/\/www.filindeblogg.nu\/wp-content\/uploads\/2014\/10\/0043-300x225.jpg 300w, http:\/\/www.filindeblogg.nu\/wp-content\/uploads\/2014\/10\/0043.jpg 600w\" sizes=\"(max-width: 229px) 100vw, 229px\" \/><\/p>\n<p>I <strong>Arboga Tidning<\/strong> l\u00e4ser jag att journalisten <strong>Karl David Englund<\/strong> gjort en liten film som hyllning till den nyligen s\u00e5 tragiskt bortg\u00e5ngna <strong>AnnaMaria Mostr\u00f6m. <img loading=\"lazy\" class=\"alignnone size-medium wp-image-60169\" src=\"http:\/\/www.filindeblogg.nu\/wp-content\/uploads\/2014\/10\/0105-225x300.jpg\" alt=\"010\" width=\"225\" height=\"300\" srcset=\"http:\/\/www.filindeblogg.nu\/wp-content\/uploads\/2014\/10\/0105-225x300.jpg 225w, http:\/\/www.filindeblogg.nu\/wp-content\/uploads\/2014\/10\/0105.jpg 450w\" sizes=\"(max-width: 225px) 100vw, 225px\" \/><\/strong><\/p>\n<p><img loading=\"lazy\" class=\"alignnone  wp-image-60170\" src=\"http:\/\/www.filindeblogg.nu\/wp-content\/uploads\/2014\/10\/0114-267x300.jpg\" alt=\"011\" width=\"186\" height=\"209\" srcset=\"http:\/\/www.filindeblogg.nu\/wp-content\/uploads\/2014\/10\/0114-267x300.jpg 267w, http:\/\/www.filindeblogg.nu\/wp-content\/uploads\/2014\/10\/0114.jpg 385w\" sizes=\"(max-width: 186px) 100vw, 186px\" \/>\u00a0En s\u00e5 fin film och det k\u00e4nns ofattbart att AnnaMaria pl\u00f6tsligt \u00e4r borta. Klicka <a href=\"http:\/\/bblat.se\/nyheter\/koping\/1.2691809-vannen-hedrar-anna-maria-med-webbfilm\" target=\"_blank\"><strong>H\u00c4R<\/strong><\/a> f\u00f6r att komma till <a href=\"http:\/\/bblat.se\/nyheter\" target=\"_blank\"><strong>Bbl\/AT<\/strong> <\/a>och se filmen.<\/p>\n<p>Avslutar bloggen med en gr\u00e5 men \u00e4nd\u00e5 vacker bild av h\u00f6sten.<\/p>\n<p><img loading=\"lazy\" class=\"aligncenter size-medium wp-image-60173\" src=\"http:\/\/www.filindeblogg.nu\/wp-content\/uploads\/2014\/10\/Siluett-Foto-S-w-Linde-copyright-300x225.jpg\" alt=\"Siluett Foto S w Linde copyright\" width=\"300\" height=\"225\" srcset=\"http:\/\/www.filindeblogg.nu\/wp-content\/uploads\/2014\/10\/Siluett-Foto-S-w-Linde-copyright-300x225.jpg 300w, http:\/\/www.filindeblogg.nu\/wp-content\/uploads\/2014\/10\/Siluett-Foto-S-w-Linde-copyright.jpg 600w\" sizes=\"(max-width: 300px) 100vw, 300px\" \/><\/p>\n","protected":false},"excerpt":{"rendered":"<p>Idag, 24 oktober, infaller FN-dagen. L\u00e4s H\u00c4R p\u00e5 Wikipedia om denna dag. En gr\u00e5 och regnig dag &#8211; s\u00e5 gr\u00e5 och regnig att bloggaren inte ens iddes hissa flaggan f\u00f6r att n\u00e5gra timmar sedan hala den i sm\u00e5regn&#8230; FN-dagen \u00e4r n\u00e4mligen allm\u00e4n flaggdag&#8230; L\u00f6v skulle r\u00e4fsas i alla fall &#8211; och det blev tunga, drypande [&hellip;]<\/p>\n","protected":false},"author":1,"featured_media":0,"comment_status":"open","ping_status":"open","sticky":false,"template":"","format":"standard","meta":[],"categories":[100,152,145,101],"tags":[],"_links":{"self":[{"href":"http:\/\/www.filindeblogg.nu\/index.php?rest_route=\/wp\/v2\/posts\/60165"}],"collection":[{"href":"http:\/\/www.filindeblogg.nu\/index.php?rest_route=\/wp\/v2\/posts"}],"about":[{"href":"http:\/\/www.filindeblogg.nu\/index.php?rest_route=\/wp\/v2\/types\/post"}],"author":[{"embeddable":true,"href":"http:\/\/www.filindeblogg.nu\/index.php?rest_route=\/wp\/v2\/users\/1"}],"replies":[{"embeddable":true,"href":"http:\/\/www.filindeblogg.nu\/index.php?rest_route=%2Fwp%2Fv2%2Fcomments&post=60165"}],"version-history":[{"count":3,"href":"http:\/\/www.filindeblogg.nu\/index.php?rest_route=\/wp\/v2\/posts\/60165\/revisions"}],"predecessor-version":[{"id":60175,"href":"http:\/\/www.filindeblogg.nu\/index.php?rest_route=\/wp\/v2\/posts\/60165\/revisions\/60175"}],"wp:attachment":[{"href":"http:\/\/www.filindeblogg.nu\/index.php?rest_route=%2Fwp%2Fv2%2Fmedia&parent=60165"}],"wp:term":[{"taxonomy":"category","embeddable":true,"href":"http:\/\/www.filindeblogg.nu\/index.php?rest_route=%2Fwp%2Fv2%2Fcategories&post=60165"},{"taxonomy":"post_tag","embeddable":true,"href":"http:\/\/www.filindeblogg.nu\/index.php?rest_route=%2Fwp%2Fv2%2Ftags&post=60165"}],"curies":[{"name":"wp","href":"https:\/\/api.w.org\/{rel}","templated":true}]}}