{"id":6016,"date":"2009-06-01T09:31:26","date_gmt":"2009-06-01T08:31:26","guid":{"rendered":"http:\/\/www.filindeblogg.nu\/?p=6016"},"modified":"2009-06-05T04:27:30","modified_gmt":"2009-06-05T03:27:30","slug":"elever-kranks-dagligen-av-skolan","status":"publish","type":"post","link":"http:\/\/www.filindeblogg.nu\/?p=6016","title":{"rendered":"ELEVER KR\u00c4NKS DAGLIGEN AV SKOLAN!"},"content":{"rendered":"<p><strong>Dagligen, \u00e5r ut och \u00e5r in upprepas kr\u00e4nkningar och diskriminering i skolan av barn med egenskaper som ADHD och Aspergers syndrom &#8211; funktionshinder inom autismspektrat.<\/strong> Att ha ADHD och Aspergers syndrom har ingenting med intelligens att g\u00f6ra, \u00e4nd\u00e5 nekas de h\u00e4r barnen grundskoleundervisning enligt den svenska skollag som finns<a href=\"http:\/\/nyligen.se\/\">!<\/a><\/p>\n<p><strong>F\u00f6rutom att de h\u00e4r eleverna nekas undervisning de har r\u00e4tt till kr\u00e4nks de genom att hela tiden bli s\u00e4rbehandlade<a href=\"http:\/\/www.svd.se\/stockholm\/nyheter\/artikel_2982281.svd\">. <\/a><\/strong>S\u00e4rbehandlingen kan best\u00e5 i att varje nytt \u00e5r stoppas in i en ny ihopplockad grupp av &#8221;problembarn&#8221;. De h\u00e4r grupperna av barn kan ha alla m\u00f6jliga sv\u00e5righeter men f\u00f6ses ihop till en. Det kan vara invandrarbarn som inte klarar spr\u00e5ket, barn fr\u00e5n sv\u00e5ra sociala f\u00f6rh\u00e5llanden och allts\u00e5 barn med ADHD och Aspergers syndrom.<br \/>\nMan skulle d\u00e5 kunna tro att de barn som har det sv\u00e5rast f\u00e5r den mest kvalificerade personalen &#8211; s\u00e5 \u00e4r det absolut inte! <strong>Den personal som har s\u00e4mst utbildning, ofta inte ens l\u00e4rarutbildning, s\u00e4tts att ta hand om de elever som har st\u00f6rst behov av st\u00f6d. <\/strong><\/p>\n<p>S\u00e4rbehandlingen kan ocks\u00e5 best\u00e5 i att inte ha n\u00e5gon skola alls att g\u00e5 till! Man &#8221;gl\u00f6ms bort&#8221; och f\u00e5r stanna hemma!<\/p>\n<p>Detta \u00e4r en stor skandal och den drabbar n\u00e5gra procent av varje skolklass varje \u00e5r &#8211; \u00e5r ut och \u00e5r in! Ingenting g\u00f6rs. Ingen verkar intresserad!<\/p>\n<p>En grupp f\u00f6r\u00e4ldrar kontaktade utbildningsminister Jan Bj\u00f6rklund och bad om en tr\u00e4ff med honom f\u00f6r att diskutera den h\u00e4r problematiken. <strong>Jan Bj\u00f6rklund v\u00e4grade tr\u00e4ffa f\u00f6r\u00e4ldrana!<\/strong> Detta trots att Bj\u00f6rklund fick best\u00e4mma tid och plats! F\u00f6r\u00e4ldragruppen lovade att komma n\u00e4r som helst p\u00e5 dygnet och resa b\u00e5de till Ystad och Haparanda bara Jan Bj\u00f6rklund tog emot. Han v\u00e4grade!<\/p>\n<p><strong>Skandalen \u00e4r ett faktum! Elever nekas r\u00e4ttigheter enligt svensk skollag och den som har h\u00f6gsta ansvaret &#8211; utbildningsministern &#8211; \u00e4r inte intresserad!<\/strong><\/p>\n<p>Jag planerar att skriva en bok om n\u00e5gra till mig n\u00e4rst\u00e5ende barn och deras helvetiska skolg\u00e5ng!<\/p>\n<p><strong>TACK DN f\u00f6r att ni skriver om detta under vinjetten &#8221;Skolbarn som inte m\u00e5r bra&#8221;!<\/strong> L\u00e4s dagens artikel genom att klicka <a href=\"http:\/\/www.dn.se\/sthlm\/skolan-knackte-autistisk-pojke-1.880761\"><strong>H\u00c4R!<\/strong><\/a><\/p>\n","protected":false},"excerpt":{"rendered":"<p>Dagligen, \u00e5r ut och \u00e5r in upprepas kr\u00e4nkningar och diskriminering i skolan av barn med egenskaper som ADHD och Aspergers syndrom &#8211; funktionshinder inom autismspektrat. Att ha ADHD och Aspergers syndrom har ingenting med intelligens att g\u00f6ra, \u00e4nd\u00e5 nekas de h\u00e4r barnen grundskoleundervisning enligt den svenska skollag som finns! F\u00f6rutom att de h\u00e4r eleverna nekas [&hellip;]<\/p>\n","protected":false},"author":1,"featured_media":0,"comment_status":"open","ping_status":"open","sticky":false,"template":"","format":"standard","meta":[],"categories":[107,100,101],"tags":[],"_links":{"self":[{"href":"http:\/\/www.filindeblogg.nu\/index.php?rest_route=\/wp\/v2\/posts\/6016"}],"collection":[{"href":"http:\/\/www.filindeblogg.nu\/index.php?rest_route=\/wp\/v2\/posts"}],"about":[{"href":"http:\/\/www.filindeblogg.nu\/index.php?rest_route=\/wp\/v2\/types\/post"}],"author":[{"embeddable":true,"href":"http:\/\/www.filindeblogg.nu\/index.php?rest_route=\/wp\/v2\/users\/1"}],"replies":[{"embeddable":true,"href":"http:\/\/www.filindeblogg.nu\/index.php?rest_route=%2Fwp%2Fv2%2Fcomments&post=6016"}],"version-history":[{"count":2,"href":"http:\/\/www.filindeblogg.nu\/index.php?rest_route=\/wp\/v2\/posts\/6016\/revisions"}],"predecessor-version":[{"id":6069,"href":"http:\/\/www.filindeblogg.nu\/index.php?rest_route=\/wp\/v2\/posts\/6016\/revisions\/6069"}],"wp:attachment":[{"href":"http:\/\/www.filindeblogg.nu\/index.php?rest_route=%2Fwp%2Fv2%2Fmedia&parent=6016"}],"wp:term":[{"taxonomy":"category","embeddable":true,"href":"http:\/\/www.filindeblogg.nu\/index.php?rest_route=%2Fwp%2Fv2%2Fcategories&post=6016"},{"taxonomy":"post_tag","embeddable":true,"href":"http:\/\/www.filindeblogg.nu\/index.php?rest_route=%2Fwp%2Fv2%2Ftags&post=6016"}],"curies":[{"name":"wp","href":"https:\/\/api.w.org\/{rel}","templated":true}]}}