{"id":60128,"date":"2014-10-21T12:32:37","date_gmt":"2014-10-21T11:32:37","guid":{"rendered":"http:\/\/www.filindeblogg.nu\/?p=60128"},"modified":"2014-10-21T12:32:37","modified_gmt":"2014-10-21T11:32:37","slug":"politiska-klipp","status":"publish","type":"post","link":"http:\/\/www.filindeblogg.nu\/?p=60128","title":{"rendered":"Politiska klipp"},"content":{"rendered":"<p><img loading=\"lazy\" class=\"alignnone size-full wp-image-60129\" src=\"http:\/\/www.filindeblogg.nu\/wp-content\/uploads\/2014\/10\/R\u00f6dgr\u00f6nt.jpg\" alt=\"R\u00f6dgr\u00f6nt\" width=\"88\" height=\"104\" \/> Bloggaren tillh\u00f6r dem som k\u00e4nner stor gl\u00e4dje \u00f6ver den f\u00f6r\u00e4ndring som sker politiskt! Pl\u00f6tsligt finns det omtanke om m\u00e4nniskan! Och om milj\u00f6n! Vilket politiskt klipp vi gjort!<br \/>\nHar vi blivit grundlurade under de senaste \u00e5tta \u00e5ren? N\u00e5gon slog bl\u00e5 dunster i \u00f6gonen p\u00e5 oss s\u00e5 vi trodde att allt detta inte var m\u00f6jligt:<\/p>\n<p><strong>&#8211; Sjukf\u00f6rs\u00e4kring som inte pl\u00f6tsligt tar slut trots att man fortfarande \u00e4r sjuk f\u00f6r att<br \/>\n&#8221;- Dina sjukf\u00f6rs\u00e4kringsdagar \u00e4r slut!&#8221;. !!?? <\/strong><br \/>\n<strong>&#8211; Satsningar i skolan &#8211; bland annat vad g\u00e4ller barn med s\u00e4rskilt behov av st\u00f6d &#8211; med en ung l\u00e4rare vid rodret som utbildningsminister- Gustav Fridolin! <\/strong><br \/>\n<strong>&#8211; M\u00e5ngmiljonsatsning p\u00e5 f\u00f6rlossningsv\u00e5rden!<\/strong><br \/>\n<strong>&#8211; En tredje pappam\u00e5nad! <\/strong><br \/>\n<strong>&#8211; Fritt intr\u00e4de till museer! <\/strong><br \/>\n<strong>&#8211; Satsningar p\u00e5 j\u00e4rnv\u00e4gar i st\u00e4llet f\u00f6r biltrafik!<\/strong><\/p>\n<p><img loading=\"lazy\" class=\"alignnone  wp-image-60130\" src=\"http:\/\/www.filindeblogg.nu\/wp-content\/uploads\/2014\/10\/Bitter-moderat.jpg\" alt=\"Bitter moderat\" width=\"96\" height=\"96\" \/>Samtidigt h\u00f6r man bara gn\u00e4ll och sk\u00e4ll fr\u00e5n bittra moderater och alliansfolk. <img loading=\"lazy\" class=\"alignnone size-full wp-image-60131\" src=\"http:\/\/www.filindeblogg.nu\/wp-content\/uploads\/2014\/10\/Sur-min.jpg\" alt=\"Sur min\" width=\"124\" height=\"60\" \/><br \/>\nVarf\u00f6r d\u00e5? Var ska man b\u00f6rja i ett samh\u00e4lle om inte med m\u00e4nniskan? Hur bygger man upp v\u00e4lf\u00e4rd om inte med trygga m\u00e4nniskor &#8211; och trygghet och v\u00e4lf\u00e4rd inte bara f\u00f6r en del!<\/p>\n<p><strong>Fastighetstidningen<\/strong> skriver s\u00e5 h\u00e4r: <img loading=\"lazy\" class=\"alignnone size-medium wp-image-60132\" src=\"http:\/\/www.filindeblogg.nu\/wp-content\/uploads\/2014\/10\/0039-300x116.jpg\" alt=\"003\" width=\"300\" height=\"116\" srcset=\"http:\/\/www.filindeblogg.nu\/wp-content\/uploads\/2014\/10\/0039-300x116.jpg 300w, http:\/\/www.filindeblogg.nu\/wp-content\/uploads\/2014\/10\/0039.jpg 575w\" sizes=\"(max-width: 300px) 100vw, 300px\" \/> Sj\u00e4lvklart &#8211; fler bost\u00e4der! Hyresr\u00e4tter f\u00f6r unga m\u00e4nniskor och de som inte kan sl\u00e4nga upp ett par miljoner f\u00f6r ett bostadskontrakt! De personerna \u00e4r m\u00e5nga!<\/p>\n<p>Det finns mycket mer som kan g\u00f6ras f\u00f6rst\u00e5s. Bloggaren s\u00e5g ett mycket bra inl\u00e4gg i g\u00e5rdagens <strong>Metro<\/strong>: <img loading=\"lazy\" class=\"alignnone size-medium wp-image-60133\" src=\"http:\/\/www.filindeblogg.nu\/wp-content\/uploads\/2014\/10\/0055-300x195.jpg\" alt=\"005\" width=\"300\" height=\"195\" srcset=\"http:\/\/www.filindeblogg.nu\/wp-content\/uploads\/2014\/10\/0055-300x195.jpg 300w, http:\/\/www.filindeblogg.nu\/wp-content\/uploads\/2014\/10\/0055.jpg 600w\" sizes=\"(max-width: 300px) 100vw, 300px\" \/><\/p>\n<p><strong>Jack Werner<\/strong> avslutar sin artikel s\u00e5 h\u00e4r. <img loading=\"lazy\" class=\"alignnone size-medium wp-image-60134\" src=\"http:\/\/www.filindeblogg.nu\/wp-content\/uploads\/2014\/10\/0064-300x191.jpg\" alt=\"006\" width=\"300\" height=\"191\" srcset=\"http:\/\/www.filindeblogg.nu\/wp-content\/uploads\/2014\/10\/0064-300x191.jpg 300w, http:\/\/www.filindeblogg.nu\/wp-content\/uploads\/2014\/10\/0064.jpg 600w\" sizes=\"(max-width: 300px) 100vw, 300px\" \/> Mycket t\u00e4nkv\u00e4rt och skr\u00e4mmande. Det handlar om makt och j\u00e4mst\u00e4lldhet, feminism om ni vill!<br \/>\n<a href=\"http:\/\/www.metro.se\/jacks-internet\/den-enkla-fragan-som-visar-varfor-du-borde-vara-feminist\/EVHnjp!IyXKUXjS01QB\/\" target=\"_blank\"><strong>H\u00c4R<\/strong><\/a> i Metro kan du l\u00e4sa artikeln p\u00e5 n\u00e4tet. <img loading=\"lazy\" class=\"alignnone size-full wp-image-60135\" src=\"http:\/\/www.filindeblogg.nu\/wp-content\/uploads\/2014\/10\/R\u00e4dd-kvinna.jpg\" alt=\"R\u00e4dd kvinna\" width=\"150\" height=\"105\" \/><\/p>\n<p>Media skriver som de vill och ibland undrar man vem som best\u00e4mmer vad vi ska tycka \u00e4r viktigt? Det h\u00e4r klippet \u00e4r fr\u00e5n s\u00f6ndagens <strong>DN<\/strong>: <img loading=\"lazy\" class=\"alignnone size-medium wp-image-60136\" src=\"http:\/\/www.filindeblogg.nu\/wp-content\/uploads\/2014\/10\/0015-300x250.jpg\" alt=\"001\" width=\"300\" height=\"250\" srcset=\"http:\/\/www.filindeblogg.nu\/wp-content\/uploads\/2014\/10\/0015-300x250.jpg 300w, http:\/\/www.filindeblogg.nu\/wp-content\/uploads\/2014\/10\/0015.jpg 507w\" sizes=\"(max-width: 300px) 100vw, 300px\" \/><\/p>\n<p><img loading=\"lazy\" class=\"alignnone size-full wp-image-60121\" src=\"http:\/\/www.filindeblogg.nu\/wp-content\/uploads\/2014\/10\/Tr\u00f6tt3.jpg\" alt=\"Tr\u00f6tt\" width=\"61\" height=\"132\" \/>F\u00f6r \u00f6vrigt \u00e4r bloggaren fortfarande h\u00e4ngig och tr\u00f6tt. <img loading=\"lazy\" class=\"alignnone size-full wp-image-60137\" src=\"http:\/\/www.filindeblogg.nu\/wp-content\/uploads\/2014\/10\/Tr\u00f6ttare4.jpg\" alt=\"Tr\u00f6ttare\" width=\"122\" height=\"110\" \/><\/p>\n<p>&nbsp;<\/p>\n","protected":false},"excerpt":{"rendered":"<p>Bloggaren tillh\u00f6r dem som k\u00e4nner stor gl\u00e4dje \u00f6ver den f\u00f6r\u00e4ndring som sker politiskt! Pl\u00f6tsligt finns det omtanke om m\u00e4nniskan! Och om milj\u00f6n! Vilket politiskt klipp vi gjort! Har vi blivit grundlurade under de senaste \u00e5tta \u00e5ren? N\u00e5gon slog bl\u00e5 dunster i \u00f6gonen p\u00e5 oss s\u00e5 vi trodde att allt detta inte var m\u00f6jligt: &#8211; Sjukf\u00f6rs\u00e4kring [&hellip;]<\/p>\n","protected":false},"author":1,"featured_media":0,"comment_status":"open","ping_status":"open","sticky":false,"template":"","format":"standard","meta":[],"categories":[156,121,100,122,160,119,151,110,101],"tags":[],"_links":{"self":[{"href":"http:\/\/www.filindeblogg.nu\/index.php?rest_route=\/wp\/v2\/posts\/60128"}],"collection":[{"href":"http:\/\/www.filindeblogg.nu\/index.php?rest_route=\/wp\/v2\/posts"}],"about":[{"href":"http:\/\/www.filindeblogg.nu\/index.php?rest_route=\/wp\/v2\/types\/post"}],"author":[{"embeddable":true,"href":"http:\/\/www.filindeblogg.nu\/index.php?rest_route=\/wp\/v2\/users\/1"}],"replies":[{"embeddable":true,"href":"http:\/\/www.filindeblogg.nu\/index.php?rest_route=%2Fwp%2Fv2%2Fcomments&post=60128"}],"version-history":[{"count":3,"href":"http:\/\/www.filindeblogg.nu\/index.php?rest_route=\/wp\/v2\/posts\/60128\/revisions"}],"predecessor-version":[{"id":60140,"href":"http:\/\/www.filindeblogg.nu\/index.php?rest_route=\/wp\/v2\/posts\/60128\/revisions\/60140"}],"wp:attachment":[{"href":"http:\/\/www.filindeblogg.nu\/index.php?rest_route=%2Fwp%2Fv2%2Fmedia&parent=60128"}],"wp:term":[{"taxonomy":"category","embeddable":true,"href":"http:\/\/www.filindeblogg.nu\/index.php?rest_route=%2Fwp%2Fv2%2Fcategories&post=60128"},{"taxonomy":"post_tag","embeddable":true,"href":"http:\/\/www.filindeblogg.nu\/index.php?rest_route=%2Fwp%2Fv2%2Ftags&post=60128"}],"curies":[{"name":"wp","href":"https:\/\/api.w.org\/{rel}","templated":true}]}}