{"id":60102,"date":"2014-10-19T11:05:04","date_gmt":"2014-10-19T10:05:04","guid":{"rendered":"http:\/\/www.filindeblogg.nu\/?p=60102"},"modified":"2014-10-19T11:05:04","modified_gmt":"2014-10-19T10:05:04","slug":"sondag-med-konst","status":"publish","type":"post","link":"http:\/\/www.filindeblogg.nu\/?p=60102","title":{"rendered":"S\u00f6ndag med konst"},"content":{"rendered":"<p><img loading=\"lazy\" class=\"alignnone  wp-image-60103\" src=\"http:\/\/www.filindeblogg.nu\/wp-content\/uploads\/2014\/10\/0014-300x225.jpg\" alt=\"001\" width=\"215\" height=\"161\" srcset=\"http:\/\/www.filindeblogg.nu\/wp-content\/uploads\/2014\/10\/0014-300x225.jpg 300w, http:\/\/www.filindeblogg.nu\/wp-content\/uploads\/2014\/10\/0014.jpg 600w\" sizes=\"(max-width: 215px) 100vw, 215px\" \/> G\u00e5rdagen tedde sig s\u00e5 h\u00e4r fin i <strong>Arboga<\/strong>.<br \/>\nD\u00e5 k\u00e4ndes det trevligt med en promenad till biblioteket och konstutst\u00e4llningen d\u00e4r som hade vernissage. <img loading=\"lazy\" class=\"alignnone size-full wp-image-60104\" src=\"http:\/\/www.filindeblogg.nu\/wp-content\/uploads\/2014\/10\/T\u00e5ng-Ingrid-Larsson-2001.jpg\" alt=\"T\u00e5ng Ingrid Larsson 200\" width=\"200\" height=\"119\" \/> <strong>T\u00e5ng Ingrid Larsson<\/strong>s son <strong>Gert<\/strong> har tillsammans med konstn\u00e4ren <strong>G\u00f6sta Berg<\/strong> ordnat s\u00e5 att den duktiga konstn\u00e4rinnans fantastiska verk \u00e4ntligen visas upp.<\/p>\n<p>Bloggaren var en av de f\u00f6rsta p\u00e5 plats och blev sannerligen inte besviken.<\/p>\n<p><img loading=\"lazy\" class=\"size-medium wp-image-60105 aligncenter\" src=\"http:\/\/www.filindeblogg.nu\/wp-content\/uploads\/2014\/10\/0038-300x225.jpg\" alt=\"003\" width=\"300\" height=\"225\" srcset=\"http:\/\/www.filindeblogg.nu\/wp-content\/uploads\/2014\/10\/0038-300x225.jpg 300w, http:\/\/www.filindeblogg.nu\/wp-content\/uploads\/2014\/10\/0038.jpg 600w\" sizes=\"(max-width: 300px) 100vw, 300px\" \/><br \/>\n<img loading=\"lazy\" class=\"alignnone  wp-image-60106\" src=\"http:\/\/www.filindeblogg.nu\/wp-content\/uploads\/2014\/10\/0063-300x225.jpg\" alt=\"006\" width=\"193\" height=\"145\" srcset=\"http:\/\/www.filindeblogg.nu\/wp-content\/uploads\/2014\/10\/0063-300x225.jpg 300w, http:\/\/www.filindeblogg.nu\/wp-content\/uploads\/2014\/10\/0063.jpg 600w\" sizes=\"(max-width: 193px) 100vw, 193px\" \/> Gert och G\u00f6sta inledde utst\u00e4llningen med att ber\u00e4tta lite om konstn\u00e4rinnan. <img loading=\"lazy\" class=\"alignnone size-medium wp-image-60107\" src=\"http:\/\/www.filindeblogg.nu\/wp-content\/uploads\/2014\/10\/0096-300x225.jpg\" alt=\"009\" width=\"300\" height=\"225\" srcset=\"http:\/\/www.filindeblogg.nu\/wp-content\/uploads\/2014\/10\/0096-300x225.jpg 300w, http:\/\/www.filindeblogg.nu\/wp-content\/uploads\/2014\/10\/0096.jpg 600w\" sizes=\"(max-width: 300px) 100vw, 300px\" \/> T\u00e5ng Ingrid Larsson var en skolad konstn\u00e4r och om det vittnar skisser och teckningar fr\u00e5n sent 1930-tal och fram\u00e5t. <img loading=\"lazy\" class=\"alignnone  wp-image-60108\" src=\"http:\/\/www.filindeblogg.nu\/wp-content\/uploads\/2014\/10\/0142-225x300.jpg\" alt=\"014\" width=\"155\" height=\"207\" srcset=\"http:\/\/www.filindeblogg.nu\/wp-content\/uploads\/2014\/10\/0142-225x300.jpg 225w, http:\/\/www.filindeblogg.nu\/wp-content\/uploads\/2014\/10\/0142.jpg 450w\" sizes=\"(max-width: 155px) 100vw, 155px\" \/> Hennes k\u00e4nsla f\u00f6r f\u00e4rger och skuggor var fantastisk. Som h\u00e4r i en av m\u00e5lningarna fr\u00e5n fj\u00e4llv\u00e4rlden. <img loading=\"lazy\" class=\"alignnone size-medium wp-image-60109\" src=\"http:\/\/www.filindeblogg.nu\/wp-content\/uploads\/2014\/10\/0132-300x271.jpg\" alt=\"013\" width=\"300\" height=\"271\" srcset=\"http:\/\/www.filindeblogg.nu\/wp-content\/uploads\/2014\/10\/0132-300x271.jpg 300w, http:\/\/www.filindeblogg.nu\/wp-content\/uploads\/2014\/10\/0132.jpg 497w\" sizes=\"(max-width: 300px) 100vw, 300px\" \/> Man ser verkligen hur vattnet forsar &#8211; och som G\u00f6sta Berg sa:<em> &#8211; Man kan n\u00e4stan f\u00f6rv\u00e4nta sig \u00f6versv\u00e4mning i konstsalen<\/em>.<\/p>\n<p><strong>Sverige<\/strong> men ocks\u00e5 <strong>Norge<\/strong> och <strong>Frankrike<\/strong> var platser som T\u00e5ng Ingrid Larsson bes\u00f6kte och m\u00e5lade av. H\u00e4r <strong>R\u00f6ros<\/strong> i Norge: <img loading=\"lazy\" class=\"alignnone  wp-image-60110\" src=\"http:\/\/www.filindeblogg.nu\/wp-content\/uploads\/2014\/10\/0054-300x241.jpg\" alt=\"005\" width=\"235\" height=\"189\" srcset=\"http:\/\/www.filindeblogg.nu\/wp-content\/uploads\/2014\/10\/0054-300x241.jpg 300w, http:\/\/www.filindeblogg.nu\/wp-content\/uploads\/2014\/10\/0054.jpg 480w\" sizes=\"(max-width: 235px) 100vw, 235px\" \/><\/p>\n<p>Sonen Gert ber\u00e4ttade om hur han f\u00f6ljde med sin mor p\u00e5 resorna och tr\u00e4ngdes med staffli och penslar i den lilla folkvagnen. H\u00e4r ett portr\u00e4tt p\u00e5 sonen Gert. <img loading=\"lazy\" class=\"alignnone size-medium wp-image-60111\" src=\"http:\/\/www.filindeblogg.nu\/wp-content\/uploads\/2014\/10\/0126-206x300.jpg\" alt=\"012\" width=\"206\" height=\"300\" srcset=\"http:\/\/www.filindeblogg.nu\/wp-content\/uploads\/2014\/10\/0126-206x300.jpg 206w, http:\/\/www.filindeblogg.nu\/wp-content\/uploads\/2014\/10\/0126.jpg 412w\" sizes=\"(max-width: 206px) 100vw, 206px\" \/> Om bloggaren inte minns fel s\u00e5 ber\u00e4ttades att det \u00e4r Gerts mormor som avportr\u00e4tterats till v\u00e4nster i bild.<\/p>\n<p><img loading=\"lazy\" class=\"alignnone  wp-image-60113\" src=\"http:\/\/www.filindeblogg.nu\/wp-content\/uploads\/2014\/10\/0154-300x225.jpg\" alt=\"015\" width=\"217\" height=\"163\" srcset=\"http:\/\/www.filindeblogg.nu\/wp-content\/uploads\/2014\/10\/0154-300x225.jpg 300w, http:\/\/www.filindeblogg.nu\/wp-content\/uploads\/2014\/10\/0154.jpg 600w\" sizes=\"(max-width: 217px) 100vw, 217px\" \/> Bes\u00f6k g\u00e4rna utst\u00e4llningen! Den p\u00e5g\u00e5r t.o.m. onsdagen den 29 oktober. \u00d6ppettider \u00e4r m\u00e5ndag-torsdag 17-19 och fredag 17-18. <img loading=\"lazy\" class=\"alignnone  wp-image-60112\" src=\"http:\/\/www.filindeblogg.nu\/wp-content\/uploads\/2014\/10\/T\u00e5ng-Ingrid-Larsson-sj\u00e4lvportr\u00e4tt-som-ung-222x300.jpg\" alt=\"T\u00e5ng Ingrid Larsson sj\u00e4lvportr\u00e4tt som ung\" width=\"171\" height=\"231\" srcset=\"http:\/\/www.filindeblogg.nu\/wp-content\/uploads\/2014\/10\/T\u00e5ng-Ingrid-Larsson-sj\u00e4lvportr\u00e4tt-som-ung-222x300.jpg 222w, http:\/\/www.filindeblogg.nu\/wp-content\/uploads\/2014\/10\/T\u00e5ng-Ingrid-Larsson-sj\u00e4lvportr\u00e4tt-som-ung.jpg 435w\" sizes=\"(max-width: 171px) 100vw, 171px\" \/> Sj\u00e4lvportr\u00e4tt av T\u00e5ng Ingrid Larsson som ung.<\/p>\n<p><img loading=\"lazy\" class=\"aligncenter size-medium wp-image-60114\" src=\"http:\/\/www.filindeblogg.nu\/wp-content\/uploads\/2014\/10\/0231-300x225.jpg\" alt=\"023\" width=\"300\" height=\"225\" srcset=\"http:\/\/www.filindeblogg.nu\/wp-content\/uploads\/2014\/10\/0231-300x225.jpg 300w, http:\/\/www.filindeblogg.nu\/wp-content\/uploads\/2014\/10\/0231.jpg 600w\" sizes=\"(max-width: 300px) 100vw, 300px\" \/><\/p>\n<p>Ruggig h\u00f6stdag k\u00e4nns det som idag. Bloggaren fyller p\u00e5 fr\u00f6automater till sm\u00e5f\u00e5glarna och de \u00e4ter glupskt. <img loading=\"lazy\" class=\"alignnone  wp-image-60115\" src=\"http:\/\/www.filindeblogg.nu\/wp-content\/uploads\/2014\/10\/0282-300x225.jpg\" alt=\"028\" width=\"208\" height=\"156\" srcset=\"http:\/\/www.filindeblogg.nu\/wp-content\/uploads\/2014\/10\/0282-300x225.jpg 300w, http:\/\/www.filindeblogg.nu\/wp-content\/uploads\/2014\/10\/0282.jpg 600w\" sizes=\"(max-width: 208px) 100vw, 208px\" \/><\/p>\n<p>\u00c4n har inte frosten slagit till med kraft utan det blommar och v\u00e4xer i balkongl\u00e5dan. H\u00e4rligt. Njut s\u00f6ndagen.<\/p>\n<p><img loading=\"lazy\" class=\"aligncenter size-medium wp-image-60116\" src=\"http:\/\/www.filindeblogg.nu\/wp-content\/uploads\/2014\/10\/0222-225x300.jpg\" alt=\"022\" width=\"225\" height=\"300\" srcset=\"http:\/\/www.filindeblogg.nu\/wp-content\/uploads\/2014\/10\/0222-225x300.jpg 225w, http:\/\/www.filindeblogg.nu\/wp-content\/uploads\/2014\/10\/0222.jpg 450w\" sizes=\"(max-width: 225px) 100vw, 225px\" \/><\/p>\n<p>&nbsp;<\/p>\n","protected":false},"excerpt":{"rendered":"<p>G\u00e5rdagen tedde sig s\u00e5 h\u00e4r fin i Arboga. D\u00e5 k\u00e4ndes det trevligt med en promenad till biblioteket och konstutst\u00e4llningen d\u00e4r som hade vernissage. T\u00e5ng Ingrid Larssons son Gert har tillsammans med konstn\u00e4ren G\u00f6sta Berg ordnat s\u00e5 att den duktiga konstn\u00e4rinnans fantastiska verk \u00e4ntligen visas upp. Bloggaren var en av de f\u00f6rsta p\u00e5 plats och blev [&hellip;]<\/p>\n","protected":false},"author":1,"featured_media":0,"comment_status":"open","ping_status":"open","sticky":false,"template":"","format":"standard","meta":[],"categories":[127,126,100,145,101],"tags":[],"_links":{"self":[{"href":"http:\/\/www.filindeblogg.nu\/index.php?rest_route=\/wp\/v2\/posts\/60102"}],"collection":[{"href":"http:\/\/www.filindeblogg.nu\/index.php?rest_route=\/wp\/v2\/posts"}],"about":[{"href":"http:\/\/www.filindeblogg.nu\/index.php?rest_route=\/wp\/v2\/types\/post"}],"author":[{"embeddable":true,"href":"http:\/\/www.filindeblogg.nu\/index.php?rest_route=\/wp\/v2\/users\/1"}],"replies":[{"embeddable":true,"href":"http:\/\/www.filindeblogg.nu\/index.php?rest_route=%2Fwp%2Fv2%2Fcomments&post=60102"}],"version-history":[{"count":3,"href":"http:\/\/www.filindeblogg.nu\/index.php?rest_route=\/wp\/v2\/posts\/60102\/revisions"}],"predecessor-version":[{"id":60119,"href":"http:\/\/www.filindeblogg.nu\/index.php?rest_route=\/wp\/v2\/posts\/60102\/revisions\/60119"}],"wp:attachment":[{"href":"http:\/\/www.filindeblogg.nu\/index.php?rest_route=%2Fwp%2Fv2%2Fmedia&parent=60102"}],"wp:term":[{"taxonomy":"category","embeddable":true,"href":"http:\/\/www.filindeblogg.nu\/index.php?rest_route=%2Fwp%2Fv2%2Fcategories&post=60102"},{"taxonomy":"post_tag","embeddable":true,"href":"http:\/\/www.filindeblogg.nu\/index.php?rest_route=%2Fwp%2Fv2%2Ftags&post=60102"}],"curies":[{"name":"wp","href":"https:\/\/api.w.org\/{rel}","templated":true}]}}